

{"id":855,"date":"2020-10-19T11:52:17","date_gmt":"2020-10-19T14:52:17","guid":{"rendered":"https:\/\/www2.energia.coop\/brasil\/biblioteca\/sinergi-cooperativa\/"},"modified":"2023-06-02T10:26:19","modified_gmt":"2023-06-02T13:26:19","slug":"coopsolar","status":"publish","type":"post","link":"https:\/\/www2.energia.coop\/brasil\/mapa-de-iniciativas\/cooperativa\/coopsolar\/","title":{"rendered":"Coopsolar (PB)"},"content":{"rendered":"<p>A Coopsolar foi fundada em 2019, sendo a primeira Cooperativa de Energia Solar do Nordeste do Brasil. Formada na sua maioria por engenheiros, m\u00e9dicos, corretores im\u00f3veis e profissionais liberais com o objetivo da gera\u00e7\u00e3o de energia atrav\u00e9s de fontes renov\u00e1veis com a cooperativa participando da gest\u00e3o e disponibilizando energia aos seus cooperados atrav\u00e9s da gera\u00e7\u00e3o compartilhada.<\/p>\n<p>Constru\u00edda com recursos pr\u00f3prios dos cooperados vision\u00e1rios que apostaram no projeto da gera\u00e7\u00e3o remota de energia renov\u00e1vel atrav\u00e9s da fonte solar e agora est\u00e3o obtendo um excelente resultado. A primeira usina foi conclu\u00edda em meados de 2020 e tem capacidade de gera\u00e7\u00e3o de 75 kWp, com 240 pain\u00e9is solares fotovoltaicos instalados no solo de um terreno localizado em Praia Bela, munic\u00edpio de Pitimb\u00fa \u2013 Para\u00edba.<\/p>\n<p>A Coopsolar tem como objetivo a gera\u00e7\u00e3o de energia limpa e sustent\u00e1vel, atrav\u00e9s de fontes renov\u00e1veis para que n\u00e3o haja emiss\u00e3o de poluentes ou impactos ao meio ambiente. O que se faz necess\u00e1ria, ent\u00e3o, \u00e9 uma mudan\u00e7a na forma com que transformamos a energia encontrada em nossos recursos naturais, para que assim possamos viver de forma mais harm\u00f4nica com nosso planeta.<\/p>\n<p>&nbsp;<\/p>\n<h4>Saiba mais em:<\/h4>\n","protected":false},"excerpt":{"rendered":"<p>A Coopsolar foi fundada em 2019, sendo a primeira Cooperativa de Energia Solar do Nordeste do Brasil. Formada na sua maioria por engenheiros, m\u00e9dicos, corretores im\u00f3veis e profissionais liberais com o objetivo da gera\u00e7\u00e3o de energia atrav\u00e9s de fontes renov\u00e1veis com a cooperativa participando da gest\u00e3o e disponibilizando energia aos seus cooperados atrav\u00e9s da gera\u00e7\u00e3o [&hellip;]<\/p>\n","protected":false},"author":2,"featured_media":857,"comment_status":"open","ping_status":"open","sticky":false,"template":"","format":"standard","meta":{"_acf_changed":false,"footnotes":""},"categories":[10],"tags":[],"class_list":["post-855","post","type-post","status-publish","format-standard","has-post-thumbnail","hentry","category-cooperativa"],"acf":[],"yoast_head":"<!-- This site is optimized with the Yoast SEO plugin v27.4 - https:\/\/yoast.com\/product\/yoast-seo-wordpress\/ -->\n<title>Coopsolar (PB) - Energia Cooperativa<\/title>\n<meta name=\"robots\" content=\"index, follow, max-snippet:-1, max-image-preview:large, max-video-preview:-1\" \/>\n<link rel=\"canonical\" href=\"https:\/\/www2.energia.coop\/brasil\/mapa-de-iniciativas\/cooperativa\/coopsolar\/\" \/>\n<meta property=\"og:locale\" content=\"pt_BR\" \/>\n<meta property=\"og:type\" content=\"article\" \/>\n<meta property=\"og:title\" content=\"Coopsolar (PB) - Energia Cooperativa\" \/>\n<meta property=\"og:description\" content=\"A Coopsolar foi fundada em 2019, sendo a primeira Cooperativa de Energia Solar do Nordeste do Brasil. Formada na sua maioria por engenheiros, m\u00e9dicos, corretores im\u00f3veis e profissionais liberais com o objetivo da gera\u00e7\u00e3o de energia atrav\u00e9s de fontes renov\u00e1veis com a cooperativa participando da gest\u00e3o e disponibilizando energia aos seus cooperados atrav\u00e9s da gera\u00e7\u00e3o [&hellip;]\" \/>\n<meta property=\"og:url\" content=\"https:\/\/www2.energia.coop\/brasil\/mapa-de-iniciativas\/cooperativa\/coopsolar\/\" \/>\n<meta property=\"og:site_name\" content=\"Energia Cooperativa\" \/>\n<meta property=\"article:published_time\" content=\"2020-10-19T14:52:17+00:00\" \/>\n<meta property=\"article:modified_time\" content=\"2023-06-02T13:26:19+00:00\" \/>\n<meta property=\"og:image\" content=\"https:\/\/www2.energia.coop\/brasil\/wp-content\/uploads\/2020\/10\/DJI_1099-Eduardo-Braz-1-scaled.jpg\" \/>\n\t<meta property=\"og:image:width\" content=\"2560\" \/>\n\t<meta property=\"og:image:height\" content=\"1920\" \/>\n\t<meta property=\"og:image:type\" content=\"image\/jpeg\" \/>\n<meta name=\"author\" content=\"energia\" \/>\n<meta name=\"twitter:card\" content=\"summary_large_image\" \/>\n<meta name=\"twitter:label1\" content=\"Escrito por\" \/>\n\t<meta name=\"twitter:data1\" content=\"energia\" \/>\n\t<meta name=\"twitter:label2\" content=\"Est. tempo de leitura\" \/>\n\t<meta name=\"twitter:data2\" content=\"2 minutos\" \/>\n<script type=\"application\/ld+json\" class=\"yoast-schema-graph\">{\"@context\":\"https:\\\/\\\/schema.org\",\"@graph\":[{\"@type\":\"Article\",\"@id\":\"https:\\\/\\\/www2.energia.coop\\\/brasil\\\/mapa-de-iniciativas\\\/cooperativa\\\/coopsolar\\\/#article\",\"isPartOf\":{\"@id\":\"https:\\\/\\\/www2.energia.coop\\\/brasil\\\/mapa-de-iniciativas\\\/cooperativa\\\/coopsolar\\\/\"},\"author\":{\"name\":\"energia\",\"@id\":\"https:\\\/\\\/www2.energia.coop\\\/brasil\\\/#\\\/schema\\\/person\\\/697a7871a4ef9404cd3df0f0d84f2ccd\"},\"headline\":\"Coopsolar (PB)\",\"datePublished\":\"2020-10-19T14:52:17+00:00\",\"dateModified\":\"2023-06-02T13:26:19+00:00\",\"mainEntityOfPage\":{\"@id\":\"https:\\\/\\\/www2.energia.coop\\\/brasil\\\/mapa-de-iniciativas\\\/cooperativa\\\/coopsolar\\\/\"},\"wordCount\":212,\"commentCount\":0,\"image\":{\"@id\":\"https:\\\/\\\/www2.energia.coop\\\/brasil\\\/mapa-de-iniciativas\\\/cooperativa\\\/coopsolar\\\/#primaryimage\"},\"thumbnailUrl\":\"https:\\\/\\\/www2.energia.coop\\\/brasil\\\/wp-content\\\/uploads\\\/2020\\\/10\\\/DJI_1099-Eduardo-Braz-1-scaled.jpg\",\"articleSection\":[\"Cooperativa\"],\"inLanguage\":\"pt-BR\",\"potentialAction\":[{\"@type\":\"CommentAction\",\"name\":\"Comment\",\"target\":[\"https:\\\/\\\/www2.energia.coop\\\/brasil\\\/mapa-de-iniciativas\\\/cooperativa\\\/coopsolar\\\/#respond\"]}]},{\"@type\":\"WebPage\",\"@id\":\"https:\\\/\\\/www2.energia.coop\\\/brasil\\\/mapa-de-iniciativas\\\/cooperativa\\\/coopsolar\\\/\",\"url\":\"https:\\\/\\\/www2.energia.coop\\\/brasil\\\/mapa-de-iniciativas\\\/cooperativa\\\/coopsolar\\\/\",\"name\":\"Coopsolar (PB) - Energia Cooperativa\",\"isPartOf\":{\"@id\":\"https:\\\/\\\/www2.energia.coop\\\/brasil\\\/#website\"},\"primaryImageOfPage\":{\"@id\":\"https:\\\/\\\/www2.energia.coop\\\/brasil\\\/mapa-de-iniciativas\\\/cooperativa\\\/coopsolar\\\/#primaryimage\"},\"image\":{\"@id\":\"https:\\\/\\\/www2.energia.coop\\\/brasil\\\/mapa-de-iniciativas\\\/cooperativa\\\/coopsolar\\\/#primaryimage\"},\"thumbnailUrl\":\"https:\\\/\\\/www2.energia.coop\\\/brasil\\\/wp-content\\\/uploads\\\/2020\\\/10\\\/DJI_1099-Eduardo-Braz-1-scaled.jpg\",\"datePublished\":\"2020-10-19T14:52:17+00:00\",\"dateModified\":\"2023-06-02T13:26:19+00:00\",\"author\":{\"@id\":\"https:\\\/\\\/www2.energia.coop\\\/brasil\\\/#\\\/schema\\\/person\\\/697a7871a4ef9404cd3df0f0d84f2ccd\"},\"inLanguage\":\"pt-BR\",\"potentialAction\":[{\"@type\":\"ReadAction\",\"target\":[\"https:\\\/\\\/www2.energia.coop\\\/brasil\\\/mapa-de-iniciativas\\\/cooperativa\\\/coopsolar\\\/\"]}]},{\"@type\":\"ImageObject\",\"inLanguage\":\"pt-BR\",\"@id\":\"https:\\\/\\\/www2.energia.coop\\\/brasil\\\/mapa-de-iniciativas\\\/cooperativa\\\/coopsolar\\\/#primaryimage\",\"url\":\"https:\\\/\\\/www2.energia.coop\\\/brasil\\\/wp-content\\\/uploads\\\/2020\\\/10\\\/DJI_1099-Eduardo-Braz-1-scaled.jpg\",\"contentUrl\":\"https:\\\/\\\/www2.energia.coop\\\/brasil\\\/wp-content\\\/uploads\\\/2020\\\/10\\\/DJI_1099-Eduardo-Braz-1-scaled.jpg\",\"width\":2560,\"height\":1920,\"caption\":\"DCIM\\\/181MEDIA\\\/DJI_1099.JPG\"},{\"@type\":\"WebSite\",\"@id\":\"https:\\\/\\\/www2.energia.coop\\\/brasil\\\/#website\",\"url\":\"https:\\\/\\\/www2.energia.coop\\\/brasil\\\/\",\"name\":\"Energia Cooperativa\",\"description\":\"\",\"potentialAction\":[{\"@type\":\"SearchAction\",\"target\":{\"@type\":\"EntryPoint\",\"urlTemplate\":\"https:\\\/\\\/www2.energia.coop\\\/brasil\\\/?s={search_term_string}\"},\"query-input\":{\"@type\":\"PropertyValueSpecification\",\"valueRequired\":true,\"valueName\":\"search_term_string\"}}],\"inLanguage\":\"pt-BR\"},{\"@type\":\"Person\",\"@id\":\"https:\\\/\\\/www2.energia.coop\\\/brasil\\\/#\\\/schema\\\/person\\\/697a7871a4ef9404cd3df0f0d84f2ccd\",\"name\":\"energia\",\"image\":{\"@type\":\"ImageObject\",\"inLanguage\":\"pt-BR\",\"@id\":\"https:\\\/\\\/secure.gravatar.com\\\/avatar\\\/1f8d6461d2fb019dc81242feecb0c723ed1144bb91b43857997f664435ea5c52?s=96&d=mm&r=g\",\"url\":\"https:\\\/\\\/secure.gravatar.com\\\/avatar\\\/1f8d6461d2fb019dc81242feecb0c723ed1144bb91b43857997f664435ea5c52?s=96&d=mm&r=g\",\"contentUrl\":\"https:\\\/\\\/secure.gravatar.com\\\/avatar\\\/1f8d6461d2fb019dc81242feecb0c723ed1144bb91b43857997f664435ea5c52?s=96&d=mm&r=g\",\"caption\":\"energia\"},\"url\":\"https:\\\/\\\/www2.energia.coop\\\/brasil\\\/author\\\/energia\\\/\"}]}<\/script>\n<!-- \/ Yoast SEO plugin. -->","yoast_head_json":{"title":"Coopsolar (PB) - Energia Cooperativa","robots":{"index":"index","follow":"follow","max-snippet":"max-snippet:-1","max-image-preview":"max-image-preview:large","max-video-preview":"max-video-preview:-1"},"canonical":"https:\/\/www2.energia.coop\/brasil\/mapa-de-iniciativas\/cooperativa\/coopsolar\/","og_locale":"pt_BR","og_type":"article","og_title":"Coopsolar (PB) - Energia Cooperativa","og_description":"A Coopsolar foi fundada em 2019, sendo a primeira Cooperativa de Energia Solar do Nordeste do Brasil. Formada na sua maioria por engenheiros, m\u00e9dicos, corretores im\u00f3veis e profissionais liberais com o objetivo da gera\u00e7\u00e3o de energia atrav\u00e9s de fontes renov\u00e1veis com a cooperativa participando da gest\u00e3o e disponibilizando energia aos seus cooperados atrav\u00e9s da gera\u00e7\u00e3o [&hellip;]","og_url":"https:\/\/www2.energia.coop\/brasil\/mapa-de-iniciativas\/cooperativa\/coopsolar\/","og_site_name":"Energia Cooperativa","article_published_time":"2020-10-19T14:52:17+00:00","article_modified_time":"2023-06-02T13:26:19+00:00","og_image":[{"width":2560,"height":1920,"url":"https:\/\/www2.energia.coop\/brasil\/wp-content\/uploads\/2020\/10\/DJI_1099-Eduardo-Braz-1-scaled.jpg","type":"image\/jpeg"}],"author":"energia","twitter_card":"summary_large_image","twitter_misc":{"Escrito por":"energia","Est. tempo de leitura":"2 minutos"},"schema":{"@context":"https:\/\/schema.org","@graph":[{"@type":"Article","@id":"https:\/\/www2.energia.coop\/brasil\/mapa-de-iniciativas\/cooperativa\/coopsolar\/#article","isPartOf":{"@id":"https:\/\/www2.energia.coop\/brasil\/mapa-de-iniciativas\/cooperativa\/coopsolar\/"},"author":{"name":"energia","@id":"https:\/\/www2.energia.coop\/brasil\/#\/schema\/person\/697a7871a4ef9404cd3df0f0d84f2ccd"},"headline":"Coopsolar (PB)","datePublished":"2020-10-19T14:52:17+00:00","dateModified":"2023-06-02T13:26:19+00:00","mainEntityOfPage":{"@id":"https:\/\/www2.energia.coop\/brasil\/mapa-de-iniciativas\/cooperativa\/coopsolar\/"},"wordCount":212,"commentCount":0,"image":{"@id":"https:\/\/www2.energia.coop\/brasil\/mapa-de-iniciativas\/cooperativa\/coopsolar\/#primaryimage"},"thumbnailUrl":"https:\/\/www2.energia.coop\/brasil\/wp-content\/uploads\/2020\/10\/DJI_1099-Eduardo-Braz-1-scaled.jpg","articleSection":["Cooperativa"],"inLanguage":"pt-BR","potentialAction":[{"@type":"CommentAction","name":"Comment","target":["https:\/\/www2.energia.coop\/brasil\/mapa-de-iniciativas\/cooperativa\/coopsolar\/#respond"]}]},{"@type":"WebPage","@id":"https:\/\/www2.energia.coop\/brasil\/mapa-de-iniciativas\/cooperativa\/coopsolar\/","url":"https:\/\/www2.energia.coop\/brasil\/mapa-de-iniciativas\/cooperativa\/coopsolar\/","name":"Coopsolar (PB) - Energia Cooperativa","isPartOf":{"@id":"https:\/\/www2.energia.coop\/brasil\/#website"},"primaryImageOfPage":{"@id":"https:\/\/www2.energia.coop\/brasil\/mapa-de-iniciativas\/cooperativa\/coopsolar\/#primaryimage"},"image":{"@id":"https:\/\/www2.energia.coop\/brasil\/mapa-de-iniciativas\/cooperativa\/coopsolar\/#primaryimage"},"thumbnailUrl":"https:\/\/www2.energia.coop\/brasil\/wp-content\/uploads\/2020\/10\/DJI_1099-Eduardo-Braz-1-scaled.jpg","datePublished":"2020-10-19T14:52:17+00:00","dateModified":"2023-06-02T13:26:19+00:00","author":{"@id":"https:\/\/www2.energia.coop\/brasil\/#\/schema\/person\/697a7871a4ef9404cd3df0f0d84f2ccd"},"inLanguage":"pt-BR","potentialAction":[{"@type":"ReadAction","target":["https:\/\/www2.energia.coop\/brasil\/mapa-de-iniciativas\/cooperativa\/coopsolar\/"]}]},{"@type":"ImageObject","inLanguage":"pt-BR","@id":"https:\/\/www2.energia.coop\/brasil\/mapa-de-iniciativas\/cooperativa\/coopsolar\/#primaryimage","url":"https:\/\/www2.energia.coop\/brasil\/wp-content\/uploads\/2020\/10\/DJI_1099-Eduardo-Braz-1-scaled.jpg","contentUrl":"https:\/\/www2.energia.coop\/brasil\/wp-content\/uploads\/2020\/10\/DJI_1099-Eduardo-Braz-1-scaled.jpg","width":2560,"height":1920,"caption":"DCIM\/181MEDIA\/DJI_1099.JPG"},{"@type":"WebSite","@id":"https:\/\/www2.energia.coop\/brasil\/#website","url":"https:\/\/www2.energia.coop\/brasil\/","name":"Energia Cooperativa","description":"","potentialAction":[{"@type":"SearchAction","target":{"@type":"EntryPoint","urlTemplate":"https:\/\/www2.energia.coop\/brasil\/?s={search_term_string}"},"query-input":{"@type":"PropertyValueSpecification","valueRequired":true,"valueName":"search_term_string"}}],"inLanguage":"pt-BR"},{"@type":"Person","@id":"https:\/\/www2.energia.coop\/brasil\/#\/schema\/person\/697a7871a4ef9404cd3df0f0d84f2ccd","name":"energia","image":{"@type":"ImageObject","inLanguage":"pt-BR","@id":"https:\/\/secure.gravatar.com\/avatar\/1f8d6461d2fb019dc81242feecb0c723ed1144bb91b43857997f664435ea5c52?s=96&d=mm&r=g","url":"https:\/\/secure.gravatar.com\/avatar\/1f8d6461d2fb019dc81242feecb0c723ed1144bb91b43857997f664435ea5c52?s=96&d=mm&r=g","contentUrl":"https:\/\/secure.gravatar.com\/avatar\/1f8d6461d2fb019dc81242feecb0c723ed1144bb91b43857997f664435ea5c52?s=96&d=mm&r=g","caption":"energia"},"url":"https:\/\/www2.energia.coop\/brasil\/author\/energia\/"}]}},"_links":{"self":[{"href":"https:\/\/www2.energia.coop\/brasil\/wp-json\/wp\/v2\/posts\/855","targetHints":{"allow":["GET"]}}],"collection":[{"href":"https:\/\/www2.energia.coop\/brasil\/wp-json\/wp\/v2\/posts"}],"about":[{"href":"https:\/\/www2.energia.coop\/brasil\/wp-json\/wp\/v2\/types\/post"}],"author":[{"embeddable":true,"href":"https:\/\/www2.energia.coop\/brasil\/wp-json\/wp\/v2\/users\/2"}],"replies":[{"embeddable":true,"href":"https:\/\/www2.energia.coop\/brasil\/wp-json\/wp\/v2\/comments?post=855"}],"version-history":[{"count":0,"href":"https:\/\/www2.energia.coop\/brasil\/wp-json\/wp\/v2\/posts\/855\/revisions"}],"wp:featuredmedia":[{"embeddable":true,"href":"https:\/\/www2.energia.coop\/brasil\/wp-json\/wp\/v2\/media\/857"}],"wp:attachment":[{"href":"https:\/\/www2.energia.coop\/brasil\/wp-json\/wp\/v2\/media?parent=855"}],"wp:term":[{"taxonomy":"category","embeddable":true,"href":"https:\/\/www2.energia.coop\/brasil\/wp-json\/wp\/v2\/categories?post=855"},{"taxonomy":"post_tag","embeddable":true,"href":"https:\/\/www2.energia.coop\/brasil\/wp-json\/wp\/v2\/tags?post=855"}],"curies":[{"name":"wp","href":"https:\/\/api.w.org\/{rel}","templated":true}]}}