

{"id":336,"date":"2020-09-03T18:51:50","date_gmt":"2020-09-03T21:51:50","guid":{"rendered":"https:\/\/www2.energia.coop\/brasil\/biblioteca\/lorem-ipsum-dolor-sit-12\/"},"modified":"2023-05-25T15:28:05","modified_gmt":"2023-05-25T18:28:05","slug":"cooperativa-brasileira-de-energia-renovavel-coober","status":"publish","type":"post","link":"https:\/\/www2.energia.coop\/brasil\/mapa-de-iniciativas\/cooperativa\/cooperativa-brasileira-de-energia-renovavel-coober\/","title":{"rendered":"Coober"},"content":{"rendered":"<p>A primeira cooperativa de gera\u00e7\u00e3o distribu\u00edda compartilhada do Brasil se formou em fevereiro de 2016 em Paragominas, no Par\u00e1. A Cooperativa Brasileira de Energia Renov\u00e1vel (Coober) foi formada por um grupo de 23 amigos que se reuniram com o objetivo em comum de gerar sua pr\u00f3pria energia por meio de pain\u00e9is solares no modelo de gera\u00e7\u00e3o de energia compartilhada.<\/p>\n<p>A usina tem capacidade de gera\u00e7\u00e3o de energia de 75 kWp, contabilizando 288 m\u00f3dulos fotovoltaicos instalados em solo em um terreno cedido pela prefeitura de Paragominas. Toda a eletricidade produzida ali \u00e9 injetada no sistema da Equatorial, a companhia de fornecimento do Par\u00e1, e o resultado \u00e9 rateado entre os cooperados, que recebem desconto em sua conta de energia.\u00a0No grupo de cooperados est\u00e3o professores, profissionais liberais, produtores rurais, m\u00e9dicos, entre outros. A maioria j\u00e1 tinha alguma experi\u00eancia anterior com cooperativismo, o que facilitou o engajamento.<\/p>\n<p>Inspirada nos ODS (Objetivos de Desenvolvimento Sustent\u00e1veis) da ONU, em especial o objetivo 07: \u201cAssegurar o acesso confi\u00e1vel, sustent\u00e1vel, moderno e a pre\u00e7o acess\u00edvel \u00e0 energia para todos\u201d, como pioneira a COOBER superou o desafio de mostrar que \u00e9 poss\u00edvel produzir e consumir energia sustent\u00e1vel de forma colaborativa, reduzindo o custo de mercado e abrindo in\u00fameras possibilidades no mercado de energia distribu\u00edda.<\/p>\n","protected":false},"excerpt":{"rendered":"<p>A primeira cooperativa de gera\u00e7\u00e3o distribu\u00edda compartilhada do Brasil se formou fevereiro de 2016 em Paragominas, no Par\u00e1&#8230;<\/p>\n","protected":false},"author":2,"featured_media":369,"comment_status":"open","ping_status":"open","sticky":false,"template":"","format":"standard","meta":{"_acf_changed":false,"footnotes":""},"categories":[10],"tags":[],"class_list":["post-336","post","type-post","status-publish","format-standard","has-post-thumbnail","hentry","category-cooperativa"],"acf":[],"yoast_head":"<!-- This site is optimized with the Yoast SEO plugin v27.4 - https:\/\/yoast.com\/product\/yoast-seo-wordpress\/ -->\n<title>Coober - Energia Cooperativa<\/title>\n<meta name=\"robots\" content=\"index, follow, max-snippet:-1, max-image-preview:large, max-video-preview:-1\" \/>\n<link rel=\"canonical\" href=\"https:\/\/www2.energia.coop\/brasil\/mapa-de-iniciativas\/cooperativa\/cooperativa-brasileira-de-energia-renovavel-coober\/\" \/>\n<meta property=\"og:locale\" content=\"pt_BR\" \/>\n<meta property=\"og:type\" content=\"article\" \/>\n<meta property=\"og:title\" content=\"Coober - Energia Cooperativa\" \/>\n<meta property=\"og:description\" content=\"A primeira cooperativa de gera\u00e7\u00e3o distribu\u00edda compartilhada do Brasil se formou fevereiro de 2016 em Paragominas, no Par\u00e1...\" \/>\n<meta property=\"og:url\" content=\"https:\/\/www2.energia.coop\/brasil\/mapa-de-iniciativas\/cooperativa\/cooperativa-brasileira-de-energia-renovavel-coober\/\" \/>\n<meta property=\"og:site_name\" content=\"Energia Cooperativa\" \/>\n<meta property=\"article:published_time\" content=\"2020-09-03T21:51:50+00:00\" \/>\n<meta property=\"article:modified_time\" content=\"2023-05-25T18:28:05+00:00\" \/>\n<meta property=\"og:image\" content=\"https:\/\/www2.energia.coop\/brasil\/wp-content\/uploads\/2020\/09\/Coober2.jpg\" \/>\n\t<meta property=\"og:image:width\" content=\"1495\" \/>\n\t<meta property=\"og:image:height\" content=\"679\" \/>\n\t<meta property=\"og:image:type\" content=\"image\/jpeg\" \/>\n<meta name=\"author\" content=\"energia\" \/>\n<meta name=\"twitter:card\" content=\"summary_large_image\" \/>\n<meta name=\"twitter:label1\" content=\"Escrito por\" \/>\n\t<meta name=\"twitter:data1\" content=\"energia\" \/>\n\t<meta name=\"twitter:label2\" content=\"Est. tempo de leitura\" \/>\n\t<meta name=\"twitter:data2\" content=\"2 minutos\" \/>\n<script type=\"application\/ld+json\" class=\"yoast-schema-graph\">{\"@context\":\"https:\\\/\\\/schema.org\",\"@graph\":[{\"@type\":\"Article\",\"@id\":\"https:\\\/\\\/www2.energia.coop\\\/brasil\\\/mapa-de-iniciativas\\\/cooperativa\\\/cooperativa-brasileira-de-energia-renovavel-coober\\\/#article\",\"isPartOf\":{\"@id\":\"https:\\\/\\\/www2.energia.coop\\\/brasil\\\/mapa-de-iniciativas\\\/cooperativa\\\/cooperativa-brasileira-de-energia-renovavel-coober\\\/\"},\"author\":{\"name\":\"energia\",\"@id\":\"https:\\\/\\\/www2.energia.coop\\\/brasil\\\/#\\\/schema\\\/person\\\/697a7871a4ef9404cd3df0f0d84f2ccd\"},\"headline\":\"Coober\",\"datePublished\":\"2020-09-03T21:51:50+00:00\",\"dateModified\":\"2023-05-25T18:28:05+00:00\",\"mainEntityOfPage\":{\"@id\":\"https:\\\/\\\/www2.energia.coop\\\/brasil\\\/mapa-de-iniciativas\\\/cooperativa\\\/cooperativa-brasileira-de-energia-renovavel-coober\\\/\"},\"wordCount\":219,\"commentCount\":0,\"image\":{\"@id\":\"https:\\\/\\\/www2.energia.coop\\\/brasil\\\/mapa-de-iniciativas\\\/cooperativa\\\/cooperativa-brasileira-de-energia-renovavel-coober\\\/#primaryimage\"},\"thumbnailUrl\":\"https:\\\/\\\/www2.energia.coop\\\/brasil\\\/wp-content\\\/uploads\\\/2020\\\/09\\\/Coober2.jpg\",\"articleSection\":[\"Cooperativa\"],\"inLanguage\":\"pt-BR\",\"potentialAction\":[{\"@type\":\"CommentAction\",\"name\":\"Comment\",\"target\":[\"https:\\\/\\\/www2.energia.coop\\\/brasil\\\/mapa-de-iniciativas\\\/cooperativa\\\/cooperativa-brasileira-de-energia-renovavel-coober\\\/#respond\"]}]},{\"@type\":\"WebPage\",\"@id\":\"https:\\\/\\\/www2.energia.coop\\\/brasil\\\/mapa-de-iniciativas\\\/cooperativa\\\/cooperativa-brasileira-de-energia-renovavel-coober\\\/\",\"url\":\"https:\\\/\\\/www2.energia.coop\\\/brasil\\\/mapa-de-iniciativas\\\/cooperativa\\\/cooperativa-brasileira-de-energia-renovavel-coober\\\/\",\"name\":\"Coober - Energia Cooperativa\",\"isPartOf\":{\"@id\":\"https:\\\/\\\/www2.energia.coop\\\/brasil\\\/#website\"},\"primaryImageOfPage\":{\"@id\":\"https:\\\/\\\/www2.energia.coop\\\/brasil\\\/mapa-de-iniciativas\\\/cooperativa\\\/cooperativa-brasileira-de-energia-renovavel-coober\\\/#primaryimage\"},\"image\":{\"@id\":\"https:\\\/\\\/www2.energia.coop\\\/brasil\\\/mapa-de-iniciativas\\\/cooperativa\\\/cooperativa-brasileira-de-energia-renovavel-coober\\\/#primaryimage\"},\"thumbnailUrl\":\"https:\\\/\\\/www2.energia.coop\\\/brasil\\\/wp-content\\\/uploads\\\/2020\\\/09\\\/Coober2.jpg\",\"datePublished\":\"2020-09-03T21:51:50+00:00\",\"dateModified\":\"2023-05-25T18:28:05+00:00\",\"author\":{\"@id\":\"https:\\\/\\\/www2.energia.coop\\\/brasil\\\/#\\\/schema\\\/person\\\/697a7871a4ef9404cd3df0f0d84f2ccd\"},\"inLanguage\":\"pt-BR\",\"potentialAction\":[{\"@type\":\"ReadAction\",\"target\":[\"https:\\\/\\\/www2.energia.coop\\\/brasil\\\/mapa-de-iniciativas\\\/cooperativa\\\/cooperativa-brasileira-de-energia-renovavel-coober\\\/\"]}]},{\"@type\":\"ImageObject\",\"inLanguage\":\"pt-BR\",\"@id\":\"https:\\\/\\\/www2.energia.coop\\\/brasil\\\/mapa-de-iniciativas\\\/cooperativa\\\/cooperativa-brasileira-de-energia-renovavel-coober\\\/#primaryimage\",\"url\":\"https:\\\/\\\/www2.energia.coop\\\/brasil\\\/wp-content\\\/uploads\\\/2020\\\/09\\\/Coober2.jpg\",\"contentUrl\":\"https:\\\/\\\/www2.energia.coop\\\/brasil\\\/wp-content\\\/uploads\\\/2020\\\/09\\\/Coober2.jpg\",\"width\":1495,\"height\":679,\"caption\":\"Foto de todos os membros da Coober\"},{\"@type\":\"WebSite\",\"@id\":\"https:\\\/\\\/www2.energia.coop\\\/brasil\\\/#website\",\"url\":\"https:\\\/\\\/www2.energia.coop\\\/brasil\\\/\",\"name\":\"Energia Cooperativa\",\"description\":\"\",\"potentialAction\":[{\"@type\":\"SearchAction\",\"target\":{\"@type\":\"EntryPoint\",\"urlTemplate\":\"https:\\\/\\\/www2.energia.coop\\\/brasil\\\/?s={search_term_string}\"},\"query-input\":{\"@type\":\"PropertyValueSpecification\",\"valueRequired\":true,\"valueName\":\"search_term_string\"}}],\"inLanguage\":\"pt-BR\"},{\"@type\":\"Person\",\"@id\":\"https:\\\/\\\/www2.energia.coop\\\/brasil\\\/#\\\/schema\\\/person\\\/697a7871a4ef9404cd3df0f0d84f2ccd\",\"name\":\"energia\",\"image\":{\"@type\":\"ImageObject\",\"inLanguage\":\"pt-BR\",\"@id\":\"https:\\\/\\\/secure.gravatar.com\\\/avatar\\\/1f8d6461d2fb019dc81242feecb0c723ed1144bb91b43857997f664435ea5c52?s=96&d=mm&r=g\",\"url\":\"https:\\\/\\\/secure.gravatar.com\\\/avatar\\\/1f8d6461d2fb019dc81242feecb0c723ed1144bb91b43857997f664435ea5c52?s=96&d=mm&r=g\",\"contentUrl\":\"https:\\\/\\\/secure.gravatar.com\\\/avatar\\\/1f8d6461d2fb019dc81242feecb0c723ed1144bb91b43857997f664435ea5c52?s=96&d=mm&r=g\",\"caption\":\"energia\"},\"url\":\"https:\\\/\\\/www2.energia.coop\\\/brasil\\\/author\\\/energia\\\/\"}]}<\/script>\n<!-- \/ Yoast SEO plugin. -->","yoast_head_json":{"title":"Coober - Energia Cooperativa","robots":{"index":"index","follow":"follow","max-snippet":"max-snippet:-1","max-image-preview":"max-image-preview:large","max-video-preview":"max-video-preview:-1"},"canonical":"https:\/\/www2.energia.coop\/brasil\/mapa-de-iniciativas\/cooperativa\/cooperativa-brasileira-de-energia-renovavel-coober\/","og_locale":"pt_BR","og_type":"article","og_title":"Coober - Energia Cooperativa","og_description":"A primeira cooperativa de gera\u00e7\u00e3o distribu\u00edda compartilhada do Brasil se formou fevereiro de 2016 em Paragominas, no Par\u00e1...","og_url":"https:\/\/www2.energia.coop\/brasil\/mapa-de-iniciativas\/cooperativa\/cooperativa-brasileira-de-energia-renovavel-coober\/","og_site_name":"Energia Cooperativa","article_published_time":"2020-09-03T21:51:50+00:00","article_modified_time":"2023-05-25T18:28:05+00:00","og_image":[{"width":1495,"height":679,"url":"https:\/\/www2.energia.coop\/brasil\/wp-content\/uploads\/2020\/09\/Coober2.jpg","type":"image\/jpeg"}],"author":"energia","twitter_card":"summary_large_image","twitter_misc":{"Escrito por":"energia","Est. tempo de leitura":"2 minutos"},"schema":{"@context":"https:\/\/schema.org","@graph":[{"@type":"Article","@id":"https:\/\/www2.energia.coop\/brasil\/mapa-de-iniciativas\/cooperativa\/cooperativa-brasileira-de-energia-renovavel-coober\/#article","isPartOf":{"@id":"https:\/\/www2.energia.coop\/brasil\/mapa-de-iniciativas\/cooperativa\/cooperativa-brasileira-de-energia-renovavel-coober\/"},"author":{"name":"energia","@id":"https:\/\/www2.energia.coop\/brasil\/#\/schema\/person\/697a7871a4ef9404cd3df0f0d84f2ccd"},"headline":"Coober","datePublished":"2020-09-03T21:51:50+00:00","dateModified":"2023-05-25T18:28:05+00:00","mainEntityOfPage":{"@id":"https:\/\/www2.energia.coop\/brasil\/mapa-de-iniciativas\/cooperativa\/cooperativa-brasileira-de-energia-renovavel-coober\/"},"wordCount":219,"commentCount":0,"image":{"@id":"https:\/\/www2.energia.coop\/brasil\/mapa-de-iniciativas\/cooperativa\/cooperativa-brasileira-de-energia-renovavel-coober\/#primaryimage"},"thumbnailUrl":"https:\/\/www2.energia.coop\/brasil\/wp-content\/uploads\/2020\/09\/Coober2.jpg","articleSection":["Cooperativa"],"inLanguage":"pt-BR","potentialAction":[{"@type":"CommentAction","name":"Comment","target":["https:\/\/www2.energia.coop\/brasil\/mapa-de-iniciativas\/cooperativa\/cooperativa-brasileira-de-energia-renovavel-coober\/#respond"]}]},{"@type":"WebPage","@id":"https:\/\/www2.energia.coop\/brasil\/mapa-de-iniciativas\/cooperativa\/cooperativa-brasileira-de-energia-renovavel-coober\/","url":"https:\/\/www2.energia.coop\/brasil\/mapa-de-iniciativas\/cooperativa\/cooperativa-brasileira-de-energia-renovavel-coober\/","name":"Coober - Energia Cooperativa","isPartOf":{"@id":"https:\/\/www2.energia.coop\/brasil\/#website"},"primaryImageOfPage":{"@id":"https:\/\/www2.energia.coop\/brasil\/mapa-de-iniciativas\/cooperativa\/cooperativa-brasileira-de-energia-renovavel-coober\/#primaryimage"},"image":{"@id":"https:\/\/www2.energia.coop\/brasil\/mapa-de-iniciativas\/cooperativa\/cooperativa-brasileira-de-energia-renovavel-coober\/#primaryimage"},"thumbnailUrl":"https:\/\/www2.energia.coop\/brasil\/wp-content\/uploads\/2020\/09\/Coober2.jpg","datePublished":"2020-09-03T21:51:50+00:00","dateModified":"2023-05-25T18:28:05+00:00","author":{"@id":"https:\/\/www2.energia.coop\/brasil\/#\/schema\/person\/697a7871a4ef9404cd3df0f0d84f2ccd"},"inLanguage":"pt-BR","potentialAction":[{"@type":"ReadAction","target":["https:\/\/www2.energia.coop\/brasil\/mapa-de-iniciativas\/cooperativa\/cooperativa-brasileira-de-energia-renovavel-coober\/"]}]},{"@type":"ImageObject","inLanguage":"pt-BR","@id":"https:\/\/www2.energia.coop\/brasil\/mapa-de-iniciativas\/cooperativa\/cooperativa-brasileira-de-energia-renovavel-coober\/#primaryimage","url":"https:\/\/www2.energia.coop\/brasil\/wp-content\/uploads\/2020\/09\/Coober2.jpg","contentUrl":"https:\/\/www2.energia.coop\/brasil\/wp-content\/uploads\/2020\/09\/Coober2.jpg","width":1495,"height":679,"caption":"Foto de todos os membros da Coober"},{"@type":"WebSite","@id":"https:\/\/www2.energia.coop\/brasil\/#website","url":"https:\/\/www2.energia.coop\/brasil\/","name":"Energia Cooperativa","description":"","potentialAction":[{"@type":"SearchAction","target":{"@type":"EntryPoint","urlTemplate":"https:\/\/www2.energia.coop\/brasil\/?s={search_term_string}"},"query-input":{"@type":"PropertyValueSpecification","valueRequired":true,"valueName":"search_term_string"}}],"inLanguage":"pt-BR"},{"@type":"Person","@id":"https:\/\/www2.energia.coop\/brasil\/#\/schema\/person\/697a7871a4ef9404cd3df0f0d84f2ccd","name":"energia","image":{"@type":"ImageObject","inLanguage":"pt-BR","@id":"https:\/\/secure.gravatar.com\/avatar\/1f8d6461d2fb019dc81242feecb0c723ed1144bb91b43857997f664435ea5c52?s=96&d=mm&r=g","url":"https:\/\/secure.gravatar.com\/avatar\/1f8d6461d2fb019dc81242feecb0c723ed1144bb91b43857997f664435ea5c52?s=96&d=mm&r=g","contentUrl":"https:\/\/secure.gravatar.com\/avatar\/1f8d6461d2fb019dc81242feecb0c723ed1144bb91b43857997f664435ea5c52?s=96&d=mm&r=g","caption":"energia"},"url":"https:\/\/www2.energia.coop\/brasil\/author\/energia\/"}]}},"_links":{"self":[{"href":"https:\/\/www2.energia.coop\/brasil\/wp-json\/wp\/v2\/posts\/336","targetHints":{"allow":["GET"]}}],"collection":[{"href":"https:\/\/www2.energia.coop\/brasil\/wp-json\/wp\/v2\/posts"}],"about":[{"href":"https:\/\/www2.energia.coop\/brasil\/wp-json\/wp\/v2\/types\/post"}],"author":[{"embeddable":true,"href":"https:\/\/www2.energia.coop\/brasil\/wp-json\/wp\/v2\/users\/2"}],"replies":[{"embeddable":true,"href":"https:\/\/www2.energia.coop\/brasil\/wp-json\/wp\/v2\/comments?post=336"}],"version-history":[{"count":0,"href":"https:\/\/www2.energia.coop\/brasil\/wp-json\/wp\/v2\/posts\/336\/revisions"}],"wp:featuredmedia":[{"embeddable":true,"href":"https:\/\/www2.energia.coop\/brasil\/wp-json\/wp\/v2\/media\/369"}],"wp:attachment":[{"href":"https:\/\/www2.energia.coop\/brasil\/wp-json\/wp\/v2\/media?parent=336"}],"wp:term":[{"taxonomy":"category","embeddable":true,"href":"https:\/\/www2.energia.coop\/brasil\/wp-json\/wp\/v2\/categories?post=336"},{"taxonomy":"post_tag","embeddable":true,"href":"https:\/\/www2.energia.coop\/brasil\/wp-json\/wp\/v2\/tags?post=336"}],"curies":[{"name":"wp","href":"https:\/\/api.w.org\/{rel}","templated":true}]}}