

{"id":2962,"date":"2024-11-22T14:35:05","date_gmt":"2024-11-22T17:35:05","guid":{"rendered":"https:\/\/www2.energia.coop\/brasil\/?p=2962"},"modified":"2024-11-22T14:44:29","modified_gmt":"2024-11-22T17:44:29","slug":"pesquisa-anual-dgrv-cooperativas-de-energia-na-alemanha","status":"publish","type":"post","link":"https:\/\/www2.energia.coop\/brasil\/blog\/pesquisa-anual-dgrv-cooperativas-de-energia-na-alemanha\/","title":{"rendered":"Pesquisa com cooperativas de energia \u2013 um quadro polarizado"},"content":{"rendered":"<p>O resultado da atual pesquisa da DGRV com as cooperativas de energia mostra panorama diverso. O n\u00famero crescente de novas startups \u00e9 encorajador. No entanto, o foco das novas cooperativas est\u00e1 se desviando da \u00e1rea da produ\u00e7\u00e3o e comercializa\u00e7\u00e3o de eletricidade e indo para a implementa\u00e7\u00e3o e opera\u00e7\u00e3o de redes de aquecimento. Al\u00e9m disso, o clima entre as cooperativas de energia existentes no setor el\u00e9trico deteriorou-se significativamente em compara\u00e7\u00e3o com anos anteriores. No artigo do Escrit\u00f3rio Federal de Cooperativas de Energia, nosso colega Anton Mohr lan\u00e7a luz sobre o cen\u00e1rio atual e traz explica\u00e7\u00f5es para melhor compreens\u00e3o dos n\u00fameros. \ud83d\udc47<\/p>\n<p>19 de setembro de 2024<\/p>\n<p><em>Uma contribui\u00e7\u00e3o <\/em>de Anton Mohr<em>, oficial de projetos do Escrit\u00f3rio Federal de Cooperativas de Energia<\/em><\/p>\n<p>Dependendo da sua perspectiva, o copo est\u00e1 meio vazio ou meio cheio para as cooperativas de energia. Isto \u00e9 o que sugere a pesquisa anual feita com as 951 cooperativas de energia organizadas na DGRV, que, como todos os anos, foi realizada pelo Gabinete Federal das Cooperativas de Energia em 2024. Alguns aguardam com confian\u00e7a o novo exerc\u00edcio financeiro, enquanto outra parte critica as atuais condi\u00e7\u00f5es-quadro e posterga, por ora, novos planos de projetos. As raz\u00f5es e os antecedentes ser\u00e3o examinados com mais detalhes a seguir, para melhor compreens\u00e3o dos n\u00fameros.<\/p>\n<ul>\n<li>\n<h3><strong>Mudan\u00e7a de humor<\/strong><\/h3>\n<\/li>\n<\/ul>\n<p>Com o n\u00famero de 88 funda\u00e7\u00f5es (at\u00e9 31 de dezembro de 2023), mais cooperativas de energia vieram ao mundo no ano passado do que em 10 anos. Um dos motivos \u00e9 certamente o clima positivo que j\u00e1 era percept\u00edvel no ano passado e se refletiu nos novos projetos planejados. Em 2023, 74% das cooperativas de energia afirmaram que estavam planejando novos projetos para o pr\u00f3ximo ano. A coliga\u00e7\u00e3o dos sem\u00e1foros suscitou grandes expectativas, tanto devido a seus objetivos ambiciosos de expans\u00e3o da produ\u00e7\u00e3o de eletricidade renov\u00e1vel, como a seus planos de reforma.<\/p>\n<p>Diversas barreiras para o planejamento e implementa\u00e7\u00e3o de novos projetos dever\u00e3o ser eliminadas no \u00e2mbito de uma estrat\u00e9gia de energia fotovoltaica e e\u00f3lica, na qual tamb\u00e9m cooperativas de energia devem ser apoiadas. Isso deveria incluir exce\u00e7\u00f5es em editais e o programa de financiamento para \u201cempresas cidad\u00e3s de energia\u201d para projetos e\u00f3licos.<\/p>\n<p>Mais de um ano depois, a situa\u00e7\u00e3o parece um pouco diferente: em vez de dois pacotes solares, veio apenas um e a lei sobre a participa\u00e7\u00e3o dos cidad\u00e3os a n\u00edvel federal corre o risco de ficar para tr\u00e1s em rela\u00e7\u00e3o \u00e0s regulamenta\u00e7\u00f5es de cada estado federal. <em>Energy<\/em> <em>Sharing<\/em> (partilha de energia) tamb\u00e9m n\u00e3o foi levada em conta em nenhuma legisla\u00e7\u00e3o proposta at\u00e9 o momento. No Congresso Federal sobre Transi\u00e7\u00e3o Energ\u00e9tica Cooperativa 2024, o Secret\u00e1rio de Estado Dr. Philipp Nimmermann enfatizou ainda mais a import\u00e2ncia das cooperativas energ\u00e9ticas na transi\u00e7\u00e3o t\u00e9rmica. A crescente import\u00e2ncia das redes de aquecimento cooperativas tamb\u00e9m se reflete nos n\u00fameros. E com a lei para o planejamento t\u00e9rmico e a descarboniza\u00e7\u00e3o das redes de calor aprovada em 2023, a transi\u00e7\u00e3o t\u00e9rmica na Alemanha poder\u00e1 ganhar um impulso significativo.<\/p>\n<ul>\n<li>\n<h3><strong>Redes de aquecimento ganham import\u00e2ncia<\/strong><\/h3>\n<\/li>\n<\/ul>\n<p>Das cooperativas de energia existentes, apenas 28% est\u00e3o atualmente ativas no setor do aquecimento, mas o foco das startups est\u00e1 mudando. Metade das cooperativas de energia fundada este ano pretende, especificamente, implementar e operar uma rede de aquecimento. S\u00f3 no terceiro trimestre de 2023 surgiram 28 novas cooperativas de energia, principalmente no setor de fornecimento de calor. Para efeito de compara\u00e7\u00e3o: em todo o ano de 2022 foram fundadas 36 cooperativas de energia. Existe um grande interesse e as redes de aquecimento cooperativas podem ser um elemento importante para a transi\u00e7\u00e3o t\u00e9rmica. As cerca de 250 cooperativas de aquecimento sob a \u00e9gide da DGRV fornecem aos seus cooperados calor regional e limpo.<\/p>\n<p>Mas infelizmente \u00e9 preciso colocar um pouco de \u00e1gua no vinho. Se se pretende explorar ainda mais o grande potencial das cooperativas para a transi\u00e7\u00e3o t\u00e9rmica, s\u00e3o necess\u00e1rias condi\u00e7\u00f5es de enquadramento adequadas e seguran\u00e7a de planejamento. A vantagem financeira e organizacional das cooperativas de aquecimento reside na sua orienta\u00e7\u00e3o para o consumidor e na sua gest\u00e3o volunt\u00e1ria. Ao mesmo tempo, esta \u00e9 tamb\u00e9m a sua desvantagem estrutural. \u00c9, portanto, importante que o financiamento de redes de aquecimento cooperativas seja facilitado e promovido, que os requisitos burocr\u00e1ticos sejam mantidos t\u00e3o reduzidos quanto poss\u00edvel e que as cooperativas sejam envolvidas ou iniciadas no planejamento t\u00e9rmico.<\/p>\n<ul>\n<li>\n<h3><strong>Visibilidade nublada no Lago da Eletricidade<\/strong><\/h3>\n<\/li>\n<\/ul>\n<p>Embora haja um clima positivo no setor do aquecimento, o setor el\u00e9trico pode ser descrito como mais sombrio. Apenas 62% das cooperativas de energia est\u00e3o planejando novos projetos em 2024. Em particular, devido aos novos regulamentos para projetos de energia comunit\u00e1rios na Lei das Energias Renov\u00e1veis, como ligar o financiamento de sistemas de energia e\u00f3lica e solar \u00e0 defini\u00e7\u00e3o de empresas de energia comunit\u00e1rias, ignorando a realidade empresarial de muitas cooperativas de energia. A defini\u00e7\u00e3o recentemente introduzida de empresas cidad\u00e3s de energia n\u00e3o \u00e9 utilizada pelas cooperativas de energia para os seus pr\u00f3prios projetos. Por um lado, isto deve-se \u00e0 concep\u00e7\u00e3o r\u00edgida da defini\u00e7\u00e3o, segundo a qual pelo menos 50 pessoas f\u00edsicas t\u00eam de se reunir, mas n\u00e3o uma grande empresa local. Por outro lado, os benef\u00edcios do cumprimento da defini\u00e7\u00e3o s\u00e3o muito limitados. At\u00e9 recentemente, as taxas de remunera\u00e7\u00e3o estavam desatualizadas e as cooperativas eram exclu\u00eddas de novos projetos no mesmo segmento durante tr\u00eas anos ap\u00f3s a implementa\u00e7\u00e3o de um projeto fora do edital. Al\u00e9m disso, o pacote de crescimento aprovado pelo Gabinete prev\u00ea mais cortes para as cooperativas de energia. A obriga\u00e7\u00e3o de comercializa\u00e7\u00e3o direta \u00e9 reduzida para 25 quilowatts (kW) e em tempos de pre\u00e7os negativos da eletricidade, a eletricidade fornecida deixa de receber qualquer compensa\u00e7\u00e3o.<\/p>\n<p>Em vez da anunciada redu\u00e7\u00e3o da burocracia, surgem novos obst\u00e1culos. J\u00e1 \u00e9 dif\u00edcil, mesmo para sistemas de m\u00e9dio porte, conseguir comercializa\u00e7\u00e3o direta. Para os comerciantes diretos, pequenos sistemas com produ\u00e7\u00e3o de eletricidade relativamente baixa n\u00e3o s\u00e3o economicamente vi\u00e1veis, uma vez que a eletricidade s\u00f3 pode ser oferecida por duas a tr\u00eas vezes a taxa de servi\u00e7o. A perda da remunera\u00e7\u00e3o da cooperativa de energia renov\u00e1vel em caso de pre\u00e7os negativos da eletricidade ter\u00e1 impacto nos custos de financiamento dos projetos el\u00e9tricos. Uma vez que em um projeto n\u00e3o \u00e9 poss\u00edvel prever antecipadamente com que frequ\u00eancia pre\u00e7os negativos da eletricidade ocorrer\u00e3o, a regula\u00e7\u00e3o impede a seguran\u00e7a do planejamento a longo prazo e aumenta significativamente o risco. A crescente incerteza tamb\u00e9m far\u00e1 com que as taxas de juro dos empr\u00e9stimos contra\u00eddos subam. \u00c9 ainda mais importante que impulsos positivos sejam dados novamente.<\/p>\n<ul>\n<li>\n<h3><strong>Compartilhar deveria ser divertido<\/strong><\/h3>\n<\/li>\n<\/ul>\n<p>Os 220 mil cooperados das 951 cooperativas de energia investiram cerca de 3,6 bilh\u00f5es de euros em energias renov\u00e1veis \u200b\u200be em 2023 geraram cerca de oito terawatts-hora de eletricidade limpa. Isto significa que cerca de 3 milh\u00f5es de toneladas de equivalentes de CO\u2082 foram mitigadas no setor el\u00e9trico. Portanto, os investimentos aumentaram em compara\u00e7\u00e3o com o ano anterior, mas a produ\u00e7\u00e3o de eletricidade a partir de sistemas cooperativos quase n\u00e3o se desenvolveu. Um sinal de que algumas cooperativas de energia t\u00eam tido cada vez mais dificuldade em gerir projetos de maior dimens\u00e3o no setor el\u00e9trico.<\/p>\n<p>Embora fa\u00e7a sentido que os pre\u00e7os caiam durante per\u00edodos de excesso de oferta e falta de procura, h\u00e1 falta de incentivo para aumentar o consumo durante estes per\u00edodos. As cooperativas de energia querem fornecer seus sistemas de energia solar a seus cooperados. A \u201cpartilha de energia\u201d poderia ser esse incentivo. O termo \u201cpartilha de energia\u201d significa que os membros de uma comunidade energ\u00e9tica ao mesmo tempo produzem e consomem eletricidade do seu sistema partilhado. Contudo, a partir do momento que a rede el\u00e9trica p\u00fablica \u00e9 utilizada, o fornecimento de eletricidade a partir dos pr\u00f3prios sistemas dos cooperados deixa de ser rent\u00e1vel, uma vez que se aplicam taxas de rede, impostos e outros encargos. Os direitos e obriga\u00e7\u00f5es de um fornecedor de eletricidade tamb\u00e9m devem ser respeitados. Neste caso, do ponto de vista empresarial, o fornecimento direto e local aos cooperados n\u00e3o \u00e9 economicamente vi\u00e1vel. \u00c9, portanto, necess\u00e1rio um sistema de incentivos que promova um mercado regional de eletricidade.<\/p>\n<ul>\n<li>\n<h3><strong>Meio cheio ou meio vazio?<\/strong><\/h3>\n<\/li>\n<\/ul>\n<p>O recorte mais ampliado retratado pela pesquisa deixa claro que o ambiente de mercado e o modelo de neg\u00f3cio das cooperativas de energia se tornaram mais complexos do que nos anos anteriores. As cooperativas de energia podem oferecer estruturas, especialmente a n\u00edvel regional, que n\u00e3o s\u00f3 promovam a expans\u00e3o das energias renov\u00e1veis, mas tamb\u00e9m possam integr\u00e1-las num sistema de abastecimento abrangente. Enquanto o sistema de energia solar no telhado de uma casa unifamiliar gera muita eletricidade quando n\u00e3o h\u00e1 demanda na casa na hora do almo\u00e7o, as cooperativas de energia podem fornecer eletricidade originada de sistemas regionais a seus cooperados, sejam particulares, empresas ou edif\u00edcios municipais. Se considerarmos as outras \u00e1reas de neg\u00f3cio das cooperativas de energia nos setores do aquecimento e da mobilidade, o quadro se amplia. A demanda regional por grandes bombas de calor e esta\u00e7\u00f5es de carregamento poderia ser satisfeita com eletricidade regional. Nesse sentido, o copo est\u00e1 mais que cheio. Mas isto requer mais seguran\u00e7a e incentivos no planejamento, bem como uma coopera\u00e7\u00e3o estreita entre os envolvidos no local.<\/p>\n<p><em>(originalmente escrito para \u00a0#PerspektivePraxis 3\/24)<\/em><\/p>\n<p>&nbsp;<\/p>\n<p>&nbsp;<\/p>\n<p>&nbsp;<\/p>\n<p>&nbsp;<\/p>\n<p>&nbsp;<\/p>\n","protected":false},"excerpt":{"rendered":"<p>O resultado da atual pesquisa da DGRV com as cooperativas de energia mostra panorama diverso. O n\u00famero crescente de novas startups \u00e9 encorajador. No entanto, o foco das novas cooperativas est\u00e1 se desviando da \u00e1rea da produ\u00e7\u00e3o e comercializa\u00e7\u00e3o de eletricidade e indo para a implementa\u00e7\u00e3o e opera\u00e7\u00e3o de redes de aquecimento. Al\u00e9m disso, o [&hellip;]<\/p>\n","protected":false},"author":2,"featured_media":2963,"comment_status":"open","ping_status":"open","sticky":false,"template":"","format":"standard","meta":{"_acf_changed":false,"footnotes":""},"categories":[44,46,7],"tags":[],"class_list":["post-2962","post","type-post","status-publish","format-standard","has-post-thumbnail","hentry","category-blog","category-destaques","category-artigos-nacionais-e-internacionais"],"acf":[],"yoast_head":"<!-- This site is optimized with the Yoast SEO plugin v27.4 - https:\/\/yoast.com\/product\/yoast-seo-wordpress\/ -->\n<title>Pesquisa com cooperativas de energia \u2013 um quadro polarizado - Energia Cooperativa<\/title>\n<meta name=\"robots\" content=\"index, follow, max-snippet:-1, max-image-preview:large, max-video-preview:-1\" \/>\n<link rel=\"canonical\" href=\"https:\/\/www2.energia.coop\/brasil\/blog\/pesquisa-anual-dgrv-cooperativas-de-energia-na-alemanha\/\" \/>\n<meta property=\"og:locale\" content=\"pt_BR\" \/>\n<meta property=\"og:type\" content=\"article\" \/>\n<meta property=\"og:title\" content=\"Pesquisa com cooperativas de energia \u2013 um quadro polarizado - Energia Cooperativa\" \/>\n<meta property=\"og:description\" content=\"O resultado da atual pesquisa da DGRV com as cooperativas de energia mostra panorama diverso. O n\u00famero crescente de novas startups \u00e9 encorajador. No entanto, o foco das novas cooperativas est\u00e1 se desviando da \u00e1rea da produ\u00e7\u00e3o e comercializa\u00e7\u00e3o de eletricidade e indo para a implementa\u00e7\u00e3o e opera\u00e7\u00e3o de redes de aquecimento. Al\u00e9m disso, o [&hellip;]\" \/>\n<meta property=\"og:url\" content=\"https:\/\/www2.energia.coop\/brasil\/blog\/pesquisa-anual-dgrv-cooperativas-de-energia-na-alemanha\/\" \/>\n<meta property=\"og:site_name\" content=\"Energia Cooperativa\" \/>\n<meta property=\"article:published_time\" content=\"2024-11-22T17:35:05+00:00\" \/>\n<meta property=\"article:modified_time\" content=\"2024-11-22T17:44:29+00:00\" \/>\n<meta property=\"og:image\" content=\"https:\/\/www2.energia.coop\/brasil\/wp-content\/uploads\/2024\/11\/Slide2-e1732296641874.jpg\" \/>\n\t<meta property=\"og:image:width\" content=\"1280\" \/>\n\t<meta property=\"og:image:height\" content=\"525\" \/>\n\t<meta property=\"og:image:type\" content=\"image\/jpeg\" \/>\n<meta name=\"author\" content=\"energia\" \/>\n<meta name=\"twitter:card\" content=\"summary_large_image\" \/>\n<meta name=\"twitter:label1\" content=\"Escrito por\" \/>\n\t<meta name=\"twitter:data1\" content=\"energia\" \/>\n\t<meta name=\"twitter:label2\" content=\"Est. tempo de leitura\" \/>\n\t<meta name=\"twitter:data2\" content=\"9 minutos\" \/>\n<script type=\"application\/ld+json\" class=\"yoast-schema-graph\">{\"@context\":\"https:\\\/\\\/schema.org\",\"@graph\":[{\"@type\":\"Article\",\"@id\":\"https:\\\/\\\/www2.energia.coop\\\/brasil\\\/blog\\\/pesquisa-anual-dgrv-cooperativas-de-energia-na-alemanha\\\/#article\",\"isPartOf\":{\"@id\":\"https:\\\/\\\/www2.energia.coop\\\/brasil\\\/blog\\\/pesquisa-anual-dgrv-cooperativas-de-energia-na-alemanha\\\/\"},\"author\":{\"name\":\"energia\",\"@id\":\"https:\\\/\\\/www2.energia.coop\\\/brasil\\\/#\\\/schema\\\/person\\\/697a7871a4ef9404cd3df0f0d84f2ccd\"},\"headline\":\"Pesquisa com cooperativas de energia \u2013 um quadro polarizado\",\"datePublished\":\"2024-11-22T17:35:05+00:00\",\"dateModified\":\"2024-11-22T17:44:29+00:00\",\"mainEntityOfPage\":{\"@id\":\"https:\\\/\\\/www2.energia.coop\\\/brasil\\\/blog\\\/pesquisa-anual-dgrv-cooperativas-de-energia-na-alemanha\\\/\"},\"wordCount\":1648,\"commentCount\":0,\"image\":{\"@id\":\"https:\\\/\\\/www2.energia.coop\\\/brasil\\\/blog\\\/pesquisa-anual-dgrv-cooperativas-de-energia-na-alemanha\\\/#primaryimage\"},\"thumbnailUrl\":\"https:\\\/\\\/www2.energia.coop\\\/brasil\\\/wp-content\\\/uploads\\\/2024\\\/11\\\/Slide2-e1732296641874.jpg\",\"articleSection\":[\"Blog\",\"Destaques\",\"Artigos Nacionais e Internacionais\"],\"inLanguage\":\"pt-BR\",\"potentialAction\":[{\"@type\":\"CommentAction\",\"name\":\"Comment\",\"target\":[\"https:\\\/\\\/www2.energia.coop\\\/brasil\\\/blog\\\/pesquisa-anual-dgrv-cooperativas-de-energia-na-alemanha\\\/#respond\"]}]},{\"@type\":\"WebPage\",\"@id\":\"https:\\\/\\\/www2.energia.coop\\\/brasil\\\/blog\\\/pesquisa-anual-dgrv-cooperativas-de-energia-na-alemanha\\\/\",\"url\":\"https:\\\/\\\/www2.energia.coop\\\/brasil\\\/blog\\\/pesquisa-anual-dgrv-cooperativas-de-energia-na-alemanha\\\/\",\"name\":\"Pesquisa com cooperativas de energia \u2013 um quadro polarizado - Energia Cooperativa\",\"isPartOf\":{\"@id\":\"https:\\\/\\\/www2.energia.coop\\\/brasil\\\/#website\"},\"primaryImageOfPage\":{\"@id\":\"https:\\\/\\\/www2.energia.coop\\\/brasil\\\/blog\\\/pesquisa-anual-dgrv-cooperativas-de-energia-na-alemanha\\\/#primaryimage\"},\"image\":{\"@id\":\"https:\\\/\\\/www2.energia.coop\\\/brasil\\\/blog\\\/pesquisa-anual-dgrv-cooperativas-de-energia-na-alemanha\\\/#primaryimage\"},\"thumbnailUrl\":\"https:\\\/\\\/www2.energia.coop\\\/brasil\\\/wp-content\\\/uploads\\\/2024\\\/11\\\/Slide2-e1732296641874.jpg\",\"datePublished\":\"2024-11-22T17:35:05+00:00\",\"dateModified\":\"2024-11-22T17:44:29+00:00\",\"author\":{\"@id\":\"https:\\\/\\\/www2.energia.coop\\\/brasil\\\/#\\\/schema\\\/person\\\/697a7871a4ef9404cd3df0f0d84f2ccd\"},\"inLanguage\":\"pt-BR\",\"potentialAction\":[{\"@type\":\"ReadAction\",\"target\":[\"https:\\\/\\\/www2.energia.coop\\\/brasil\\\/blog\\\/pesquisa-anual-dgrv-cooperativas-de-energia-na-alemanha\\\/\"]}]},{\"@type\":\"ImageObject\",\"inLanguage\":\"pt-BR\",\"@id\":\"https:\\\/\\\/www2.energia.coop\\\/brasil\\\/blog\\\/pesquisa-anual-dgrv-cooperativas-de-energia-na-alemanha\\\/#primaryimage\",\"url\":\"https:\\\/\\\/www2.energia.coop\\\/brasil\\\/wp-content\\\/uploads\\\/2024\\\/11\\\/Slide2-e1732296641874.jpg\",\"contentUrl\":\"https:\\\/\\\/www2.energia.coop\\\/brasil\\\/wp-content\\\/uploads\\\/2024\\\/11\\\/Slide2-e1732296641874.jpg\",\"width\":1280,\"height\":525},{\"@type\":\"WebSite\",\"@id\":\"https:\\\/\\\/www2.energia.coop\\\/brasil\\\/#website\",\"url\":\"https:\\\/\\\/www2.energia.coop\\\/brasil\\\/\",\"name\":\"Energia Cooperativa\",\"description\":\"\",\"potentialAction\":[{\"@type\":\"SearchAction\",\"target\":{\"@type\":\"EntryPoint\",\"urlTemplate\":\"https:\\\/\\\/www2.energia.coop\\\/brasil\\\/?s={search_term_string}\"},\"query-input\":{\"@type\":\"PropertyValueSpecification\",\"valueRequired\":true,\"valueName\":\"search_term_string\"}}],\"inLanguage\":\"pt-BR\"},{\"@type\":\"Person\",\"@id\":\"https:\\\/\\\/www2.energia.coop\\\/brasil\\\/#\\\/schema\\\/person\\\/697a7871a4ef9404cd3df0f0d84f2ccd\",\"name\":\"energia\",\"image\":{\"@type\":\"ImageObject\",\"inLanguage\":\"pt-BR\",\"@id\":\"https:\\\/\\\/secure.gravatar.com\\\/avatar\\\/1f8d6461d2fb019dc81242feecb0c723ed1144bb91b43857997f664435ea5c52?s=96&d=mm&r=g\",\"url\":\"https:\\\/\\\/secure.gravatar.com\\\/avatar\\\/1f8d6461d2fb019dc81242feecb0c723ed1144bb91b43857997f664435ea5c52?s=96&d=mm&r=g\",\"contentUrl\":\"https:\\\/\\\/secure.gravatar.com\\\/avatar\\\/1f8d6461d2fb019dc81242feecb0c723ed1144bb91b43857997f664435ea5c52?s=96&d=mm&r=g\",\"caption\":\"energia\"},\"url\":\"https:\\\/\\\/www2.energia.coop\\\/brasil\\\/author\\\/energia\\\/\"}]}<\/script>\n<!-- \/ Yoast SEO plugin. -->","yoast_head_json":{"title":"Pesquisa com cooperativas de energia \u2013 um quadro polarizado - Energia Cooperativa","robots":{"index":"index","follow":"follow","max-snippet":"max-snippet:-1","max-image-preview":"max-image-preview:large","max-video-preview":"max-video-preview:-1"},"canonical":"https:\/\/www2.energia.coop\/brasil\/blog\/pesquisa-anual-dgrv-cooperativas-de-energia-na-alemanha\/","og_locale":"pt_BR","og_type":"article","og_title":"Pesquisa com cooperativas de energia \u2013 um quadro polarizado - Energia Cooperativa","og_description":"O resultado da atual pesquisa da DGRV com as cooperativas de energia mostra panorama diverso. O n\u00famero crescente de novas startups \u00e9 encorajador. No entanto, o foco das novas cooperativas est\u00e1 se desviando da \u00e1rea da produ\u00e7\u00e3o e comercializa\u00e7\u00e3o de eletricidade e indo para a implementa\u00e7\u00e3o e opera\u00e7\u00e3o de redes de aquecimento. Al\u00e9m disso, o [&hellip;]","og_url":"https:\/\/www2.energia.coop\/brasil\/blog\/pesquisa-anual-dgrv-cooperativas-de-energia-na-alemanha\/","og_site_name":"Energia Cooperativa","article_published_time":"2024-11-22T17:35:05+00:00","article_modified_time":"2024-11-22T17:44:29+00:00","og_image":[{"width":1280,"height":525,"url":"https:\/\/www2.energia.coop\/brasil\/wp-content\/uploads\/2024\/11\/Slide2-e1732296641874.jpg","type":"image\/jpeg"}],"author":"energia","twitter_card":"summary_large_image","twitter_misc":{"Escrito por":"energia","Est. tempo de leitura":"9 minutos"},"schema":{"@context":"https:\/\/schema.org","@graph":[{"@type":"Article","@id":"https:\/\/www2.energia.coop\/brasil\/blog\/pesquisa-anual-dgrv-cooperativas-de-energia-na-alemanha\/#article","isPartOf":{"@id":"https:\/\/www2.energia.coop\/brasil\/blog\/pesquisa-anual-dgrv-cooperativas-de-energia-na-alemanha\/"},"author":{"name":"energia","@id":"https:\/\/www2.energia.coop\/brasil\/#\/schema\/person\/697a7871a4ef9404cd3df0f0d84f2ccd"},"headline":"Pesquisa com cooperativas de energia \u2013 um quadro polarizado","datePublished":"2024-11-22T17:35:05+00:00","dateModified":"2024-11-22T17:44:29+00:00","mainEntityOfPage":{"@id":"https:\/\/www2.energia.coop\/brasil\/blog\/pesquisa-anual-dgrv-cooperativas-de-energia-na-alemanha\/"},"wordCount":1648,"commentCount":0,"image":{"@id":"https:\/\/www2.energia.coop\/brasil\/blog\/pesquisa-anual-dgrv-cooperativas-de-energia-na-alemanha\/#primaryimage"},"thumbnailUrl":"https:\/\/www2.energia.coop\/brasil\/wp-content\/uploads\/2024\/11\/Slide2-e1732296641874.jpg","articleSection":["Blog","Destaques","Artigos Nacionais e Internacionais"],"inLanguage":"pt-BR","potentialAction":[{"@type":"CommentAction","name":"Comment","target":["https:\/\/www2.energia.coop\/brasil\/blog\/pesquisa-anual-dgrv-cooperativas-de-energia-na-alemanha\/#respond"]}]},{"@type":"WebPage","@id":"https:\/\/www2.energia.coop\/brasil\/blog\/pesquisa-anual-dgrv-cooperativas-de-energia-na-alemanha\/","url":"https:\/\/www2.energia.coop\/brasil\/blog\/pesquisa-anual-dgrv-cooperativas-de-energia-na-alemanha\/","name":"Pesquisa com cooperativas de energia \u2013 um quadro polarizado - Energia Cooperativa","isPartOf":{"@id":"https:\/\/www2.energia.coop\/brasil\/#website"},"primaryImageOfPage":{"@id":"https:\/\/www2.energia.coop\/brasil\/blog\/pesquisa-anual-dgrv-cooperativas-de-energia-na-alemanha\/#primaryimage"},"image":{"@id":"https:\/\/www2.energia.coop\/brasil\/blog\/pesquisa-anual-dgrv-cooperativas-de-energia-na-alemanha\/#primaryimage"},"thumbnailUrl":"https:\/\/www2.energia.coop\/brasil\/wp-content\/uploads\/2024\/11\/Slide2-e1732296641874.jpg","datePublished":"2024-11-22T17:35:05+00:00","dateModified":"2024-11-22T17:44:29+00:00","author":{"@id":"https:\/\/www2.energia.coop\/brasil\/#\/schema\/person\/697a7871a4ef9404cd3df0f0d84f2ccd"},"inLanguage":"pt-BR","potentialAction":[{"@type":"ReadAction","target":["https:\/\/www2.energia.coop\/brasil\/blog\/pesquisa-anual-dgrv-cooperativas-de-energia-na-alemanha\/"]}]},{"@type":"ImageObject","inLanguage":"pt-BR","@id":"https:\/\/www2.energia.coop\/brasil\/blog\/pesquisa-anual-dgrv-cooperativas-de-energia-na-alemanha\/#primaryimage","url":"https:\/\/www2.energia.coop\/brasil\/wp-content\/uploads\/2024\/11\/Slide2-e1732296641874.jpg","contentUrl":"https:\/\/www2.energia.coop\/brasil\/wp-content\/uploads\/2024\/11\/Slide2-e1732296641874.jpg","width":1280,"height":525},{"@type":"WebSite","@id":"https:\/\/www2.energia.coop\/brasil\/#website","url":"https:\/\/www2.energia.coop\/brasil\/","name":"Energia Cooperativa","description":"","potentialAction":[{"@type":"SearchAction","target":{"@type":"EntryPoint","urlTemplate":"https:\/\/www2.energia.coop\/brasil\/?s={search_term_string}"},"query-input":{"@type":"PropertyValueSpecification","valueRequired":true,"valueName":"search_term_string"}}],"inLanguage":"pt-BR"},{"@type":"Person","@id":"https:\/\/www2.energia.coop\/brasil\/#\/schema\/person\/697a7871a4ef9404cd3df0f0d84f2ccd","name":"energia","image":{"@type":"ImageObject","inLanguage":"pt-BR","@id":"https:\/\/secure.gravatar.com\/avatar\/1f8d6461d2fb019dc81242feecb0c723ed1144bb91b43857997f664435ea5c52?s=96&d=mm&r=g","url":"https:\/\/secure.gravatar.com\/avatar\/1f8d6461d2fb019dc81242feecb0c723ed1144bb91b43857997f664435ea5c52?s=96&d=mm&r=g","contentUrl":"https:\/\/secure.gravatar.com\/avatar\/1f8d6461d2fb019dc81242feecb0c723ed1144bb91b43857997f664435ea5c52?s=96&d=mm&r=g","caption":"energia"},"url":"https:\/\/www2.energia.coop\/brasil\/author\/energia\/"}]}},"_links":{"self":[{"href":"https:\/\/www2.energia.coop\/brasil\/wp-json\/wp\/v2\/posts\/2962","targetHints":{"allow":["GET"]}}],"collection":[{"href":"https:\/\/www2.energia.coop\/brasil\/wp-json\/wp\/v2\/posts"}],"about":[{"href":"https:\/\/www2.energia.coop\/brasil\/wp-json\/wp\/v2\/types\/post"}],"author":[{"embeddable":true,"href":"https:\/\/www2.energia.coop\/brasil\/wp-json\/wp\/v2\/users\/2"}],"replies":[{"embeddable":true,"href":"https:\/\/www2.energia.coop\/brasil\/wp-json\/wp\/v2\/comments?post=2962"}],"version-history":[{"count":0,"href":"https:\/\/www2.energia.coop\/brasil\/wp-json\/wp\/v2\/posts\/2962\/revisions"}],"wp:featuredmedia":[{"embeddable":true,"href":"https:\/\/www2.energia.coop\/brasil\/wp-json\/wp\/v2\/media\/2963"}],"wp:attachment":[{"href":"https:\/\/www2.energia.coop\/brasil\/wp-json\/wp\/v2\/media?parent=2962"}],"wp:term":[{"taxonomy":"category","embeddable":true,"href":"https:\/\/www2.energia.coop\/brasil\/wp-json\/wp\/v2\/categories?post=2962"},{"taxonomy":"post_tag","embeddable":true,"href":"https:\/\/www2.energia.coop\/brasil\/wp-json\/wp\/v2\/tags?post=2962"}],"curies":[{"name":"wp","href":"https:\/\/api.w.org\/{rel}","templated":true}]}}