

{"id":2785,"date":"2024-10-15T15:08:23","date_gmt":"2024-10-15T18:08:23","guid":{"rendered":"https:\/\/www2.energia.coop\/brasil\/?p=2785"},"modified":"2025-06-24T14:09:39","modified_gmt":"2025-06-24T17:09:39","slug":"apagao-em-sao-paulo-eventos-climaticos-extremos-e-transicao-energetica","status":"publish","type":"post","link":"https:\/\/www2.energia.coop\/brasil\/blog\/apagao-em-sao-paulo-eventos-climaticos-extremos-e-transicao-energetica\/","title":{"rendered":"Apag\u00e3o em S\u00e3o Paulo: eventos clim\u00e1ticos extremos e transi\u00e7\u00e3o energ\u00e9tica"},"content":{"rendered":"<p>No m\u00eas de outubro, S\u00e3o Paulo e regi\u00e3o sofreram com apag\u00e3o hist\u00f3rico. Alguns bairros ficaram mais de uma semana sem fornecimento de energia. Tudo come\u00e7ou com uma tempestade r\u00e1pida e intensa, que chegou de repente com ventos de mais de 100km\/h derrubando a infraestrutura da rede el\u00e9trica. Foi o suficiente para deixar \u00e0s escuras a \u00e1rea urbana mais populosa do mundo ocidental. \u00a0Al\u00e9m do impacto na vida das pessoas, apag\u00f5es desestabilizam as infraestruturas cr\u00edticas urbanas, como mobilidade e servi\u00e7os de sa\u00fade. Sem contar os preju\u00edzos para os setores industrial e de servi\u00e7os.<\/p>\n<ul>\n<li><strong>Equidade Energ\u00e9tica<\/strong><\/li>\n<\/ul>\n<p>Mais adiante, fica evidente a quest\u00e3o da justi\u00e7a clim\u00e1tica e da pobreza energ\u00e9tica: como sempre, as pessoas vivendo em situa\u00e7\u00e3o de vulnerabilidade s\u00e3o as mais afetadas por desastres e pela falta de energia, ficam mais tempo sem o servi\u00e7o, esperam mais pelos servi\u00e7os de reparo enquanto seus escassos estoques de alimentos para a semana apodrecem nas geladeiras desligadas.<\/p>\n<ul>\n<li><strong><em>Natechs<\/em><\/strong><\/li>\n<\/ul>\n<p>Estamos vivendo <em>natechs:\u00a0<\/em>desastres tecnol\u00f3gicos causados por eventos naturais extremos, raros ou antes inexistentes em uma determinada regi\u00e3o, decorrentes das altera\u00e7\u00f5es clim\u00e1ticas causadas pelo aquecimento global. O Sexto Relat\u00f3rio do @IPCC de 2022 preconiza que se quisermos fazer frente \u00e0 emerg\u00eancia clim\u00e1tica precisamos adaptar e transformar sistemas humanos. E isso quer dizer adaptar e transformar nossas cidades, comunidades e infraestruturas para a nova realidade clim\u00e1tica. O apag\u00e3o em S\u00e3o Paulo deixa claro o quanto essas a\u00e7\u00f5es de adapta\u00e7\u00e3o clim\u00e1tica s\u00e3o necess\u00e1rias. E a gera\u00e7\u00e3o de energia cooperativa \u00e9 essencial neste processo.<\/p>\n<ul>\n<li><strong>A Transi\u00e7\u00e3o Energ\u00e9tica que temos&#8230;<\/strong><\/li>\n<\/ul>\n<p>A energia \u00e9 um recurso essencial em nossas sociedades modernas e tecnol\u00f3gicas. Tudo de que precisamos para viver em uma cidade como S\u00e3o Paulo depende de energia el\u00e9trica, a exemplo de fornecimento de \u00e1gua e esgoto, acesso e acondicionamento correto de alimentos, mobilidade, servi\u00e7os banc\u00e1rios, educacionais e de sa\u00fade. Para continuar vivendo neste modelo civilizat\u00f3rio precisamos de uma matriz energ\u00e9tica verde sustent\u00e1vel e renov\u00e1vel que nos permita continuar consumindo energia ao mesmo tempo em que reduzirmos as emiss\u00f5es de gases de efeito estufa e frear\/reduzir o aquecimento global.<\/p>\n<p>Fato \u00e9 que a transi\u00e7\u00e3o energ\u00e9tica vai muito al\u00e9m de deixar de queimar combust\u00edveis f\u00f3sseis e gerar energia de fontes renov\u00e1veis. \u00a0A matriz energ\u00e9tica do Brasil \u00e9 uma das mais verdes do mundo, pois ancora-se na gera\u00e7\u00e3o por hidrel\u00e9tricas. Ademais, empresas do setor el\u00e9trico est\u00e3o gerando energia limpa em grandes usinas de solo e parques e\u00f3licos espalhados pelo pa\u00eds, e cidad\u00e3os e cidad\u00e3s est\u00e3o gerando energia em seus telhados e injetando na rede em troca de desconto na fatura de energia. Nada disso foi suficiente para evitar o <em>natech<\/em> que S\u00e3o Paulo est\u00e1 vivendo h\u00e1 quatro dias.<\/p>\n<p><em> <img loading=\"lazy\" decoding=\"async\" class=\"wp-image-2787 alignleft\" src=\"https:\/\/www2.energia.coop\/brasil\/wp-content\/uploads\/2024\/10\/Imagem1.png\" alt=\"\" width=\"731\" height=\"344\" srcset=\"https:\/\/www2.energia.coop\/brasil\/wp-content\/uploads\/2024\/10\/Imagem1.png 393w, https:\/\/www2.energia.coop\/brasil\/wp-content\/uploads\/2024\/10\/Imagem1-300x141.png 300w\" sizes=\"auto, (max-width: 731px) 100vw, 731px\" \/><\/em><\/p>\n<p>&nbsp;<\/p>\n<p>&nbsp;<\/p>\n<p>&nbsp;<\/p>\n<p>&nbsp;<\/p>\n<p>&nbsp;<\/p>\n<p>&nbsp;<\/p>\n<p>&nbsp;<\/p>\n<p>&nbsp;<\/p>\n<p><em>Compara\u00e7\u00e3o do percentual brasileiro de gera\u00e7\u00e3o de energia verde em compara\u00e7\u00e3o como o cen\u00e1rio mundial (Fonte: <\/em><a href=\"https:\/\/www.epe.gov.br\/pt\/abcdenergia\/matriz-energetica-e-eletrica\"><em>MATRIZ ENERG\u00c9TICA (epe.gov.br)<\/em><\/a><\/p>\n<ul>\n<li><strong>A Transi\u00e7\u00e3o Energ\u00e9tica que queremos: Energia Cooperativa<\/strong><\/li>\n<\/ul>\n<p>Para ser ecol\u00f3gica e sustent\u00e1vel, a transi\u00e7\u00e3o energ\u00e9tica precisa ser decentralizada, acess\u00edvel, justa e democr\u00e1tica. As cooperativas de energia t\u00eam se mostrado vi\u00e1veis e eficientes para a gera\u00e7\u00e3o de energia ecol\u00f3gica e socialmente verde. Na Alemanha, elas s\u00e3o o motor propulsor dos tr\u00eas pilares da transi\u00e7\u00e3o energ\u00e9tica: eletricidade, mobilidade e aquecimento.<\/p>\n<ul>\n<li><strong>Mas o que \u00e9 Energia Cooperativa?<\/strong><\/li>\n<\/ul>\n<p>S\u00e3o iniciativas que re\u00fanem pessoas para estabelecer projetos coletivos relacionados \u00e0 gera\u00e7\u00e3o de energia renov\u00e1vel. Pode ser uma cooperativa da agricultura familiar em uma localidade remota que gera sua pr\u00f3pria energia para alimentar seus processos de beneficiamento, ou um grupo de pessoas moradoras de edif\u00edcios e sem telhados para fazer instala\u00e7\u00f5es fotovoltaicas que se re\u00fane para gerar energia cooperativa em uma usina coletiva.<\/p>\n<p>As iniciativas de energia cooperativa podem ser tanto de pessoas que vivem em regi\u00f5es afastadas e sofrem com falta de acesso \u00e0 energia ou acesso \u00e0 energia de qualidade ruim (insuficiente para manter equipamentos el\u00e9tricos, dom\u00e9sticos ou produtivos) como de pessoas ou grupos que cooperam com o objetivo de mitigar as mudan\u00e7as clim\u00e1ticas por meio de participa\u00e7\u00e3o ativa no processo de transi\u00e7\u00e3o, inova\u00e7\u00e3o e diversifica\u00e7\u00e3o energ\u00e9ticas.<\/p>\n<ul>\n<li><strong>O que a Energia Cooperativa tem a ver com o apag\u00e3o em S\u00e3o Paulo?<\/strong><\/li>\n<\/ul>\n<p>A energia decentralizada gerada \u00e9 para autoconsumo. Ela pode ser injetada na rede el\u00e9trica, ou n\u00e3o. Existe tamb\u00e9m a possibilidade de produzir energia renov\u00e1vel para armazenamento em sistemas de baterias.<\/p>\n<ul>\n<li><strong>Pega a vis\u00e3o!<\/strong><\/li>\n<\/ul>\n<p>Imagine pessoas e\/ou organiza\u00e7\u00f5es de seu bairro se reunindo em uma cooperativa de energia para instalar uma pequena usina fotovoltaica, armazenar parte desta energia em baterias e ter esta reserva em caso de futuras falhas prolongadas no fornecimento de energia.<\/p>\n<p>Imagine que, em caso de apag\u00e3o, essa energia renov\u00e1vel cooperativa de gera\u00e7\u00e3o decentralizada armazenada em baterias possa abastecer o posto de sa\u00fade, casas de moradores do bairro que dependem de respiradores e aparelhos de di\u00e1lise para viver e um edif\u00edcio, como escola ou centro comunit\u00e1rio, onde haja geladeiras para acondicionar alimentos, onde as pessoas possam carregar celulares e computadores e onde \u00e9 poss\u00edvel ter not\u00edcias sobre a situa\u00e7\u00e3o.<\/p>\n<p><strong>Quer saber mais? Navegue pela plataforma Energia.coop!<\/strong><\/p>\n","protected":false},"excerpt":{"rendered":"<p>No m\u00eas de outubro, S\u00e3o Paulo e regi\u00e3o sofreram com apag\u00e3o hist\u00f3rico. Alguns bairros ficaram mais de uma semana sem fornecimento de energia. Tudo come\u00e7ou com uma tempestade r\u00e1pida e intensa, que chegou de repente com ventos de mais de 100km\/h derrubando a infraestrutura da rede el\u00e9trica. Foi o suficiente para deixar \u00e0s escuras a [&hellip;]<\/p>\n","protected":false},"author":2,"featured_media":2804,"comment_status":"open","ping_status":"open","sticky":false,"template":"","format":"standard","meta":{"_acf_changed":false,"footnotes":""},"categories":[44,45,46],"tags":[],"class_list":["post-2785","post","type-post","status-publish","format-standard","has-post-thumbnail","hentry","category-blog","category-destaque-principal","category-destaques"],"acf":[],"yoast_head":"<!-- This site is optimized with the Yoast SEO plugin v27.4 - https:\/\/yoast.com\/product\/yoast-seo-wordpress\/ -->\n<title>Apag\u00e3o em S\u00e3o Paulo: eventos clim\u00e1ticos extremos e transi\u00e7\u00e3o energ\u00e9tica - Energia Cooperativa<\/title>\n<meta name=\"robots\" content=\"index, follow, max-snippet:-1, max-image-preview:large, max-video-preview:-1\" \/>\n<link rel=\"canonical\" href=\"https:\/\/www2.energia.coop\/brasil\/blog\/apagao-em-sao-paulo-eventos-climaticos-extremos-e-transicao-energetica\/\" \/>\n<meta property=\"og:locale\" content=\"pt_BR\" \/>\n<meta property=\"og:type\" content=\"article\" \/>\n<meta property=\"og:title\" content=\"Apag\u00e3o em S\u00e3o Paulo: eventos clim\u00e1ticos extremos e transi\u00e7\u00e3o energ\u00e9tica - Energia Cooperativa\" \/>\n<meta property=\"og:description\" content=\"No m\u00eas de outubro, S\u00e3o Paulo e regi\u00e3o sofreram com apag\u00e3o hist\u00f3rico. Alguns bairros ficaram mais de uma semana sem fornecimento de energia. Tudo come\u00e7ou com uma tempestade r\u00e1pida e intensa, que chegou de repente com ventos de mais de 100km\/h derrubando a infraestrutura da rede el\u00e9trica. Foi o suficiente para deixar \u00e0s escuras a [&hellip;]\" \/>\n<meta property=\"og:url\" content=\"https:\/\/www2.energia.coop\/brasil\/blog\/apagao-em-sao-paulo-eventos-climaticos-extremos-e-transicao-energetica\/\" \/>\n<meta property=\"og:site_name\" content=\"Energia Cooperativa\" \/>\n<meta property=\"article:published_time\" content=\"2024-10-15T18:08:23+00:00\" \/>\n<meta property=\"article:modified_time\" content=\"2025-06-24T17:09:39+00:00\" \/>\n<meta property=\"og:image\" content=\"https:\/\/www2.energia.coop\/brasil\/wp-content\/uploads\/2024\/10\/Captura-de-tela-2024-10-16-093740.png\" \/>\n\t<meta property=\"og:image:width\" content=\"1331\" \/>\n\t<meta property=\"og:image:height\" content=\"456\" \/>\n\t<meta property=\"og:image:type\" content=\"image\/png\" \/>\n<meta name=\"author\" content=\"energia\" \/>\n<meta name=\"twitter:card\" content=\"summary_large_image\" \/>\n<meta name=\"twitter:label1\" content=\"Escrito por\" \/>\n\t<meta name=\"twitter:data1\" content=\"energia\" \/>\n\t<meta name=\"twitter:label2\" content=\"Est. tempo de leitura\" \/>\n\t<meta name=\"twitter:data2\" content=\"5 minutos\" \/>\n<script type=\"application\/ld+json\" class=\"yoast-schema-graph\">{\"@context\":\"https:\\\/\\\/schema.org\",\"@graph\":[{\"@type\":\"Article\",\"@id\":\"https:\\\/\\\/www2.energia.coop\\\/brasil\\\/blog\\\/apagao-em-sao-paulo-eventos-climaticos-extremos-e-transicao-energetica\\\/#article\",\"isPartOf\":{\"@id\":\"https:\\\/\\\/www2.energia.coop\\\/brasil\\\/blog\\\/apagao-em-sao-paulo-eventos-climaticos-extremos-e-transicao-energetica\\\/\"},\"author\":{\"name\":\"energia\",\"@id\":\"https:\\\/\\\/www2.energia.coop\\\/brasil\\\/#\\\/schema\\\/person\\\/697a7871a4ef9404cd3df0f0d84f2ccd\"},\"headline\":\"Apag\u00e3o em S\u00e3o Paulo: eventos clim\u00e1ticos extremos e transi\u00e7\u00e3o energ\u00e9tica\",\"datePublished\":\"2024-10-15T18:08:23+00:00\",\"dateModified\":\"2025-06-24T17:09:39+00:00\",\"mainEntityOfPage\":{\"@id\":\"https:\\\/\\\/www2.energia.coop\\\/brasil\\\/blog\\\/apagao-em-sao-paulo-eventos-climaticos-extremos-e-transicao-energetica\\\/\"},\"wordCount\":952,\"commentCount\":0,\"image\":{\"@id\":\"https:\\\/\\\/www2.energia.coop\\\/brasil\\\/blog\\\/apagao-em-sao-paulo-eventos-climaticos-extremos-e-transicao-energetica\\\/#primaryimage\"},\"thumbnailUrl\":\"https:\\\/\\\/www2.energia.coop\\\/brasil\\\/wp-content\\\/uploads\\\/2024\\\/10\\\/Captura-de-tela-2024-10-16-093740.png\",\"articleSection\":[\"Blog\",\"Destaque Principal\",\"Destaques\"],\"inLanguage\":\"pt-BR\",\"potentialAction\":[{\"@type\":\"CommentAction\",\"name\":\"Comment\",\"target\":[\"https:\\\/\\\/www2.energia.coop\\\/brasil\\\/blog\\\/apagao-em-sao-paulo-eventos-climaticos-extremos-e-transicao-energetica\\\/#respond\"]}]},{\"@type\":\"WebPage\",\"@id\":\"https:\\\/\\\/www2.energia.coop\\\/brasil\\\/blog\\\/apagao-em-sao-paulo-eventos-climaticos-extremos-e-transicao-energetica\\\/\",\"url\":\"https:\\\/\\\/www2.energia.coop\\\/brasil\\\/blog\\\/apagao-em-sao-paulo-eventos-climaticos-extremos-e-transicao-energetica\\\/\",\"name\":\"Apag\u00e3o em S\u00e3o Paulo: eventos clim\u00e1ticos extremos e transi\u00e7\u00e3o energ\u00e9tica - Energia Cooperativa\",\"isPartOf\":{\"@id\":\"https:\\\/\\\/www2.energia.coop\\\/brasil\\\/#website\"},\"primaryImageOfPage\":{\"@id\":\"https:\\\/\\\/www2.energia.coop\\\/brasil\\\/blog\\\/apagao-em-sao-paulo-eventos-climaticos-extremos-e-transicao-energetica\\\/#primaryimage\"},\"image\":{\"@id\":\"https:\\\/\\\/www2.energia.coop\\\/brasil\\\/blog\\\/apagao-em-sao-paulo-eventos-climaticos-extremos-e-transicao-energetica\\\/#primaryimage\"},\"thumbnailUrl\":\"https:\\\/\\\/www2.energia.coop\\\/brasil\\\/wp-content\\\/uploads\\\/2024\\\/10\\\/Captura-de-tela-2024-10-16-093740.png\",\"datePublished\":\"2024-10-15T18:08:23+00:00\",\"dateModified\":\"2025-06-24T17:09:39+00:00\",\"author\":{\"@id\":\"https:\\\/\\\/www2.energia.coop\\\/brasil\\\/#\\\/schema\\\/person\\\/697a7871a4ef9404cd3df0f0d84f2ccd\"},\"inLanguage\":\"pt-BR\",\"potentialAction\":[{\"@type\":\"ReadAction\",\"target\":[\"https:\\\/\\\/www2.energia.coop\\\/brasil\\\/blog\\\/apagao-em-sao-paulo-eventos-climaticos-extremos-e-transicao-energetica\\\/\"]}]},{\"@type\":\"ImageObject\",\"inLanguage\":\"pt-BR\",\"@id\":\"https:\\\/\\\/www2.energia.coop\\\/brasil\\\/blog\\\/apagao-em-sao-paulo-eventos-climaticos-extremos-e-transicao-energetica\\\/#primaryimage\",\"url\":\"https:\\\/\\\/www2.energia.coop\\\/brasil\\\/wp-content\\\/uploads\\\/2024\\\/10\\\/Captura-de-tela-2024-10-16-093740.png\",\"contentUrl\":\"https:\\\/\\\/www2.energia.coop\\\/brasil\\\/wp-content\\\/uploads\\\/2024\\\/10\\\/Captura-de-tela-2024-10-16-093740.png\",\"width\":1331,\"height\":456},{\"@type\":\"WebSite\",\"@id\":\"https:\\\/\\\/www2.energia.coop\\\/brasil\\\/#website\",\"url\":\"https:\\\/\\\/www2.energia.coop\\\/brasil\\\/\",\"name\":\"Energia Cooperativa\",\"description\":\"\",\"potentialAction\":[{\"@type\":\"SearchAction\",\"target\":{\"@type\":\"EntryPoint\",\"urlTemplate\":\"https:\\\/\\\/www2.energia.coop\\\/brasil\\\/?s={search_term_string}\"},\"query-input\":{\"@type\":\"PropertyValueSpecification\",\"valueRequired\":true,\"valueName\":\"search_term_string\"}}],\"inLanguage\":\"pt-BR\"},{\"@type\":\"Person\",\"@id\":\"https:\\\/\\\/www2.energia.coop\\\/brasil\\\/#\\\/schema\\\/person\\\/697a7871a4ef9404cd3df0f0d84f2ccd\",\"name\":\"energia\",\"image\":{\"@type\":\"ImageObject\",\"inLanguage\":\"pt-BR\",\"@id\":\"https:\\\/\\\/secure.gravatar.com\\\/avatar\\\/1f8d6461d2fb019dc81242feecb0c723ed1144bb91b43857997f664435ea5c52?s=96&d=mm&r=g\",\"url\":\"https:\\\/\\\/secure.gravatar.com\\\/avatar\\\/1f8d6461d2fb019dc81242feecb0c723ed1144bb91b43857997f664435ea5c52?s=96&d=mm&r=g\",\"contentUrl\":\"https:\\\/\\\/secure.gravatar.com\\\/avatar\\\/1f8d6461d2fb019dc81242feecb0c723ed1144bb91b43857997f664435ea5c52?s=96&d=mm&r=g\",\"caption\":\"energia\"},\"url\":\"https:\\\/\\\/www2.energia.coop\\\/brasil\\\/author\\\/energia\\\/\"}]}<\/script>\n<!-- \/ Yoast SEO plugin. -->","yoast_head_json":{"title":"Apag\u00e3o em S\u00e3o Paulo: eventos clim\u00e1ticos extremos e transi\u00e7\u00e3o energ\u00e9tica - Energia Cooperativa","robots":{"index":"index","follow":"follow","max-snippet":"max-snippet:-1","max-image-preview":"max-image-preview:large","max-video-preview":"max-video-preview:-1"},"canonical":"https:\/\/www2.energia.coop\/brasil\/blog\/apagao-em-sao-paulo-eventos-climaticos-extremos-e-transicao-energetica\/","og_locale":"pt_BR","og_type":"article","og_title":"Apag\u00e3o em S\u00e3o Paulo: eventos clim\u00e1ticos extremos e transi\u00e7\u00e3o energ\u00e9tica - Energia Cooperativa","og_description":"No m\u00eas de outubro, S\u00e3o Paulo e regi\u00e3o sofreram com apag\u00e3o hist\u00f3rico. Alguns bairros ficaram mais de uma semana sem fornecimento de energia. Tudo come\u00e7ou com uma tempestade r\u00e1pida e intensa, que chegou de repente com ventos de mais de 100km\/h derrubando a infraestrutura da rede el\u00e9trica. Foi o suficiente para deixar \u00e0s escuras a [&hellip;]","og_url":"https:\/\/www2.energia.coop\/brasil\/blog\/apagao-em-sao-paulo-eventos-climaticos-extremos-e-transicao-energetica\/","og_site_name":"Energia Cooperativa","article_published_time":"2024-10-15T18:08:23+00:00","article_modified_time":"2025-06-24T17:09:39+00:00","og_image":[{"width":1331,"height":456,"url":"https:\/\/www2.energia.coop\/brasil\/wp-content\/uploads\/2024\/10\/Captura-de-tela-2024-10-16-093740.png","type":"image\/png"}],"author":"energia","twitter_card":"summary_large_image","twitter_misc":{"Escrito por":"energia","Est. tempo de leitura":"5 minutos"},"schema":{"@context":"https:\/\/schema.org","@graph":[{"@type":"Article","@id":"https:\/\/www2.energia.coop\/brasil\/blog\/apagao-em-sao-paulo-eventos-climaticos-extremos-e-transicao-energetica\/#article","isPartOf":{"@id":"https:\/\/www2.energia.coop\/brasil\/blog\/apagao-em-sao-paulo-eventos-climaticos-extremos-e-transicao-energetica\/"},"author":{"name":"energia","@id":"https:\/\/www2.energia.coop\/brasil\/#\/schema\/person\/697a7871a4ef9404cd3df0f0d84f2ccd"},"headline":"Apag\u00e3o em S\u00e3o Paulo: eventos clim\u00e1ticos extremos e transi\u00e7\u00e3o energ\u00e9tica","datePublished":"2024-10-15T18:08:23+00:00","dateModified":"2025-06-24T17:09:39+00:00","mainEntityOfPage":{"@id":"https:\/\/www2.energia.coop\/brasil\/blog\/apagao-em-sao-paulo-eventos-climaticos-extremos-e-transicao-energetica\/"},"wordCount":952,"commentCount":0,"image":{"@id":"https:\/\/www2.energia.coop\/brasil\/blog\/apagao-em-sao-paulo-eventos-climaticos-extremos-e-transicao-energetica\/#primaryimage"},"thumbnailUrl":"https:\/\/www2.energia.coop\/brasil\/wp-content\/uploads\/2024\/10\/Captura-de-tela-2024-10-16-093740.png","articleSection":["Blog","Destaque Principal","Destaques"],"inLanguage":"pt-BR","potentialAction":[{"@type":"CommentAction","name":"Comment","target":["https:\/\/www2.energia.coop\/brasil\/blog\/apagao-em-sao-paulo-eventos-climaticos-extremos-e-transicao-energetica\/#respond"]}]},{"@type":"WebPage","@id":"https:\/\/www2.energia.coop\/brasil\/blog\/apagao-em-sao-paulo-eventos-climaticos-extremos-e-transicao-energetica\/","url":"https:\/\/www2.energia.coop\/brasil\/blog\/apagao-em-sao-paulo-eventos-climaticos-extremos-e-transicao-energetica\/","name":"Apag\u00e3o em S\u00e3o Paulo: eventos clim\u00e1ticos extremos e transi\u00e7\u00e3o energ\u00e9tica - Energia Cooperativa","isPartOf":{"@id":"https:\/\/www2.energia.coop\/brasil\/#website"},"primaryImageOfPage":{"@id":"https:\/\/www2.energia.coop\/brasil\/blog\/apagao-em-sao-paulo-eventos-climaticos-extremos-e-transicao-energetica\/#primaryimage"},"image":{"@id":"https:\/\/www2.energia.coop\/brasil\/blog\/apagao-em-sao-paulo-eventos-climaticos-extremos-e-transicao-energetica\/#primaryimage"},"thumbnailUrl":"https:\/\/www2.energia.coop\/brasil\/wp-content\/uploads\/2024\/10\/Captura-de-tela-2024-10-16-093740.png","datePublished":"2024-10-15T18:08:23+00:00","dateModified":"2025-06-24T17:09:39+00:00","author":{"@id":"https:\/\/www2.energia.coop\/brasil\/#\/schema\/person\/697a7871a4ef9404cd3df0f0d84f2ccd"},"inLanguage":"pt-BR","potentialAction":[{"@type":"ReadAction","target":["https:\/\/www2.energia.coop\/brasil\/blog\/apagao-em-sao-paulo-eventos-climaticos-extremos-e-transicao-energetica\/"]}]},{"@type":"ImageObject","inLanguage":"pt-BR","@id":"https:\/\/www2.energia.coop\/brasil\/blog\/apagao-em-sao-paulo-eventos-climaticos-extremos-e-transicao-energetica\/#primaryimage","url":"https:\/\/www2.energia.coop\/brasil\/wp-content\/uploads\/2024\/10\/Captura-de-tela-2024-10-16-093740.png","contentUrl":"https:\/\/www2.energia.coop\/brasil\/wp-content\/uploads\/2024\/10\/Captura-de-tela-2024-10-16-093740.png","width":1331,"height":456},{"@type":"WebSite","@id":"https:\/\/www2.energia.coop\/brasil\/#website","url":"https:\/\/www2.energia.coop\/brasil\/","name":"Energia Cooperativa","description":"","potentialAction":[{"@type":"SearchAction","target":{"@type":"EntryPoint","urlTemplate":"https:\/\/www2.energia.coop\/brasil\/?s={search_term_string}"},"query-input":{"@type":"PropertyValueSpecification","valueRequired":true,"valueName":"search_term_string"}}],"inLanguage":"pt-BR"},{"@type":"Person","@id":"https:\/\/www2.energia.coop\/brasil\/#\/schema\/person\/697a7871a4ef9404cd3df0f0d84f2ccd","name":"energia","image":{"@type":"ImageObject","inLanguage":"pt-BR","@id":"https:\/\/secure.gravatar.com\/avatar\/1f8d6461d2fb019dc81242feecb0c723ed1144bb91b43857997f664435ea5c52?s=96&d=mm&r=g","url":"https:\/\/secure.gravatar.com\/avatar\/1f8d6461d2fb019dc81242feecb0c723ed1144bb91b43857997f664435ea5c52?s=96&d=mm&r=g","contentUrl":"https:\/\/secure.gravatar.com\/avatar\/1f8d6461d2fb019dc81242feecb0c723ed1144bb91b43857997f664435ea5c52?s=96&d=mm&r=g","caption":"energia"},"url":"https:\/\/www2.energia.coop\/brasil\/author\/energia\/"}]}},"_links":{"self":[{"href":"https:\/\/www2.energia.coop\/brasil\/wp-json\/wp\/v2\/posts\/2785","targetHints":{"allow":["GET"]}}],"collection":[{"href":"https:\/\/www2.energia.coop\/brasil\/wp-json\/wp\/v2\/posts"}],"about":[{"href":"https:\/\/www2.energia.coop\/brasil\/wp-json\/wp\/v2\/types\/post"}],"author":[{"embeddable":true,"href":"https:\/\/www2.energia.coop\/brasil\/wp-json\/wp\/v2\/users\/2"}],"replies":[{"embeddable":true,"href":"https:\/\/www2.energia.coop\/brasil\/wp-json\/wp\/v2\/comments?post=2785"}],"version-history":[{"count":0,"href":"https:\/\/www2.energia.coop\/brasil\/wp-json\/wp\/v2\/posts\/2785\/revisions"}],"wp:featuredmedia":[{"embeddable":true,"href":"https:\/\/www2.energia.coop\/brasil\/wp-json\/wp\/v2\/media\/2804"}],"wp:attachment":[{"href":"https:\/\/www2.energia.coop\/brasil\/wp-json\/wp\/v2\/media?parent=2785"}],"wp:term":[{"taxonomy":"category","embeddable":true,"href":"https:\/\/www2.energia.coop\/brasil\/wp-json\/wp\/v2\/categories?post=2785"},{"taxonomy":"post_tag","embeddable":true,"href":"https:\/\/www2.energia.coop\/brasil\/wp-json\/wp\/v2\/tags?post=2785"}],"curies":[{"name":"wp","href":"https:\/\/api.w.org\/{rel}","templated":true}]}}