

{"id":2766,"date":"2024-07-23T10:20:16","date_gmt":"2024-07-23T13:20:16","guid":{"rendered":"https:\/\/www2.energia.coop\/brasil\/?p=2766"},"modified":"2024-11-08T09:25:40","modified_gmt":"2024-11-08T12:25:40","slug":"cooperativismo-democratiza-a-geracao-distribuida-no-brasil-com-491-mw-de-potencia-instalada-no-primeiro-semestre-de-2024","status":"publish","type":"post","link":"https:\/\/www2.energia.coop\/brasil\/blog\/cooperativismo-democratiza-a-geracao-distribuida-no-brasil-com-491-mw-de-potencia-instalada-no-primeiro-semestre-de-2024\/","title":{"rendered":"Cooperativismo democratiza a Gera\u00e7\u00e3o Distribu\u00edda no Brasil e alcan\u00e7a 491 MW de Pot\u00eancia Instalada no Primeiro Semestre de 2024"},"content":{"rendered":"<p class=\"x_MsoNormal\"><b>Cooperativismo democratiza a Gera\u00e7\u00e3o Distribu\u00edda no Brasil com 491 MW de Pot\u00eancia Instalada no Primeiro Semestre de 2024<\/b><\/p>\n<p class=\"x_MsoNormal\">Segundo dados da ANEEL, at\u00e9 o primeiro semestre de 2024, a capacidade instalada de Gera\u00e7\u00e3o Distribu\u00edda (GD) no Brasil alcan\u00e7ou um marco impressionante de mais de 30 gigawatts (GW). Este crescimento \u00e9 distribu\u00eddo entre 2,7 milh\u00f5es de empreendimentos, beneficiando mais de 3,9 milh\u00f5es de unidades consumidoras em todo o pa\u00eds. A energia solar fotovoltaica \u00e9 a principal respons\u00e1vel por esse avan\u00e7o, representando 99,11% da capacidade instalada.<\/p>\n<p class=\"x_MsoNormal\">Em m\u00e9dia, cada empreendimento de GD beneficia cerca de 1,4 unidades consumidoras, demonstrando a efic\u00e1cia da distribui\u00e7\u00e3o de energia gerada. E \u00e9 nesse ponto que o cooperativismo mostra sua for\u00e7a no setor de GD. At\u00e9 o primeiro semestre de 2024, foram registradas 1.454 cooperativas participantes, com uma pot\u00eancia instalada de 491 MW em 5.339 empreendimentos. Esses empreendimentos cooperativos beneficiam mais de 76 mil unidades consumidoras, com uma m\u00e9dia de 14,2 unidades consumidoras por empreendimento. Este dado ressalta a capacidade do cooperativismo de democratizar o acesso aos benef\u00edcios da gera\u00e7\u00e3o distribu\u00edda.<\/p>\n<p class=\"x_MsoNormal\">O crescimento cont\u00ednuo da GD no Brasil reflete a efic\u00e1cia das pol\u00edticas p\u00fablicas e o aumento da conscientiza\u00e7\u00e3o sobre a import\u00e2ncia da energia sustent\u00e1vel, posicionando o pa\u00eds como um l\u00edder no uso de fontes renov\u00e1veis\u00a0de\u00a0energia.<\/p>\n<p class=\"x_MsoNormal\">Veja mais informa\u00e7\u00e3o em:<strong> <a href=\"https:\/\/www2.energia.coop\/brasil\/energia-cooperativa\/#dados\">Dados do cooperativismo de energia<\/a><\/strong><\/p>\n<p class=\"x_MsoNormal\">Autor: Marco Olivio Morato \u2013 Consultor DGRV para o tema de energias renov\u00e1veis<\/p>\n<p class=\"x_MsoNormal\">Publicado em:\u00a023.07.2024<\/p>\n","protected":false},"excerpt":{"rendered":"<p>Cooperativismo democratiza a Gera\u00e7\u00e3o Distribu\u00edda no Brasil com 491 MW de Pot\u00eancia Instalada no Primeiro Semestre de 2024 Segundo dados da ANEEL, at\u00e9 o primeiro semestre de 2024, a capacidade instalada de Gera\u00e7\u00e3o Distribu\u00edda (GD) no Brasil alcan\u00e7ou um marco impressionante de mais de 30 gigawatts (GW). Este crescimento \u00e9 distribu\u00eddo entre 2,7 milh\u00f5es de [&hellip;]<\/p>\n","protected":false},"author":2,"featured_media":2842,"comment_status":"open","ping_status":"open","sticky":false,"template":"","format":"standard","meta":{"_acf_changed":false,"footnotes":""},"categories":[44,45,46],"tags":[89],"class_list":["post-2766","post","type-post","status-publish","format-standard","has-post-thumbnail","hentry","category-blog","category-destaque-principal","category-destaques","tag-infograma-coop"],"acf":[],"yoast_head":"<!-- This site is optimized with the Yoast SEO plugin v27.4 - https:\/\/yoast.com\/product\/yoast-seo-wordpress\/ -->\n<title>Cooperativismo democratiza a Gera\u00e7\u00e3o Distribu\u00edda no Brasil e alcan\u00e7a 491 MW de Pot\u00eancia Instalada no Primeiro Semestre de 2024 - Energia Cooperativa<\/title>\n<meta name=\"description\" content=\"Segundo dados da ANEEL, at\u00e9 o primeiro semestre de 2024, a capacidade instalada de Gera\u00e7\u00e3o Distribu\u00edda (GD) no Brasil alcan\u00e7ou um marco impressionante de mais de 30 gigawatts (GW). Este crescimento \u00e9 distribu\u00eddo entre 2,7 milh\u00f5es de empreendimentos, beneficiando mais de 3,9 milh\u00f5es de unidades consumidoras em todo o pa\u00eds. A energia solar fotovoltaica \u00e9 a principal respons\u00e1vel por esse avan\u00e7o, representando 99,11% da capacidade instalada.\" \/>\n<meta name=\"robots\" content=\"index, follow, max-snippet:-1, max-image-preview:large, max-video-preview:-1\" \/>\n<link rel=\"canonical\" href=\"https:\/\/www2.energia.coop\/brasil\/blog\/cooperativismo-democratiza-a-geracao-distribuida-no-brasil-com-491-mw-de-potencia-instalada-no-primeiro-semestre-de-2024\/\" \/>\n<meta property=\"og:locale\" content=\"pt_BR\" \/>\n<meta property=\"og:type\" content=\"article\" \/>\n<meta property=\"og:title\" content=\"Cooperativismo democratiza a Gera\u00e7\u00e3o Distribu\u00edda no Brasil e alcan\u00e7a 491 MW de Pot\u00eancia Instalada no Primeiro Semestre de 2024 - Energia Cooperativa\" \/>\n<meta property=\"og:description\" content=\"Segundo dados da ANEEL, at\u00e9 o primeiro semestre de 2024, a capacidade instalada de Gera\u00e7\u00e3o Distribu\u00edda (GD) no Brasil alcan\u00e7ou um marco impressionante de mais de 30 gigawatts (GW). Este crescimento \u00e9 distribu\u00eddo entre 2,7 milh\u00f5es de empreendimentos, beneficiando mais de 3,9 milh\u00f5es de unidades consumidoras em todo o pa\u00eds. A energia solar fotovoltaica \u00e9 a principal respons\u00e1vel por esse avan\u00e7o, representando 99,11% da capacidade instalada.\" \/>\n<meta property=\"og:url\" content=\"https:\/\/www2.energia.coop\/brasil\/blog\/cooperativismo-democratiza-a-geracao-distribuida-no-brasil-com-491-mw-de-potencia-instalada-no-primeiro-semestre-de-2024\/\" \/>\n<meta property=\"og:site_name\" content=\"Energia Cooperativa\" \/>\n<meta property=\"article:published_time\" content=\"2024-07-23T13:20:16+00:00\" \/>\n<meta property=\"article:modified_time\" content=\"2024-11-08T12:25:40+00:00\" \/>\n<meta property=\"og:image\" content=\"https:\/\/www2.energia.coop\/brasil\/wp-content\/uploads\/2024\/07\/tamanho-1333-x-456-1.png\" \/>\n\t<meta property=\"og:image:width\" content=\"1333\" \/>\n\t<meta property=\"og:image:height\" content=\"456\" \/>\n\t<meta property=\"og:image:type\" content=\"image\/png\" \/>\n<meta name=\"author\" content=\"energia\" \/>\n<meta name=\"twitter:card\" content=\"summary_large_image\" \/>\n<meta name=\"twitter:label1\" content=\"Escrito por\" \/>\n\t<meta name=\"twitter:data1\" content=\"energia\" \/>\n\t<meta name=\"twitter:label2\" content=\"Est. tempo de leitura\" \/>\n\t<meta name=\"twitter:data2\" content=\"2 minutos\" \/>\n<script type=\"application\/ld+json\" class=\"yoast-schema-graph\">{\"@context\":\"https:\\\/\\\/schema.org\",\"@graph\":[{\"@type\":\"Article\",\"@id\":\"https:\\\/\\\/www2.energia.coop\\\/brasil\\\/blog\\\/cooperativismo-democratiza-a-geracao-distribuida-no-brasil-com-491-mw-de-potencia-instalada-no-primeiro-semestre-de-2024\\\/#article\",\"isPartOf\":{\"@id\":\"https:\\\/\\\/www2.energia.coop\\\/brasil\\\/blog\\\/cooperativismo-democratiza-a-geracao-distribuida-no-brasil-com-491-mw-de-potencia-instalada-no-primeiro-semestre-de-2024\\\/\"},\"author\":{\"name\":\"energia\",\"@id\":\"https:\\\/\\\/www2.energia.coop\\\/brasil\\\/#\\\/schema\\\/person\\\/697a7871a4ef9404cd3df0f0d84f2ccd\"},\"headline\":\"Cooperativismo democratiza a Gera\u00e7\u00e3o Distribu\u00edda no Brasil e alcan\u00e7a 491 MW de Pot\u00eancia Instalada no Primeiro Semestre de 2024\",\"datePublished\":\"2024-07-23T13:20:16+00:00\",\"dateModified\":\"2024-11-08T12:25:40+00:00\",\"mainEntityOfPage\":{\"@id\":\"https:\\\/\\\/www2.energia.coop\\\/brasil\\\/blog\\\/cooperativismo-democratiza-a-geracao-distribuida-no-brasil-com-491-mw-de-potencia-instalada-no-primeiro-semestre-de-2024\\\/\"},\"wordCount\":271,\"commentCount\":0,\"image\":{\"@id\":\"https:\\\/\\\/www2.energia.coop\\\/brasil\\\/blog\\\/cooperativismo-democratiza-a-geracao-distribuida-no-brasil-com-491-mw-de-potencia-instalada-no-primeiro-semestre-de-2024\\\/#primaryimage\"},\"thumbnailUrl\":\"https:\\\/\\\/www2.energia.coop\\\/brasil\\\/wp-content\\\/uploads\\\/2024\\\/07\\\/tamanho-1333-x-456-1.png\",\"keywords\":[\"Infograma coop\"],\"articleSection\":[\"Blog\",\"Destaque Principal\",\"Destaques\"],\"inLanguage\":\"pt-BR\",\"potentialAction\":[{\"@type\":\"CommentAction\",\"name\":\"Comment\",\"target\":[\"https:\\\/\\\/www2.energia.coop\\\/brasil\\\/blog\\\/cooperativismo-democratiza-a-geracao-distribuida-no-brasil-com-491-mw-de-potencia-instalada-no-primeiro-semestre-de-2024\\\/#respond\"]}]},{\"@type\":\"WebPage\",\"@id\":\"https:\\\/\\\/www2.energia.coop\\\/brasil\\\/blog\\\/cooperativismo-democratiza-a-geracao-distribuida-no-brasil-com-491-mw-de-potencia-instalada-no-primeiro-semestre-de-2024\\\/\",\"url\":\"https:\\\/\\\/www2.energia.coop\\\/brasil\\\/blog\\\/cooperativismo-democratiza-a-geracao-distribuida-no-brasil-com-491-mw-de-potencia-instalada-no-primeiro-semestre-de-2024\\\/\",\"name\":\"Cooperativismo democratiza a Gera\u00e7\u00e3o Distribu\u00edda no Brasil e alcan\u00e7a 491 MW de Pot\u00eancia Instalada no Primeiro Semestre de 2024 - Energia Cooperativa\",\"isPartOf\":{\"@id\":\"https:\\\/\\\/www2.energia.coop\\\/brasil\\\/#website\"},\"primaryImageOfPage\":{\"@id\":\"https:\\\/\\\/www2.energia.coop\\\/brasil\\\/blog\\\/cooperativismo-democratiza-a-geracao-distribuida-no-brasil-com-491-mw-de-potencia-instalada-no-primeiro-semestre-de-2024\\\/#primaryimage\"},\"image\":{\"@id\":\"https:\\\/\\\/www2.energia.coop\\\/brasil\\\/blog\\\/cooperativismo-democratiza-a-geracao-distribuida-no-brasil-com-491-mw-de-potencia-instalada-no-primeiro-semestre-de-2024\\\/#primaryimage\"},\"thumbnailUrl\":\"https:\\\/\\\/www2.energia.coop\\\/brasil\\\/wp-content\\\/uploads\\\/2024\\\/07\\\/tamanho-1333-x-456-1.png\",\"datePublished\":\"2024-07-23T13:20:16+00:00\",\"dateModified\":\"2024-11-08T12:25:40+00:00\",\"author\":{\"@id\":\"https:\\\/\\\/www2.energia.coop\\\/brasil\\\/#\\\/schema\\\/person\\\/697a7871a4ef9404cd3df0f0d84f2ccd\"},\"description\":\"Segundo dados da ANEEL, at\u00e9 o primeiro semestre de 2024, a capacidade instalada de Gera\u00e7\u00e3o Distribu\u00edda (GD) no Brasil alcan\u00e7ou um marco impressionante de mais de 30 gigawatts (GW). Este crescimento \u00e9 distribu\u00eddo entre 2,7 milh\u00f5es de empreendimentos, beneficiando mais de 3,9 milh\u00f5es de unidades consumidoras em todo o pa\u00eds. A energia solar fotovoltaica \u00e9 a principal respons\u00e1vel por esse avan\u00e7o, representando 99,11% da capacidade instalada.\",\"inLanguage\":\"pt-BR\",\"potentialAction\":[{\"@type\":\"ReadAction\",\"target\":[\"https:\\\/\\\/www2.energia.coop\\\/brasil\\\/blog\\\/cooperativismo-democratiza-a-geracao-distribuida-no-brasil-com-491-mw-de-potencia-instalada-no-primeiro-semestre-de-2024\\\/\"]}]},{\"@type\":\"ImageObject\",\"inLanguage\":\"pt-BR\",\"@id\":\"https:\\\/\\\/www2.energia.coop\\\/brasil\\\/blog\\\/cooperativismo-democratiza-a-geracao-distribuida-no-brasil-com-491-mw-de-potencia-instalada-no-primeiro-semestre-de-2024\\\/#primaryimage\",\"url\":\"https:\\\/\\\/www2.energia.coop\\\/brasil\\\/wp-content\\\/uploads\\\/2024\\\/07\\\/tamanho-1333-x-456-1.png\",\"contentUrl\":\"https:\\\/\\\/www2.energia.coop\\\/brasil\\\/wp-content\\\/uploads\\\/2024\\\/07\\\/tamanho-1333-x-456-1.png\",\"width\":1333,\"height\":456},{\"@type\":\"WebSite\",\"@id\":\"https:\\\/\\\/www2.energia.coop\\\/brasil\\\/#website\",\"url\":\"https:\\\/\\\/www2.energia.coop\\\/brasil\\\/\",\"name\":\"Energia Cooperativa\",\"description\":\"\",\"potentialAction\":[{\"@type\":\"SearchAction\",\"target\":{\"@type\":\"EntryPoint\",\"urlTemplate\":\"https:\\\/\\\/www2.energia.coop\\\/brasil\\\/?s={search_term_string}\"},\"query-input\":{\"@type\":\"PropertyValueSpecification\",\"valueRequired\":true,\"valueName\":\"search_term_string\"}}],\"inLanguage\":\"pt-BR\"},{\"@type\":\"Person\",\"@id\":\"https:\\\/\\\/www2.energia.coop\\\/brasil\\\/#\\\/schema\\\/person\\\/697a7871a4ef9404cd3df0f0d84f2ccd\",\"name\":\"energia\",\"image\":{\"@type\":\"ImageObject\",\"inLanguage\":\"pt-BR\",\"@id\":\"https:\\\/\\\/secure.gravatar.com\\\/avatar\\\/1f8d6461d2fb019dc81242feecb0c723ed1144bb91b43857997f664435ea5c52?s=96&d=mm&r=g\",\"url\":\"https:\\\/\\\/secure.gravatar.com\\\/avatar\\\/1f8d6461d2fb019dc81242feecb0c723ed1144bb91b43857997f664435ea5c52?s=96&d=mm&r=g\",\"contentUrl\":\"https:\\\/\\\/secure.gravatar.com\\\/avatar\\\/1f8d6461d2fb019dc81242feecb0c723ed1144bb91b43857997f664435ea5c52?s=96&d=mm&r=g\",\"caption\":\"energia\"},\"url\":\"https:\\\/\\\/www2.energia.coop\\\/brasil\\\/author\\\/energia\\\/\"}]}<\/script>\n<!-- \/ Yoast SEO plugin. -->","yoast_head_json":{"title":"Cooperativismo democratiza a Gera\u00e7\u00e3o Distribu\u00edda no Brasil e alcan\u00e7a 491 MW de Pot\u00eancia Instalada no Primeiro Semestre de 2024 - Energia Cooperativa","description":"Segundo dados da ANEEL, at\u00e9 o primeiro semestre de 2024, a capacidade instalada de Gera\u00e7\u00e3o Distribu\u00edda (GD) no Brasil alcan\u00e7ou um marco impressionante de mais de 30 gigawatts (GW). Este crescimento \u00e9 distribu\u00eddo entre 2,7 milh\u00f5es de empreendimentos, beneficiando mais de 3,9 milh\u00f5es de unidades consumidoras em todo o pa\u00eds. A energia solar fotovoltaica \u00e9 a principal respons\u00e1vel por esse avan\u00e7o, representando 99,11% da capacidade instalada.","robots":{"index":"index","follow":"follow","max-snippet":"max-snippet:-1","max-image-preview":"max-image-preview:large","max-video-preview":"max-video-preview:-1"},"canonical":"https:\/\/www2.energia.coop\/brasil\/blog\/cooperativismo-democratiza-a-geracao-distribuida-no-brasil-com-491-mw-de-potencia-instalada-no-primeiro-semestre-de-2024\/","og_locale":"pt_BR","og_type":"article","og_title":"Cooperativismo democratiza a Gera\u00e7\u00e3o Distribu\u00edda no Brasil e alcan\u00e7a 491 MW de Pot\u00eancia Instalada no Primeiro Semestre de 2024 - Energia Cooperativa","og_description":"Segundo dados da ANEEL, at\u00e9 o primeiro semestre de 2024, a capacidade instalada de Gera\u00e7\u00e3o Distribu\u00edda (GD) no Brasil alcan\u00e7ou um marco impressionante de mais de 30 gigawatts (GW). Este crescimento \u00e9 distribu\u00eddo entre 2,7 milh\u00f5es de empreendimentos, beneficiando mais de 3,9 milh\u00f5es de unidades consumidoras em todo o pa\u00eds. A energia solar fotovoltaica \u00e9 a principal respons\u00e1vel por esse avan\u00e7o, representando 99,11% da capacidade instalada.","og_url":"https:\/\/www2.energia.coop\/brasil\/blog\/cooperativismo-democratiza-a-geracao-distribuida-no-brasil-com-491-mw-de-potencia-instalada-no-primeiro-semestre-de-2024\/","og_site_name":"Energia Cooperativa","article_published_time":"2024-07-23T13:20:16+00:00","article_modified_time":"2024-11-08T12:25:40+00:00","og_image":[{"width":1333,"height":456,"url":"https:\/\/www2.energia.coop\/brasil\/wp-content\/uploads\/2024\/07\/tamanho-1333-x-456-1.png","type":"image\/png"}],"author":"energia","twitter_card":"summary_large_image","twitter_misc":{"Escrito por":"energia","Est. tempo de leitura":"2 minutos"},"schema":{"@context":"https:\/\/schema.org","@graph":[{"@type":"Article","@id":"https:\/\/www2.energia.coop\/brasil\/blog\/cooperativismo-democratiza-a-geracao-distribuida-no-brasil-com-491-mw-de-potencia-instalada-no-primeiro-semestre-de-2024\/#article","isPartOf":{"@id":"https:\/\/www2.energia.coop\/brasil\/blog\/cooperativismo-democratiza-a-geracao-distribuida-no-brasil-com-491-mw-de-potencia-instalada-no-primeiro-semestre-de-2024\/"},"author":{"name":"energia","@id":"https:\/\/www2.energia.coop\/brasil\/#\/schema\/person\/697a7871a4ef9404cd3df0f0d84f2ccd"},"headline":"Cooperativismo democratiza a Gera\u00e7\u00e3o Distribu\u00edda no Brasil e alcan\u00e7a 491 MW de Pot\u00eancia Instalada no Primeiro Semestre de 2024","datePublished":"2024-07-23T13:20:16+00:00","dateModified":"2024-11-08T12:25:40+00:00","mainEntityOfPage":{"@id":"https:\/\/www2.energia.coop\/brasil\/blog\/cooperativismo-democratiza-a-geracao-distribuida-no-brasil-com-491-mw-de-potencia-instalada-no-primeiro-semestre-de-2024\/"},"wordCount":271,"commentCount":0,"image":{"@id":"https:\/\/www2.energia.coop\/brasil\/blog\/cooperativismo-democratiza-a-geracao-distribuida-no-brasil-com-491-mw-de-potencia-instalada-no-primeiro-semestre-de-2024\/#primaryimage"},"thumbnailUrl":"https:\/\/www2.energia.coop\/brasil\/wp-content\/uploads\/2024\/07\/tamanho-1333-x-456-1.png","keywords":["Infograma coop"],"articleSection":["Blog","Destaque Principal","Destaques"],"inLanguage":"pt-BR","potentialAction":[{"@type":"CommentAction","name":"Comment","target":["https:\/\/www2.energia.coop\/brasil\/blog\/cooperativismo-democratiza-a-geracao-distribuida-no-brasil-com-491-mw-de-potencia-instalada-no-primeiro-semestre-de-2024\/#respond"]}]},{"@type":"WebPage","@id":"https:\/\/www2.energia.coop\/brasil\/blog\/cooperativismo-democratiza-a-geracao-distribuida-no-brasil-com-491-mw-de-potencia-instalada-no-primeiro-semestre-de-2024\/","url":"https:\/\/www2.energia.coop\/brasil\/blog\/cooperativismo-democratiza-a-geracao-distribuida-no-brasil-com-491-mw-de-potencia-instalada-no-primeiro-semestre-de-2024\/","name":"Cooperativismo democratiza a Gera\u00e7\u00e3o Distribu\u00edda no Brasil e alcan\u00e7a 491 MW de Pot\u00eancia Instalada no Primeiro Semestre de 2024 - Energia Cooperativa","isPartOf":{"@id":"https:\/\/www2.energia.coop\/brasil\/#website"},"primaryImageOfPage":{"@id":"https:\/\/www2.energia.coop\/brasil\/blog\/cooperativismo-democratiza-a-geracao-distribuida-no-brasil-com-491-mw-de-potencia-instalada-no-primeiro-semestre-de-2024\/#primaryimage"},"image":{"@id":"https:\/\/www2.energia.coop\/brasil\/blog\/cooperativismo-democratiza-a-geracao-distribuida-no-brasil-com-491-mw-de-potencia-instalada-no-primeiro-semestre-de-2024\/#primaryimage"},"thumbnailUrl":"https:\/\/www2.energia.coop\/brasil\/wp-content\/uploads\/2024\/07\/tamanho-1333-x-456-1.png","datePublished":"2024-07-23T13:20:16+00:00","dateModified":"2024-11-08T12:25:40+00:00","author":{"@id":"https:\/\/www2.energia.coop\/brasil\/#\/schema\/person\/697a7871a4ef9404cd3df0f0d84f2ccd"},"description":"Segundo dados da ANEEL, at\u00e9 o primeiro semestre de 2024, a capacidade instalada de Gera\u00e7\u00e3o Distribu\u00edda (GD) no Brasil alcan\u00e7ou um marco impressionante de mais de 30 gigawatts (GW). Este crescimento \u00e9 distribu\u00eddo entre 2,7 milh\u00f5es de empreendimentos, beneficiando mais de 3,9 milh\u00f5es de unidades consumidoras em todo o pa\u00eds. A energia solar fotovoltaica \u00e9 a principal respons\u00e1vel por esse avan\u00e7o, representando 99,11% da capacidade instalada.","inLanguage":"pt-BR","potentialAction":[{"@type":"ReadAction","target":["https:\/\/www2.energia.coop\/brasil\/blog\/cooperativismo-democratiza-a-geracao-distribuida-no-brasil-com-491-mw-de-potencia-instalada-no-primeiro-semestre-de-2024\/"]}]},{"@type":"ImageObject","inLanguage":"pt-BR","@id":"https:\/\/www2.energia.coop\/brasil\/blog\/cooperativismo-democratiza-a-geracao-distribuida-no-brasil-com-491-mw-de-potencia-instalada-no-primeiro-semestre-de-2024\/#primaryimage","url":"https:\/\/www2.energia.coop\/brasil\/wp-content\/uploads\/2024\/07\/tamanho-1333-x-456-1.png","contentUrl":"https:\/\/www2.energia.coop\/brasil\/wp-content\/uploads\/2024\/07\/tamanho-1333-x-456-1.png","width":1333,"height":456},{"@type":"WebSite","@id":"https:\/\/www2.energia.coop\/brasil\/#website","url":"https:\/\/www2.energia.coop\/brasil\/","name":"Energia Cooperativa","description":"","potentialAction":[{"@type":"SearchAction","target":{"@type":"EntryPoint","urlTemplate":"https:\/\/www2.energia.coop\/brasil\/?s={search_term_string}"},"query-input":{"@type":"PropertyValueSpecification","valueRequired":true,"valueName":"search_term_string"}}],"inLanguage":"pt-BR"},{"@type":"Person","@id":"https:\/\/www2.energia.coop\/brasil\/#\/schema\/person\/697a7871a4ef9404cd3df0f0d84f2ccd","name":"energia","image":{"@type":"ImageObject","inLanguage":"pt-BR","@id":"https:\/\/secure.gravatar.com\/avatar\/1f8d6461d2fb019dc81242feecb0c723ed1144bb91b43857997f664435ea5c52?s=96&d=mm&r=g","url":"https:\/\/secure.gravatar.com\/avatar\/1f8d6461d2fb019dc81242feecb0c723ed1144bb91b43857997f664435ea5c52?s=96&d=mm&r=g","contentUrl":"https:\/\/secure.gravatar.com\/avatar\/1f8d6461d2fb019dc81242feecb0c723ed1144bb91b43857997f664435ea5c52?s=96&d=mm&r=g","caption":"energia"},"url":"https:\/\/www2.energia.coop\/brasil\/author\/energia\/"}]}},"_links":{"self":[{"href":"https:\/\/www2.energia.coop\/brasil\/wp-json\/wp\/v2\/posts\/2766","targetHints":{"allow":["GET"]}}],"collection":[{"href":"https:\/\/www2.energia.coop\/brasil\/wp-json\/wp\/v2\/posts"}],"about":[{"href":"https:\/\/www2.energia.coop\/brasil\/wp-json\/wp\/v2\/types\/post"}],"author":[{"embeddable":true,"href":"https:\/\/www2.energia.coop\/brasil\/wp-json\/wp\/v2\/users\/2"}],"replies":[{"embeddable":true,"href":"https:\/\/www2.energia.coop\/brasil\/wp-json\/wp\/v2\/comments?post=2766"}],"version-history":[{"count":0,"href":"https:\/\/www2.energia.coop\/brasil\/wp-json\/wp\/v2\/posts\/2766\/revisions"}],"wp:featuredmedia":[{"embeddable":true,"href":"https:\/\/www2.energia.coop\/brasil\/wp-json\/wp\/v2\/media\/2842"}],"wp:attachment":[{"href":"https:\/\/www2.energia.coop\/brasil\/wp-json\/wp\/v2\/media?parent=2766"}],"wp:term":[{"taxonomy":"category","embeddable":true,"href":"https:\/\/www2.energia.coop\/brasil\/wp-json\/wp\/v2\/categories?post=2766"},{"taxonomy":"post_tag","embeddable":true,"href":"https:\/\/www2.energia.coop\/brasil\/wp-json\/wp\/v2\/tags?post=2766"}],"curies":[{"name":"wp","href":"https:\/\/api.w.org\/{rel}","templated":true}]}}