

{"id":2487,"date":"2023-12-22T09:50:33","date_gmt":"2023-12-22T12:50:33","guid":{"rendered":"https:\/\/www2.energia.coop\/brasil\/biblioteca\/diagnostico-assistido-de-identidade-cooperativista-2\/"},"modified":"2024-11-08T09:28:22","modified_gmt":"2024-11-08T12:28:22","slug":"avancos-controversias-e-desafios-na-conferencia-climatica-global-da-onu-em-dubai","status":"publish","type":"post","link":"https:\/\/www2.energia.coop\/brasil\/blog\/avancos-controversias-e-desafios-na-conferencia-climatica-global-da-onu-em-dubai\/","title":{"rendered":"Avan\u00e7os, controv\u00e9rsias e desafios na confer\u00eancia clim\u00e1tica global da ONU em Dubai"},"content":{"rendered":"<p>Nestas \u00faltimas semanas representantes da Organiza\u00e7\u00e3o das Cooperativas Brasileiras (OCB), organiza\u00e7\u00e3o apoiadora da Energia.coop, estiveram presentes na <strong>28\u00aa Confer\u00eancias das Na\u00e7\u00f5es Unidas sobre as Mudan\u00e7as Clim\u00e1ticas (COP28)<\/strong>, que ocorreu em Dubai dos dias 30 de novembro a 12 de dezembro. A representante da institui\u00e7\u00e3o, Lais Nara Barbosa, participou de algumas das programa\u00e7\u00f5es e listou alguns <em>insights<\/em> importantes relacionados \u00e0 transi\u00e7\u00e3o energ\u00e9tica e descarboniza\u00e7\u00e3o que impactam o contexto brasileiro.<\/p>\n<p><span style=\"font-weight: 400;\">___________________________<\/span><\/p>\n<p>&nbsp;<\/p>\n<h4><b><span data-contrast=\"auto\"><strong>Abertura e desafio principal<\/strong><\/span><\/b><\/h4>\n<p>A COP28 teve in\u00edcio com a urg\u00eancia de enfrentar os desafios clim\u00e1ticos globais, destacando a necessidade de coopera\u00e7\u00e3o e vontade pol\u00edtica para evitar a degrada\u00e7\u00e3o ambiental. O secret\u00e1rio-geral da ONU, Ant\u00f3nio Guterres, alertou os l\u00edderes mundiais sobre a import\u00e2ncia de encerrar a depend\u00eancia de combust\u00edveis f\u00f3sseis e cumprir as promessas de justi\u00e7a clim\u00e1tica.<\/p>\n<p>O aumento cont\u00ednuo das emiss\u00f5es de di\u00f3xido de carbono provenientes da queima de combust\u00edveis f\u00f3sseis, apesar dos alertas cient\u00edficos, intensificou a press\u00e3o sobre os participantes da COP28. O estudo do Global Carbon Project prev\u00ea um recorde de 36,8 bilh\u00f5es de toneladas de CO2 em 2023, aumentando os riscos de um mundo 1,5\u00b0C mais quente at\u00e9 2030, com consequ\u00eancias como secas, enchentes, tempestades e outros eventos clim\u00e1ticos extremos.<\/p>\n<p>&nbsp;<\/p>\n<h4><b><span data-contrast=\"auto\">Fundo emergencial<\/span><\/b><\/h4>\n<p>Houve a aprova\u00e7\u00e3o de um fundo emergencial para perdas e danos, destinado a compensar os pa\u00edses mais vulner\u00e1veis afetados pela crise clim\u00e1tica. As doa\u00e7\u00f5es anunciadas ultrapassam US$ 700 milh\u00f5es, mas ainda \u00e9 necess\u00e1ria a regulamenta\u00e7\u00e3o deste dispositivo.<\/p>\n<p>&nbsp;<\/p>\n<h4><strong>Pequeno avan\u00e7o no fundo de perdas e danos<\/strong><\/h4>\n<p>Em 2009, os pa\u00edses desenvolvidos prometeram que, a partir de 2020, liberariam 100 bilh\u00f5es de d\u00f3lares por ano para ajudar os pa\u00edses pobres na adapta\u00e7\u00e3o \u00e0 mudan\u00e7a clim\u00e1tica e na diminui\u00e7\u00e3o de suas emiss\u00f5es. Ao mesmo tempo, deveriam\u00a0 iniciar a transi\u00e7\u00e3o energ\u00e9tica, que permanece sem uma defini\u00e7\u00e3o (?). Existem diverg\u00eancias sobre como contabilizar esse valor, com o debate sobre a validade de recursos dados como n\u00e3o reembols\u00e1veis ou empr\u00e9stimos.<\/p>\n<p>&nbsp;<\/p>\n<h4><strong>Proposta de prote\u00e7\u00e3o \u00e0s florestas tropicais, inova\u00e7\u00e3o brasileira<\/strong><\/h4>\n<p>O governo brasileiro prop\u00f4s o Fundo Floresta Tropical para Sempre (FFTS), no qual pa\u00edses desenvolvidos e altamente poluentes, com economia baseada na explora\u00e7\u00e3o de combust\u00edveis, seriam os principais contribuintes. A proposta busca obter recursos para incentivar a conserva\u00e7\u00e3o e combater o desmatamento, sugerindo um investimento inicial de US$ 250 bilh\u00f5es. Os recursos seriam usados em projetos de preserva\u00e7\u00e3o e desenvolvimento econ\u00f4mico, e os pa\u00edses benefici\u00e1rios precisariam atender a crit\u00e9rios rigorosos, como manter o desmatamento abaixo de uma taxa espec\u00edfica. A proposta alinha-se com compromissos internacionais assumidos no Acordo de Paris, com os quais o Brasil se comprometeu a reduzir emiss\u00f5es em 43% at\u00e9 2030 em rela\u00e7\u00e3o a 2005.<\/p>\n<p>O Brasil encerra sua participa\u00e7\u00e3o enfatizando o papel crucial do pa\u00eds na discuss\u00e3o clim\u00e1tica, com destaque para o planejamento e execu\u00e7\u00e3o de uma transi\u00e7\u00e3o ecol\u00f3gica da economia brasileira, centrada na transi\u00e7\u00e3o energ\u00e9tica e bioeconomia. As tecnologias brasileiras de produ\u00e7\u00e3o de alimentos permitem aumentar a produ\u00e7\u00e3o sem expandir a \u00e1rea cultivada, e ainda temos a capacidade de sequestrar carbono atrav\u00e9s dos nossos processos produtivos, uma oportunidade de desenvolvimento sustent\u00e1vel e de contribuir para a descarboniza\u00e7\u00e3o mundial, seja pela produ\u00e7\u00e3o de alimentos sustent\u00e1veis ou pela oferta de combust\u00edveis renov\u00e1veis. Cabe ao Brasil e ao Cooperativismo avan\u00e7ar ainda mais na pauta, consolidando-nos como pot\u00eancia clim\u00e1tica na COP30 em Bel\u00e9m.<\/p>\n<p>&nbsp;<\/p>\n<h4><strong>Cooperativismo na COP28<\/strong><\/h4>\n<p>O tema cooperativismo esteve presente na confer\u00eancia, na qual o Sistema OCB <span style=\"text-decoration: underline; color: #008080;\"><a style=\"color: #008080; text-decoration: underline;\" href=\"https:\/\/somoscooperativismo.coop.br\/noticias-esg\/crescimento-sustentavel-passa-pelo-cooperativismo\">coordenou um painel<\/a><\/span> chamado <em>Cooperativas: aliadas da sustentabilidade ambiental e seguran\u00e7a alimentar, <\/em>que discutiu contribui\u00e7\u00f5es das cooperativas para o desenvolvimento inclusivo de comunidades brasileiras, africanas e europeias. O painel tamb\u00e9m contou com cases de sucesso de diferentes pa\u00edses. Al\u00e9m disso, Lais Nara Barbosa, Analista T\u00e9cnica Institucional do Sistema OCB <span style=\"text-decoration: underline;\"><a href=\"https:\/\/somoscooperativismo.coop.br\/noticias-esg\/cop-28-cooperativismo-atua-na-manutencao-da-floresta-em-pe\"><span style=\"color: #008080; text-decoration: underline;\">participou do painel<\/span><\/a><\/span> <em>Prote\u00e7\u00e3o, promo\u00e7\u00e3o e participa\u00e7\u00e3o de povos e comunidades tradicionais na constru\u00e7\u00e3o da agenda clim\u00e1tica global<\/em>, no qual salientou a import\u00e2ncia da participa\u00e7\u00e3o das comunidades para o desenvolvimento sustent\u00e1vel e para a manuten\u00e7\u00e3o das florestas em p\u00e9.<\/p>\n<p style=\"padding-left: 200px;\"><img loading=\"lazy\" decoding=\"async\" class=\"wp-image-2503 aligncenter\" src=\"https:\/\/www2.energia.coop\/brasil\/wp-content\/uploads\/2023\/12\/Imagem2.jpg\" alt=\"\" width=\"487\" height=\"365\" srcset=\"https:\/\/www2.energia.coop\/brasil\/wp-content\/uploads\/2023\/12\/Imagem2.jpg 1069w, https:\/\/www2.energia.coop\/brasil\/wp-content\/uploads\/2023\/12\/Imagem2-300x225.jpg 300w, https:\/\/www2.energia.coop\/brasil\/wp-content\/uploads\/2023\/12\/Imagem2-1024x768.jpg 1024w, https:\/\/www2.energia.coop\/brasil\/wp-content\/uploads\/2023\/12\/Imagem2-768x576.jpg 768w\" sizes=\"auto, (max-width: 487px) 100vw, 487px\" \/><\/p>\n<p>Outros dois paineis contaram com a participa\u00e7\u00e3o do Sistema OCB, um deles era chamado <em>As contribui\u00e7\u00f5es da Economia Social e Solid\u00e1ria para os ODS: o papel da pol\u00edtica comercial<\/em>, onde a gerente-geral do Sistema OCB, Fab\u00edola Nader Motta, <span style=\"text-decoration: underline; color: #008080;\"><a style=\"color: #008080; text-decoration: underline;\" href=\"https:\/\/somoscooperativismo.coop.br\/noticias-representacao\/omc-destaca-importancia-do-cooperativismo-em-painel-da-cop-28\">falou sobre os diferenciais do cooperativismo<\/a><\/span>, quais as contribui\u00e7\u00f5es que o modelo oferece para a economia verde e, tamb\u00e9m,\u00a0 os desafios que precisam ser enfrentados para que sua representatividade seja ainda mais efetiva. O outro painel que tamb\u00e9m teve a participa\u00e7\u00e3o de Fab\u00edola, <em>Plano ABC+ e seu papel na seguran\u00e7a alimentar<\/em>, teve como tema da discuss\u00e3o o comprometimento do movimento com uma agricultura mais resiliente, rent\u00e1vel e capaz de mitigar as emiss\u00f5es dos gases de efeito estufa. Durante sua participa\u00e7\u00e3o, Fab\u00edola, lembrou que o Plano ABC+ \u00e9 primordial para a seguran\u00e7a alimentar e que a transi\u00e7\u00e3o para uma economia verde exige o envolvimento n\u00e3o s\u00f3 de governos ou organiza\u00e7\u00f5es, mas das pessoas como um todo, e destacou a import\u00e2ncia do cooperativismo neste caminho.<\/p>\n<p>&nbsp;<\/p>\n<h4><strong>Encerramento da COP28, o trabalho para os pa\u00edses e as energias renov\u00e1veis<\/strong><\/h4>\n<p>O acordo final da COP28 enfatiza a transi\u00e7\u00e3o dos sistemas de energia e, pela primeira vez, inclui o petr\u00f3leo e o g\u00e1s em um acordo da COP. No entanto, os produtores de petr\u00f3leo e os pa\u00edses em desenvolvimento foram tranquilizados por afirma\u00e7\u00f5es de que os pa\u00edses s\u00e3o livres para seguir seus pr\u00f3prios caminhos em dire\u00e7\u00e3o \u00e0 neutralidade de carbono. O texto final da COP28 tamb\u00e9m coloca como desafio triplicar o uso de energias renov\u00e1veis nos pr\u00f3ximos 2 anos, ado\u00e7\u00e3o de medidas para mitigar as emiss\u00f5es de metano e a cria\u00e7\u00e3o de um fundo de perdas e danos. Por isso, Dubai pode ser considerada a COP mais significativa desde o Acordo de Paris em 2015. No entanto, existe quem duvide dos efeitos pr\u00e1ticos para atingir o aquecimento global em 1,5 graus estabelecido por Paris.<\/p>\n<p>A quest\u00e3o maior que fica \u00e9: embora o acordo de Dubai avance no entendimento do real desafio de reduzir drasticamente o uso de combust\u00edveis f\u00f3sseis, o futuro ser\u00e1 determinado pelos consumidores, cooperativas, empresas e governos nacionais, que podem acelerar, independentemente do acordo, a descarboniza\u00e7\u00e3o da economia global.<\/p>\n<p>&nbsp;<\/p>\n<p>&nbsp;<\/p>\n<p><span style=\"font-weight: 400;\">Autores: Marco Morato (OCB) e La\u00eds Cassanta Vidotto (IDEAL) <\/span><\/p>\n<p>&nbsp;<\/p>\n<p><i><span style=\"font-weight: 400;\">Publicado em <\/span><\/i><i><span style=\"font-weight: 400;\">26<\/span><\/i><i><span style=\"font-weight: 400;\">\/01\/2024<\/span><\/i><\/p>\n","protected":false},"excerpt":{"rendered":"<p>Nestas \u00faltimas semanas representantes da Organiza\u00e7\u00e3o das Cooperativas Brasileiras (OCB), organiza\u00e7\u00e3o apoiadora da Energia.coop, estiveram presentes na 28\u00aa Confer\u00eancias das Na\u00e7\u00f5es Unidas sobre as Mudan\u00e7as Clim\u00e1ticas (COP28), que ocorreu em Dubai dos dias 30 de novembro a 12 de dezembro. A representante da institui\u00e7\u00e3o, Lais Nara Barbosa, participou de algumas das programa\u00e7\u00f5es e listou alguns [&hellip;]<\/p>\n","protected":false},"author":2,"featured_media":2844,"comment_status":"open","ping_status":"open","sticky":false,"template":"","format":"standard","meta":{"_acf_changed":false,"footnotes":""},"categories":[44,45,46,1],"tags":[88],"class_list":["post-2487","post","type-post","status-publish","format-standard","has-post-thumbnail","hentry","category-blog","category-destaque-principal","category-destaques","category-biblioteca","tag-eventos"],"acf":[],"yoast_head":"<!-- This site is optimized with the Yoast SEO plugin v27.4 - https:\/\/yoast.com\/product\/yoast-seo-wordpress\/ -->\n<title>Avan\u00e7os, controv\u00e9rsias e desafios na confer\u00eancia clim\u00e1tica global da ONU em Dubai - Energia Cooperativa<\/title>\n<meta name=\"description\" content=\"Nestas \u00faltimas semanas representantes da Organiza\u00e7\u00e3o das Cooperativas Brasileiras (OCB), organiza\u00e7\u00e3o apoiadora da Energia.coop, estiveram presentes na 28\u00aa Confer\u00eancias das Na\u00e7\u00f5es Unidas sobre as Mudan\u00e7as Clim\u00e1ticas (COP28), que ocorreu em Dubai dos dias 30 de novembro a 12 de dezembro. A representante da institui\u00e7\u00e3o, Lais Nara Barbosa, participou de algumas das programa\u00e7\u00f5es e listou alguns insights importantes relacionados \u00e0 transi\u00e7\u00e3o energ\u00e9tica e descarboniza\u00e7\u00e3o que impactam o contexto brasileiro.\" \/>\n<meta name=\"robots\" content=\"index, follow, max-snippet:-1, max-image-preview:large, max-video-preview:-1\" \/>\n<link rel=\"canonical\" href=\"https:\/\/www2.energia.coop\/brasil\/blog\/avancos-controversias-e-desafios-na-conferencia-climatica-global-da-onu-em-dubai\/\" \/>\n<meta property=\"og:locale\" content=\"pt_BR\" \/>\n<meta property=\"og:type\" content=\"article\" \/>\n<meta property=\"og:title\" content=\"Avan\u00e7os, controv\u00e9rsias e desafios na confer\u00eancia clim\u00e1tica global da ONU em Dubai - Energia Cooperativa\" \/>\n<meta property=\"og:description\" content=\"Nestas \u00faltimas semanas representantes da Organiza\u00e7\u00e3o das Cooperativas Brasileiras (OCB), organiza\u00e7\u00e3o apoiadora da Energia.coop, estiveram presentes na 28\u00aa Confer\u00eancias das Na\u00e7\u00f5es Unidas sobre as Mudan\u00e7as Clim\u00e1ticas (COP28), que ocorreu em Dubai dos dias 30 de novembro a 12 de dezembro. A representante da institui\u00e7\u00e3o, Lais Nara Barbosa, participou de algumas das programa\u00e7\u00f5es e listou alguns insights importantes relacionados \u00e0 transi\u00e7\u00e3o energ\u00e9tica e descarboniza\u00e7\u00e3o que impactam o contexto brasileiro.\" \/>\n<meta property=\"og:url\" content=\"https:\/\/www2.energia.coop\/brasil\/blog\/avancos-controversias-e-desafios-na-conferencia-climatica-global-da-onu-em-dubai\/\" \/>\n<meta property=\"og:site_name\" content=\"Energia Cooperativa\" \/>\n<meta property=\"article:published_time\" content=\"2023-12-22T12:50:33+00:00\" \/>\n<meta property=\"article:modified_time\" content=\"2024-11-08T12:28:22+00:00\" \/>\n<meta property=\"og:image\" content=\"https:\/\/www2.energia.coop\/brasil\/wp-content\/uploads\/2023\/12\/tamanho-1333-x-456-2.png\" \/>\n\t<meta property=\"og:image:width\" content=\"1333\" \/>\n\t<meta property=\"og:image:height\" content=\"456\" \/>\n\t<meta property=\"og:image:type\" content=\"image\/png\" \/>\n<meta name=\"author\" content=\"energia\" \/>\n<meta name=\"twitter:card\" content=\"summary_large_image\" \/>\n<meta name=\"twitter:label1\" content=\"Escrito por\" \/>\n\t<meta name=\"twitter:data1\" content=\"energia\" \/>\n\t<meta name=\"twitter:label2\" content=\"Est. tempo de leitura\" \/>\n\t<meta name=\"twitter:data2\" content=\"6 minutos\" \/>\n<script type=\"application\/ld+json\" class=\"yoast-schema-graph\">{\"@context\":\"https:\\\/\\\/schema.org\",\"@graph\":[{\"@type\":\"Article\",\"@id\":\"https:\\\/\\\/www2.energia.coop\\\/brasil\\\/blog\\\/avancos-controversias-e-desafios-na-conferencia-climatica-global-da-onu-em-dubai\\\/#article\",\"isPartOf\":{\"@id\":\"https:\\\/\\\/www2.energia.coop\\\/brasil\\\/blog\\\/avancos-controversias-e-desafios-na-conferencia-climatica-global-da-onu-em-dubai\\\/\"},\"author\":{\"name\":\"energia\",\"@id\":\"https:\\\/\\\/www2.energia.coop\\\/brasil\\\/#\\\/schema\\\/person\\\/697a7871a4ef9404cd3df0f0d84f2ccd\"},\"headline\":\"Avan\u00e7os, controv\u00e9rsias e desafios na confer\u00eancia clim\u00e1tica global da ONU em Dubai\",\"datePublished\":\"2023-12-22T12:50:33+00:00\",\"dateModified\":\"2024-11-08T12:28:22+00:00\",\"mainEntityOfPage\":{\"@id\":\"https:\\\/\\\/www2.energia.coop\\\/brasil\\\/blog\\\/avancos-controversias-e-desafios-na-conferencia-climatica-global-da-onu-em-dubai\\\/\"},\"wordCount\":1159,\"commentCount\":0,\"image\":{\"@id\":\"https:\\\/\\\/www2.energia.coop\\\/brasil\\\/blog\\\/avancos-controversias-e-desafios-na-conferencia-climatica-global-da-onu-em-dubai\\\/#primaryimage\"},\"thumbnailUrl\":\"https:\\\/\\\/www2.energia.coop\\\/brasil\\\/wp-content\\\/uploads\\\/2023\\\/12\\\/tamanho-1333-x-456-2.png\",\"keywords\":[\"Eventos\"],\"articleSection\":[\"Blog\",\"Destaque Principal\",\"Destaques\",\"Biblioteca\"],\"inLanguage\":\"pt-BR\",\"potentialAction\":[{\"@type\":\"CommentAction\",\"name\":\"Comment\",\"target\":[\"https:\\\/\\\/www2.energia.coop\\\/brasil\\\/blog\\\/avancos-controversias-e-desafios-na-conferencia-climatica-global-da-onu-em-dubai\\\/#respond\"]}]},{\"@type\":\"WebPage\",\"@id\":\"https:\\\/\\\/www2.energia.coop\\\/brasil\\\/blog\\\/avancos-controversias-e-desafios-na-conferencia-climatica-global-da-onu-em-dubai\\\/\",\"url\":\"https:\\\/\\\/www2.energia.coop\\\/brasil\\\/blog\\\/avancos-controversias-e-desafios-na-conferencia-climatica-global-da-onu-em-dubai\\\/\",\"name\":\"Avan\u00e7os, controv\u00e9rsias e desafios na confer\u00eancia clim\u00e1tica global da ONU em Dubai - Energia Cooperativa\",\"isPartOf\":{\"@id\":\"https:\\\/\\\/www2.energia.coop\\\/brasil\\\/#website\"},\"primaryImageOfPage\":{\"@id\":\"https:\\\/\\\/www2.energia.coop\\\/brasil\\\/blog\\\/avancos-controversias-e-desafios-na-conferencia-climatica-global-da-onu-em-dubai\\\/#primaryimage\"},\"image\":{\"@id\":\"https:\\\/\\\/www2.energia.coop\\\/brasil\\\/blog\\\/avancos-controversias-e-desafios-na-conferencia-climatica-global-da-onu-em-dubai\\\/#primaryimage\"},\"thumbnailUrl\":\"https:\\\/\\\/www2.energia.coop\\\/brasil\\\/wp-content\\\/uploads\\\/2023\\\/12\\\/tamanho-1333-x-456-2.png\",\"datePublished\":\"2023-12-22T12:50:33+00:00\",\"dateModified\":\"2024-11-08T12:28:22+00:00\",\"author\":{\"@id\":\"https:\\\/\\\/www2.energia.coop\\\/brasil\\\/#\\\/schema\\\/person\\\/697a7871a4ef9404cd3df0f0d84f2ccd\"},\"description\":\"Nestas \u00faltimas semanas representantes da Organiza\u00e7\u00e3o das Cooperativas Brasileiras (OCB), organiza\u00e7\u00e3o apoiadora da Energia.coop, estiveram presentes na 28\u00aa Confer\u00eancias das Na\u00e7\u00f5es Unidas sobre as Mudan\u00e7as Clim\u00e1ticas (COP28), que ocorreu em Dubai dos dias 30 de novembro a 12 de dezembro. A representante da institui\u00e7\u00e3o, Lais Nara Barbosa, participou de algumas das programa\u00e7\u00f5es e listou alguns insights importantes relacionados \u00e0 transi\u00e7\u00e3o energ\u00e9tica e descarboniza\u00e7\u00e3o que impactam o contexto brasileiro.\",\"inLanguage\":\"pt-BR\",\"potentialAction\":[{\"@type\":\"ReadAction\",\"target\":[\"https:\\\/\\\/www2.energia.coop\\\/brasil\\\/blog\\\/avancos-controversias-e-desafios-na-conferencia-climatica-global-da-onu-em-dubai\\\/\"]}]},{\"@type\":\"ImageObject\",\"inLanguage\":\"pt-BR\",\"@id\":\"https:\\\/\\\/www2.energia.coop\\\/brasil\\\/blog\\\/avancos-controversias-e-desafios-na-conferencia-climatica-global-da-onu-em-dubai\\\/#primaryimage\",\"url\":\"https:\\\/\\\/www2.energia.coop\\\/brasil\\\/wp-content\\\/uploads\\\/2023\\\/12\\\/tamanho-1333-x-456-2.png\",\"contentUrl\":\"https:\\\/\\\/www2.energia.coop\\\/brasil\\\/wp-content\\\/uploads\\\/2023\\\/12\\\/tamanho-1333-x-456-2.png\",\"width\":1333,\"height\":456},{\"@type\":\"WebSite\",\"@id\":\"https:\\\/\\\/www2.energia.coop\\\/brasil\\\/#website\",\"url\":\"https:\\\/\\\/www2.energia.coop\\\/brasil\\\/\",\"name\":\"Energia Cooperativa\",\"description\":\"\",\"potentialAction\":[{\"@type\":\"SearchAction\",\"target\":{\"@type\":\"EntryPoint\",\"urlTemplate\":\"https:\\\/\\\/www2.energia.coop\\\/brasil\\\/?s={search_term_string}\"},\"query-input\":{\"@type\":\"PropertyValueSpecification\",\"valueRequired\":true,\"valueName\":\"search_term_string\"}}],\"inLanguage\":\"pt-BR\"},{\"@type\":\"Person\",\"@id\":\"https:\\\/\\\/www2.energia.coop\\\/brasil\\\/#\\\/schema\\\/person\\\/697a7871a4ef9404cd3df0f0d84f2ccd\",\"name\":\"energia\",\"image\":{\"@type\":\"ImageObject\",\"inLanguage\":\"pt-BR\",\"@id\":\"https:\\\/\\\/secure.gravatar.com\\\/avatar\\\/1f8d6461d2fb019dc81242feecb0c723ed1144bb91b43857997f664435ea5c52?s=96&d=mm&r=g\",\"url\":\"https:\\\/\\\/secure.gravatar.com\\\/avatar\\\/1f8d6461d2fb019dc81242feecb0c723ed1144bb91b43857997f664435ea5c52?s=96&d=mm&r=g\",\"contentUrl\":\"https:\\\/\\\/secure.gravatar.com\\\/avatar\\\/1f8d6461d2fb019dc81242feecb0c723ed1144bb91b43857997f664435ea5c52?s=96&d=mm&r=g\",\"caption\":\"energia\"},\"url\":\"https:\\\/\\\/www2.energia.coop\\\/brasil\\\/author\\\/energia\\\/\"}]}<\/script>\n<!-- \/ Yoast SEO plugin. -->","yoast_head_json":{"title":"Avan\u00e7os, controv\u00e9rsias e desafios na confer\u00eancia clim\u00e1tica global da ONU em Dubai - Energia Cooperativa","description":"Nestas \u00faltimas semanas representantes da Organiza\u00e7\u00e3o das Cooperativas Brasileiras (OCB), organiza\u00e7\u00e3o apoiadora da Energia.coop, estiveram presentes na 28\u00aa Confer\u00eancias das Na\u00e7\u00f5es Unidas sobre as Mudan\u00e7as Clim\u00e1ticas (COP28), que ocorreu em Dubai dos dias 30 de novembro a 12 de dezembro. A representante da institui\u00e7\u00e3o, Lais Nara Barbosa, participou de algumas das programa\u00e7\u00f5es e listou alguns insights importantes relacionados \u00e0 transi\u00e7\u00e3o energ\u00e9tica e descarboniza\u00e7\u00e3o que impactam o contexto brasileiro.","robots":{"index":"index","follow":"follow","max-snippet":"max-snippet:-1","max-image-preview":"max-image-preview:large","max-video-preview":"max-video-preview:-1"},"canonical":"https:\/\/www2.energia.coop\/brasil\/blog\/avancos-controversias-e-desafios-na-conferencia-climatica-global-da-onu-em-dubai\/","og_locale":"pt_BR","og_type":"article","og_title":"Avan\u00e7os, controv\u00e9rsias e desafios na confer\u00eancia clim\u00e1tica global da ONU em Dubai - Energia Cooperativa","og_description":"Nestas \u00faltimas semanas representantes da Organiza\u00e7\u00e3o das Cooperativas Brasileiras (OCB), organiza\u00e7\u00e3o apoiadora da Energia.coop, estiveram presentes na 28\u00aa Confer\u00eancias das Na\u00e7\u00f5es Unidas sobre as Mudan\u00e7as Clim\u00e1ticas (COP28), que ocorreu em Dubai dos dias 30 de novembro a 12 de dezembro. A representante da institui\u00e7\u00e3o, Lais Nara Barbosa, participou de algumas das programa\u00e7\u00f5es e listou alguns insights importantes relacionados \u00e0 transi\u00e7\u00e3o energ\u00e9tica e descarboniza\u00e7\u00e3o que impactam o contexto brasileiro.","og_url":"https:\/\/www2.energia.coop\/brasil\/blog\/avancos-controversias-e-desafios-na-conferencia-climatica-global-da-onu-em-dubai\/","og_site_name":"Energia Cooperativa","article_published_time":"2023-12-22T12:50:33+00:00","article_modified_time":"2024-11-08T12:28:22+00:00","og_image":[{"width":1333,"height":456,"url":"https:\/\/www2.energia.coop\/brasil\/wp-content\/uploads\/2023\/12\/tamanho-1333-x-456-2.png","type":"image\/png"}],"author":"energia","twitter_card":"summary_large_image","twitter_misc":{"Escrito por":"energia","Est. tempo de leitura":"6 minutos"},"schema":{"@context":"https:\/\/schema.org","@graph":[{"@type":"Article","@id":"https:\/\/www2.energia.coop\/brasil\/blog\/avancos-controversias-e-desafios-na-conferencia-climatica-global-da-onu-em-dubai\/#article","isPartOf":{"@id":"https:\/\/www2.energia.coop\/brasil\/blog\/avancos-controversias-e-desafios-na-conferencia-climatica-global-da-onu-em-dubai\/"},"author":{"name":"energia","@id":"https:\/\/www2.energia.coop\/brasil\/#\/schema\/person\/697a7871a4ef9404cd3df0f0d84f2ccd"},"headline":"Avan\u00e7os, controv\u00e9rsias e desafios na confer\u00eancia clim\u00e1tica global da ONU em Dubai","datePublished":"2023-12-22T12:50:33+00:00","dateModified":"2024-11-08T12:28:22+00:00","mainEntityOfPage":{"@id":"https:\/\/www2.energia.coop\/brasil\/blog\/avancos-controversias-e-desafios-na-conferencia-climatica-global-da-onu-em-dubai\/"},"wordCount":1159,"commentCount":0,"image":{"@id":"https:\/\/www2.energia.coop\/brasil\/blog\/avancos-controversias-e-desafios-na-conferencia-climatica-global-da-onu-em-dubai\/#primaryimage"},"thumbnailUrl":"https:\/\/www2.energia.coop\/brasil\/wp-content\/uploads\/2023\/12\/tamanho-1333-x-456-2.png","keywords":["Eventos"],"articleSection":["Blog","Destaque Principal","Destaques","Biblioteca"],"inLanguage":"pt-BR","potentialAction":[{"@type":"CommentAction","name":"Comment","target":["https:\/\/www2.energia.coop\/brasil\/blog\/avancos-controversias-e-desafios-na-conferencia-climatica-global-da-onu-em-dubai\/#respond"]}]},{"@type":"WebPage","@id":"https:\/\/www2.energia.coop\/brasil\/blog\/avancos-controversias-e-desafios-na-conferencia-climatica-global-da-onu-em-dubai\/","url":"https:\/\/www2.energia.coop\/brasil\/blog\/avancos-controversias-e-desafios-na-conferencia-climatica-global-da-onu-em-dubai\/","name":"Avan\u00e7os, controv\u00e9rsias e desafios na confer\u00eancia clim\u00e1tica global da ONU em Dubai - Energia Cooperativa","isPartOf":{"@id":"https:\/\/www2.energia.coop\/brasil\/#website"},"primaryImageOfPage":{"@id":"https:\/\/www2.energia.coop\/brasil\/blog\/avancos-controversias-e-desafios-na-conferencia-climatica-global-da-onu-em-dubai\/#primaryimage"},"image":{"@id":"https:\/\/www2.energia.coop\/brasil\/blog\/avancos-controversias-e-desafios-na-conferencia-climatica-global-da-onu-em-dubai\/#primaryimage"},"thumbnailUrl":"https:\/\/www2.energia.coop\/brasil\/wp-content\/uploads\/2023\/12\/tamanho-1333-x-456-2.png","datePublished":"2023-12-22T12:50:33+00:00","dateModified":"2024-11-08T12:28:22+00:00","author":{"@id":"https:\/\/www2.energia.coop\/brasil\/#\/schema\/person\/697a7871a4ef9404cd3df0f0d84f2ccd"},"description":"Nestas \u00faltimas semanas representantes da Organiza\u00e7\u00e3o das Cooperativas Brasileiras (OCB), organiza\u00e7\u00e3o apoiadora da Energia.coop, estiveram presentes na 28\u00aa Confer\u00eancias das Na\u00e7\u00f5es Unidas sobre as Mudan\u00e7as Clim\u00e1ticas (COP28), que ocorreu em Dubai dos dias 30 de novembro a 12 de dezembro. A representante da institui\u00e7\u00e3o, Lais Nara Barbosa, participou de algumas das programa\u00e7\u00f5es e listou alguns insights importantes relacionados \u00e0 transi\u00e7\u00e3o energ\u00e9tica e descarboniza\u00e7\u00e3o que impactam o contexto brasileiro.","inLanguage":"pt-BR","potentialAction":[{"@type":"ReadAction","target":["https:\/\/www2.energia.coop\/brasil\/blog\/avancos-controversias-e-desafios-na-conferencia-climatica-global-da-onu-em-dubai\/"]}]},{"@type":"ImageObject","inLanguage":"pt-BR","@id":"https:\/\/www2.energia.coop\/brasil\/blog\/avancos-controversias-e-desafios-na-conferencia-climatica-global-da-onu-em-dubai\/#primaryimage","url":"https:\/\/www2.energia.coop\/brasil\/wp-content\/uploads\/2023\/12\/tamanho-1333-x-456-2.png","contentUrl":"https:\/\/www2.energia.coop\/brasil\/wp-content\/uploads\/2023\/12\/tamanho-1333-x-456-2.png","width":1333,"height":456},{"@type":"WebSite","@id":"https:\/\/www2.energia.coop\/brasil\/#website","url":"https:\/\/www2.energia.coop\/brasil\/","name":"Energia Cooperativa","description":"","potentialAction":[{"@type":"SearchAction","target":{"@type":"EntryPoint","urlTemplate":"https:\/\/www2.energia.coop\/brasil\/?s={search_term_string}"},"query-input":{"@type":"PropertyValueSpecification","valueRequired":true,"valueName":"search_term_string"}}],"inLanguage":"pt-BR"},{"@type":"Person","@id":"https:\/\/www2.energia.coop\/brasil\/#\/schema\/person\/697a7871a4ef9404cd3df0f0d84f2ccd","name":"energia","image":{"@type":"ImageObject","inLanguage":"pt-BR","@id":"https:\/\/secure.gravatar.com\/avatar\/1f8d6461d2fb019dc81242feecb0c723ed1144bb91b43857997f664435ea5c52?s=96&d=mm&r=g","url":"https:\/\/secure.gravatar.com\/avatar\/1f8d6461d2fb019dc81242feecb0c723ed1144bb91b43857997f664435ea5c52?s=96&d=mm&r=g","contentUrl":"https:\/\/secure.gravatar.com\/avatar\/1f8d6461d2fb019dc81242feecb0c723ed1144bb91b43857997f664435ea5c52?s=96&d=mm&r=g","caption":"energia"},"url":"https:\/\/www2.energia.coop\/brasil\/author\/energia\/"}]}},"_links":{"self":[{"href":"https:\/\/www2.energia.coop\/brasil\/wp-json\/wp\/v2\/posts\/2487","targetHints":{"allow":["GET"]}}],"collection":[{"href":"https:\/\/www2.energia.coop\/brasil\/wp-json\/wp\/v2\/posts"}],"about":[{"href":"https:\/\/www2.energia.coop\/brasil\/wp-json\/wp\/v2\/types\/post"}],"author":[{"embeddable":true,"href":"https:\/\/www2.energia.coop\/brasil\/wp-json\/wp\/v2\/users\/2"}],"replies":[{"embeddable":true,"href":"https:\/\/www2.energia.coop\/brasil\/wp-json\/wp\/v2\/comments?post=2487"}],"version-history":[{"count":0,"href":"https:\/\/www2.energia.coop\/brasil\/wp-json\/wp\/v2\/posts\/2487\/revisions"}],"wp:featuredmedia":[{"embeddable":true,"href":"https:\/\/www2.energia.coop\/brasil\/wp-json\/wp\/v2\/media\/2844"}],"wp:attachment":[{"href":"https:\/\/www2.energia.coop\/brasil\/wp-json\/wp\/v2\/media?parent=2487"}],"wp:term":[{"taxonomy":"category","embeddable":true,"href":"https:\/\/www2.energia.coop\/brasil\/wp-json\/wp\/v2\/categories?post=2487"},{"taxonomy":"post_tag","embeddable":true,"href":"https:\/\/www2.energia.coop\/brasil\/wp-json\/wp\/v2\/tags?post=2487"}],"curies":[{"name":"wp","href":"https:\/\/api.w.org\/{rel}","templated":true}]}}