

{"id":2348,"date":"2023-10-30T11:59:09","date_gmt":"2023-10-30T14:59:09","guid":{"rendered":"https:\/\/www2.energia.coop\/brasil\/biblioteca\/sistemas-agrivoltaicos-no-brasil-vamos-conhecer-algumas-iniciativas-3\/"},"modified":"2024-07-24T11:59:42","modified_gmt":"2024-07-24T14:59:42","slug":"diagnostico-assistido-de-identidade-cooperativista","status":"publish","type":"post","link":"https:\/\/www2.energia.coop\/brasil\/blog\/diagnostico-assistido-de-identidade-cooperativista\/","title":{"rendered":"Diagn\u00f3stico Assistido de Identidade Cooperativista"},"content":{"rendered":"<p><span data-contrast=\"auto\">Ficou sabendo das a\u00e7\u00f5es do Projeto Piloto Energias Renov\u00e1veis do Sistema OCB junto \u00e0s cooperativas de energia? Saiba mais nesse post sobre a primeira etapa desse projeto: o Diagn\u00f3stico Assistido. O objetivo dessa a\u00e7\u00e3o \u00e9 orientar as coops de Gera\u00e7\u00e3o Distribu\u00edda sobre a conformidade com a legisla\u00e7\u00e3o, os princ\u00edpios cooperativistas e boas pr\u00e1ticas de gest\u00e3o. impulsionando o setor de energia cooperativa.<\/span><span data-ccp-props=\"{&quot;201341983&quot;:0,&quot;335559740&quot;:276}\">\u00a0<\/span><\/p>\n<p><span style=\"font-weight: 400;\">___________________________<\/span><\/p>\n<p>&nbsp;<\/p>\n<h4><b><span data-contrast=\"auto\">O que \u00e9 o Diagn\u00f3stico Assistido?<\/span><\/b><span data-ccp-props=\"{&quot;201341983&quot;:0,&quot;335559740&quot;:276}\">\u00a0<\/span><\/h4>\n<p><span data-contrast=\"auto\">O Diagn\u00f3stico Assistido \u00e9 uma a\u00e7\u00e3o que visa orientar, levar informa\u00e7\u00f5es e apoio \u00e0s Cooperativas de Gera\u00e7\u00e3o Distribu\u00edda brasileiras, com a finalidade de verificar e instru\u00ed-las nas conformidades legais e princ\u00edpios do cooperativismo. Essa abordagem ajuda a aprimorar os processos internos, promover a seguran\u00e7a jur\u00eddica, fortalecer o relacionamento entre a cooperativa e seus cooperados e reduzir riscos. No Projeto Piloto Energias Renov\u00e1veis, as cooperativas receber\u00e3o instrutoria, acesso a ferramentas para o desenvolvimento e execu\u00e7\u00e3o de Planos de A\u00e7\u00e3o, resultando em processos mais s\u00f3lidos e eficazes.<\/span><span data-ccp-props=\"{&quot;134233117&quot;:false,&quot;134233118&quot;:false,&quot;201341983&quot;:0,&quot;335551550&quot;:1,&quot;335551620&quot;:1,&quot;335559685&quot;:0,&quot;335559737&quot;:0,&quot;335559738&quot;:0,&quot;335559739&quot;:0,&quot;335559740&quot;:276}\">\u00a0<\/span><\/p>\n<p><span data-contrast=\"auto\">A aplica\u00e7\u00e3o do Diagn\u00f3stico Assistido conta com a colabora\u00e7\u00e3o de analistas da Unidade Nacional e das Organiza\u00e7\u00f5es Estaduais do Sistema OCB, bem como instrutores especializados contratados pela Confedera\u00e7\u00e3o Nacional das Cooperativas da Alemanha (DGRV). Essas equipes trabalham lado a lado com as cooperativas para assegurar que cada etapa do processo seja abordada com a m\u00e1xima efici\u00eancia e dedica\u00e7\u00e3o. <\/span><span data-ccp-props=\"{&quot;201341983&quot;:0,&quot;335559740&quot;:276}\">\u00a0<\/span><\/p>\n<p>&nbsp;<\/p>\n<h4><b><span data-contrast=\"auto\">Quais a\u00e7\u00f5es foram realizadas at\u00e9 o momento?<\/span><\/b><span data-ccp-props=\"{&quot;201341983&quot;:0,&quot;335559740&quot;:276}\">\u00a0<\/span><\/h4>\n<p><span data-contrast=\"auto\">Entre os dias 30 de agosto e 22 de setembro tr\u00eas cooperativas receberam a a\u00e7\u00e3o do Diagn\u00f3stico Assistido do Identidade. O primeiro diagn\u00f3stico foi em coopera\u00e7\u00e3o com a <\/span><span style=\"text-decoration: underline; color: #008080;\"><a style=\"color: #008080; text-decoration: underline;\" href=\"https:\/\/cosolar.com.br\/\">COSOLAR<\/a><\/span><span data-contrast=\"auto\">, iniciativa localizada em Campos dos Goytacazes\/RJ. Posteriormente, a equipe se reuniu com a <\/span><span style=\"text-decoration: underline;\"><a href=\"http:\/\/solinvictus.coop.br\/\"><span style=\"color: #008080; text-decoration: underline;\">Sol Invictu<\/span><span style=\"color: #008080; text-decoration: underline;\">s<\/span><\/a><\/span><span data-contrast=\"auto\"> em \u00a0Goi\u00e2nia, e com a cooperativa COOPSOLAR, na Para\u00edba. Estas tr\u00eas cooperativas receberam orienta\u00e7\u00f5es sobre conformidade com a legisla\u00e7\u00e3o, princ\u00edpios cooperativistas e boas pr\u00e1ticas de gest\u00e3o. <\/span><span data-ccp-props=\"{&quot;201341983&quot;:0,&quot;335559740&quot;:276}\">\u00a0<\/span><\/p>\n<p style=\"padding-left: 240px;\"><span data-ccp-props=\"{&quot;201341983&quot;:0,&quot;335559740&quot;:276}\"> <img loading=\"lazy\" decoding=\"async\" class=\" wp-image-2352 aligncenter\" src=\"https:\/\/www2.energia.coop\/brasil\/wp-content\/uploads\/2023\/10\/1b.jpg\" alt=\"\" width=\"538\" height=\"376\" srcset=\"https:\/\/www2.energia.coop\/brasil\/wp-content\/uploads\/2023\/10\/1b.jpg 567w, https:\/\/www2.energia.coop\/brasil\/wp-content\/uploads\/2023\/10\/1b-300x210.jpg 300w\" sizes=\"auto, (max-width: 538px) 100vw, 538px\" \/><\/span><\/p>\n<p style=\"text-align: center; padding-left: 80px;\">Imagem: Magnun Borges \u2013 Analista de Desenvolvimento de Cooperativas do Sistema OCB, Fabiula Torres \u2013 Instrutora contratada DGRV, Cin\u00e9sio Sales \u2013 Presidente da Cosolar, Jos\u00e9 Augusto Barros \u2013 Diretor Financeiro da Cosolar, Willian Azevedo &#8211; Analista De Monitoramento Sistema OCB\/RJ, La\u00eds Nara Castro \u2013 Analista T\u00e9cnica Institucional do Sistema OCB | Fonte: OC B<\/p>\n<p>&nbsp;<\/p>\n<p style=\"padding-left: 280px;\"><img loading=\"lazy\" decoding=\"async\" class=\"size-full wp-image-2351 aligncenter\" src=\"https:\/\/www2.energia.coop\/brasil\/wp-content\/uploads\/2023\/10\/2b.jpg\" alt=\"\" width=\"441\" height=\"331\" \/><\/p>\n<p style=\"text-align: center; padding-left: 80px;\">Imagem: Tatiane Francisco \u2013 Instrutora contratada DGRV, La\u00eds Nara Castro \u2013 Analista T\u00e9cnica Institucional do Sistema OCB, Norival Hubner \u2013 Presidente da Sol Invictus, Lays Oliveira \u2013 Analista de Desenvolvimento da Gest\u00e3o de Cooperativas do Sistema OCB\/GO | Fonte: OCB<\/p>\n<p>&nbsp;<\/p>\n<p style=\"padding-left: 280px;\"><img loading=\"lazy\" decoding=\"async\" class=\"size-full wp-image-2350 aligncenter\" src=\"https:\/\/www2.energia.coop\/brasil\/wp-content\/uploads\/2023\/10\/3b.png\" alt=\"\" width=\"466\" height=\"302\" srcset=\"https:\/\/www2.energia.coop\/brasil\/wp-content\/uploads\/2023\/10\/3b.png 466w, https:\/\/www2.energia.coop\/brasil\/wp-content\/uploads\/2023\/10\/3b-300x194.png 300w\" sizes=\"auto, (max-width: 466px) 100vw, 466px\" \/><\/p>\n<p style=\"text-align: center; padding-left: 80px;\">Imagem: \u00c9rika Leit\u00e3o (Analista Sistema OCB-PB), Fabiula Torres (Instrutora contratada DGRV), Marco Ol\u00edvio Morato (Coordenador de Meio Ambiente SistemaOCB), Simonny Campos (Conselho Fiscal Coopsolar), Luiz Valad\u00e3o (Cooperado Coopsolar), Andre Pacelli (Presidente Sistema OCB-PB), Eduardo Braz (Presidente Coopsolar), e Robson Nunes da Silva (Assessor T\u00e9cnico Sistema OCB-PB) | Fonte: OCB<\/p>\n<p>&nbsp;<\/p>\n<p>Ainda no m\u00eas de setembro de 2023, a cooperativa CICLOS participou da a\u00e7\u00e3o Diagn\u00f3stico Assistido do Governan\u00e7a e Gest\u00e3o, com o objetivo de aperfei\u00e7oamento das pr\u00e1ticas de gest\u00e3o e governan\u00e7a, aumento da competitividade e da sustentabilidade, al\u00e9m de desenvolver uma cultura de excel\u00eancia na cooperativa.<\/p>\n<p>Al\u00e9m do diagn\u00f3stico assistido e elabora\u00e7\u00e3o do Plano de Melhorias, essas cooperativas receber\u00e3o instrutoria para execu\u00e7\u00e3o do Plano de A\u00e7\u00e3o. De forma geral, as a\u00e7\u00f5es podem fortalecer o setor de energia cooperativa, e ajudar a moldar um futuro mais sustent\u00e1vel e colaborativo no setor de energias renov\u00e1veis. Acompanhe mais a\u00e7\u00f5es como esta pelo perfil do <span style=\"text-decoration: underline; color: #008080;\"><a style=\"color: #008080; text-decoration: underline;\" href=\"https:\/\/www.instagram.com\/energia.coop\/\">instagram da Energia.coop<\/a><\/span> e atrav\u00e9s da <span style=\"text-decoration: underline; color: #008080;\"><a style=\"color: #008080; text-decoration: underline;\" href=\"https:\/\/mailchi.mp\/fc47d85097bb\/newsletter-energiacoop\">nossa newsletter<\/a><\/span>.<\/p>\n<p>&nbsp;<\/p>\n<p><span style=\"font-weight: 400;\">Autora: La\u00eds Cassanta Vidotto (Instituto IDEAL)\u00a0<\/span><\/p>\n<p>Revis\u00e3o e colabora\u00e7\u00e3o: Kathlen Schneider (Instituto IDEAL), Camila Japp (DGRV), Monica Lehmann (DGRV), La\u00eds Nara Castro (Sistema OCB) e Marco Morato (Sistema OCB)<\/p>\n<p><i><span style=\"font-weight: 400;\">Publicado em <\/span><\/i><i><span style=\"font-weight: 400;\">30<\/span><\/i><i><span style=\"font-weight: 400;\">\/10\/2023<\/span><\/i><\/p>\n","protected":false},"excerpt":{"rendered":"<p>Ficou sabendo das a\u00e7\u00f5es do Projeto Piloto Energias Renov\u00e1veis do Sistema OCB junto \u00e0s cooperativas de energia? Saiba mais nesse post sobre a primeira etapa desse projeto: o Diagn\u00f3stico Assistido. O objetivo dessa a\u00e7\u00e3o \u00e9 orientar as coops de Gera\u00e7\u00e3o Distribu\u00edda sobre a conformidade com a legisla\u00e7\u00e3o, os princ\u00edpios cooperativistas e boas pr\u00e1ticas de gest\u00e3o. [&hellip;]<\/p>\n","protected":false},"author":2,"featured_media":2355,"comment_status":"open","ping_status":"open","sticky":false,"template":"","format":"standard","meta":{"_acf_changed":false,"footnotes":""},"categories":[44,1],"tags":[84],"class_list":["post-2348","post","type-post","status-publish","format-standard","has-post-thumbnail","hentry","category-blog","category-biblioteca","tag-capacitacao"],"acf":[],"yoast_head":"<!-- This site is optimized with the Yoast SEO plugin v27.4 - https:\/\/yoast.com\/product\/yoast-seo-wordpress\/ -->\n<title>Diagn\u00f3stico Assistido de Identidade Cooperativista - Energia Cooperativa<\/title>\n<meta name=\"robots\" content=\"index, follow, max-snippet:-1, max-image-preview:large, max-video-preview:-1\" \/>\n<link rel=\"canonical\" href=\"https:\/\/www2.energia.coop\/brasil\/blog\/diagnostico-assistido-de-identidade-cooperativista\/\" \/>\n<meta property=\"og:locale\" content=\"pt_BR\" \/>\n<meta property=\"og:type\" content=\"article\" \/>\n<meta property=\"og:title\" content=\"Diagn\u00f3stico Assistido de Identidade Cooperativista - Energia Cooperativa\" \/>\n<meta property=\"og:description\" content=\"Ficou sabendo das a\u00e7\u00f5es do Projeto Piloto Energias Renov\u00e1veis do Sistema OCB junto \u00e0s cooperativas de energia? Saiba mais nesse post sobre a primeira etapa desse projeto: o Diagn\u00f3stico Assistido. O objetivo dessa a\u00e7\u00e3o \u00e9 orientar as coops de Gera\u00e7\u00e3o Distribu\u00edda sobre a conformidade com a legisla\u00e7\u00e3o, os princ\u00edpios cooperativistas e boas pr\u00e1ticas de gest\u00e3o. [&hellip;]\" \/>\n<meta property=\"og:url\" content=\"https:\/\/www2.energia.coop\/brasil\/blog\/diagnostico-assistido-de-identidade-cooperativista\/\" \/>\n<meta property=\"og:site_name\" content=\"Energia Cooperativa\" \/>\n<meta property=\"article:published_time\" content=\"2023-10-30T14:59:09+00:00\" \/>\n<meta property=\"article:modified_time\" content=\"2024-07-24T14:59:42+00:00\" \/>\n<meta property=\"og:image\" content=\"https:\/\/www2.energia.coop\/brasil\/wp-content\/uploads\/2023\/10\/Imagem4-e1698679622523.jpg\" \/>\n\t<meta property=\"og:image:width\" content=\"567\" \/>\n\t<meta property=\"og:image:height\" content=\"261\" \/>\n\t<meta property=\"og:image:type\" content=\"image\/jpeg\" \/>\n<meta name=\"author\" content=\"energia\" \/>\n<meta name=\"twitter:card\" content=\"summary_large_image\" \/>\n<meta name=\"twitter:label1\" content=\"Escrito por\" \/>\n\t<meta name=\"twitter:data1\" content=\"energia\" \/>\n\t<meta name=\"twitter:label2\" content=\"Est. tempo de leitura\" \/>\n\t<meta name=\"twitter:data2\" content=\"4 minutos\" \/>\n<script type=\"application\/ld+json\" class=\"yoast-schema-graph\">{\"@context\":\"https:\\\/\\\/schema.org\",\"@graph\":[{\"@type\":\"Article\",\"@id\":\"https:\\\/\\\/www2.energia.coop\\\/brasil\\\/blog\\\/diagnostico-assistido-de-identidade-cooperativista\\\/#article\",\"isPartOf\":{\"@id\":\"https:\\\/\\\/www2.energia.coop\\\/brasil\\\/blog\\\/diagnostico-assistido-de-identidade-cooperativista\\\/\"},\"author\":{\"name\":\"energia\",\"@id\":\"https:\\\/\\\/www2.energia.coop\\\/brasil\\\/#\\\/schema\\\/person\\\/697a7871a4ef9404cd3df0f0d84f2ccd\"},\"headline\":\"Diagn\u00f3stico Assistido de Identidade Cooperativista\",\"datePublished\":\"2023-10-30T14:59:09+00:00\",\"dateModified\":\"2024-07-24T14:59:42+00:00\",\"mainEntityOfPage\":{\"@id\":\"https:\\\/\\\/www2.energia.coop\\\/brasil\\\/blog\\\/diagnostico-assistido-de-identidade-cooperativista\\\/\"},\"wordCount\":651,\"commentCount\":0,\"image\":{\"@id\":\"https:\\\/\\\/www2.energia.coop\\\/brasil\\\/blog\\\/diagnostico-assistido-de-identidade-cooperativista\\\/#primaryimage\"},\"thumbnailUrl\":\"https:\\\/\\\/www2.energia.coop\\\/brasil\\\/wp-content\\\/uploads\\\/2023\\\/10\\\/Imagem4-e1698679622523.jpg\",\"keywords\":[\"Capacita\u00e7\u00e3o\"],\"articleSection\":[\"Blog\",\"Biblioteca\"],\"inLanguage\":\"pt-BR\",\"potentialAction\":[{\"@type\":\"CommentAction\",\"name\":\"Comment\",\"target\":[\"https:\\\/\\\/www2.energia.coop\\\/brasil\\\/blog\\\/diagnostico-assistido-de-identidade-cooperativista\\\/#respond\"]}]},{\"@type\":\"WebPage\",\"@id\":\"https:\\\/\\\/www2.energia.coop\\\/brasil\\\/blog\\\/diagnostico-assistido-de-identidade-cooperativista\\\/\",\"url\":\"https:\\\/\\\/www2.energia.coop\\\/brasil\\\/blog\\\/diagnostico-assistido-de-identidade-cooperativista\\\/\",\"name\":\"Diagn\u00f3stico Assistido de Identidade Cooperativista - Energia Cooperativa\",\"isPartOf\":{\"@id\":\"https:\\\/\\\/www2.energia.coop\\\/brasil\\\/#website\"},\"primaryImageOfPage\":{\"@id\":\"https:\\\/\\\/www2.energia.coop\\\/brasil\\\/blog\\\/diagnostico-assistido-de-identidade-cooperativista\\\/#primaryimage\"},\"image\":{\"@id\":\"https:\\\/\\\/www2.energia.coop\\\/brasil\\\/blog\\\/diagnostico-assistido-de-identidade-cooperativista\\\/#primaryimage\"},\"thumbnailUrl\":\"https:\\\/\\\/www2.energia.coop\\\/brasil\\\/wp-content\\\/uploads\\\/2023\\\/10\\\/Imagem4-e1698679622523.jpg\",\"datePublished\":\"2023-10-30T14:59:09+00:00\",\"dateModified\":\"2024-07-24T14:59:42+00:00\",\"author\":{\"@id\":\"https:\\\/\\\/www2.energia.coop\\\/brasil\\\/#\\\/schema\\\/person\\\/697a7871a4ef9404cd3df0f0d84f2ccd\"},\"inLanguage\":\"pt-BR\",\"potentialAction\":[{\"@type\":\"ReadAction\",\"target\":[\"https:\\\/\\\/www2.energia.coop\\\/brasil\\\/blog\\\/diagnostico-assistido-de-identidade-cooperativista\\\/\"]}]},{\"@type\":\"ImageObject\",\"inLanguage\":\"pt-BR\",\"@id\":\"https:\\\/\\\/www2.energia.coop\\\/brasil\\\/blog\\\/diagnostico-assistido-de-identidade-cooperativista\\\/#primaryimage\",\"url\":\"https:\\\/\\\/www2.energia.coop\\\/brasil\\\/wp-content\\\/uploads\\\/2023\\\/10\\\/Imagem4-e1698679622523.jpg\",\"contentUrl\":\"https:\\\/\\\/www2.energia.coop\\\/brasil\\\/wp-content\\\/uploads\\\/2023\\\/10\\\/Imagem4-e1698679622523.jpg\",\"width\":567,\"height\":261},{\"@type\":\"WebSite\",\"@id\":\"https:\\\/\\\/www2.energia.coop\\\/brasil\\\/#website\",\"url\":\"https:\\\/\\\/www2.energia.coop\\\/brasil\\\/\",\"name\":\"Energia Cooperativa\",\"description\":\"\",\"potentialAction\":[{\"@type\":\"SearchAction\",\"target\":{\"@type\":\"EntryPoint\",\"urlTemplate\":\"https:\\\/\\\/www2.energia.coop\\\/brasil\\\/?s={search_term_string}\"},\"query-input\":{\"@type\":\"PropertyValueSpecification\",\"valueRequired\":true,\"valueName\":\"search_term_string\"}}],\"inLanguage\":\"pt-BR\"},{\"@type\":\"Person\",\"@id\":\"https:\\\/\\\/www2.energia.coop\\\/brasil\\\/#\\\/schema\\\/person\\\/697a7871a4ef9404cd3df0f0d84f2ccd\",\"name\":\"energia\",\"image\":{\"@type\":\"ImageObject\",\"inLanguage\":\"pt-BR\",\"@id\":\"https:\\\/\\\/secure.gravatar.com\\\/avatar\\\/1f8d6461d2fb019dc81242feecb0c723ed1144bb91b43857997f664435ea5c52?s=96&d=mm&r=g\",\"url\":\"https:\\\/\\\/secure.gravatar.com\\\/avatar\\\/1f8d6461d2fb019dc81242feecb0c723ed1144bb91b43857997f664435ea5c52?s=96&d=mm&r=g\",\"contentUrl\":\"https:\\\/\\\/secure.gravatar.com\\\/avatar\\\/1f8d6461d2fb019dc81242feecb0c723ed1144bb91b43857997f664435ea5c52?s=96&d=mm&r=g\",\"caption\":\"energia\"},\"url\":\"https:\\\/\\\/www2.energia.coop\\\/brasil\\\/author\\\/energia\\\/\"}]}<\/script>\n<!-- \/ Yoast SEO plugin. -->","yoast_head_json":{"title":"Diagn\u00f3stico Assistido de Identidade Cooperativista - Energia Cooperativa","robots":{"index":"index","follow":"follow","max-snippet":"max-snippet:-1","max-image-preview":"max-image-preview:large","max-video-preview":"max-video-preview:-1"},"canonical":"https:\/\/www2.energia.coop\/brasil\/blog\/diagnostico-assistido-de-identidade-cooperativista\/","og_locale":"pt_BR","og_type":"article","og_title":"Diagn\u00f3stico Assistido de Identidade Cooperativista - Energia Cooperativa","og_description":"Ficou sabendo das a\u00e7\u00f5es do Projeto Piloto Energias Renov\u00e1veis do Sistema OCB junto \u00e0s cooperativas de energia? Saiba mais nesse post sobre a primeira etapa desse projeto: o Diagn\u00f3stico Assistido. O objetivo dessa a\u00e7\u00e3o \u00e9 orientar as coops de Gera\u00e7\u00e3o Distribu\u00edda sobre a conformidade com a legisla\u00e7\u00e3o, os princ\u00edpios cooperativistas e boas pr\u00e1ticas de gest\u00e3o. [&hellip;]","og_url":"https:\/\/www2.energia.coop\/brasil\/blog\/diagnostico-assistido-de-identidade-cooperativista\/","og_site_name":"Energia Cooperativa","article_published_time":"2023-10-30T14:59:09+00:00","article_modified_time":"2024-07-24T14:59:42+00:00","og_image":[{"width":567,"height":261,"url":"https:\/\/www2.energia.coop\/brasil\/wp-content\/uploads\/2023\/10\/Imagem4-e1698679622523.jpg","type":"image\/jpeg"}],"author":"energia","twitter_card":"summary_large_image","twitter_misc":{"Escrito por":"energia","Est. tempo de leitura":"4 minutos"},"schema":{"@context":"https:\/\/schema.org","@graph":[{"@type":"Article","@id":"https:\/\/www2.energia.coop\/brasil\/blog\/diagnostico-assistido-de-identidade-cooperativista\/#article","isPartOf":{"@id":"https:\/\/www2.energia.coop\/brasil\/blog\/diagnostico-assistido-de-identidade-cooperativista\/"},"author":{"name":"energia","@id":"https:\/\/www2.energia.coop\/brasil\/#\/schema\/person\/697a7871a4ef9404cd3df0f0d84f2ccd"},"headline":"Diagn\u00f3stico Assistido de Identidade Cooperativista","datePublished":"2023-10-30T14:59:09+00:00","dateModified":"2024-07-24T14:59:42+00:00","mainEntityOfPage":{"@id":"https:\/\/www2.energia.coop\/brasil\/blog\/diagnostico-assistido-de-identidade-cooperativista\/"},"wordCount":651,"commentCount":0,"image":{"@id":"https:\/\/www2.energia.coop\/brasil\/blog\/diagnostico-assistido-de-identidade-cooperativista\/#primaryimage"},"thumbnailUrl":"https:\/\/www2.energia.coop\/brasil\/wp-content\/uploads\/2023\/10\/Imagem4-e1698679622523.jpg","keywords":["Capacita\u00e7\u00e3o"],"articleSection":["Blog","Biblioteca"],"inLanguage":"pt-BR","potentialAction":[{"@type":"CommentAction","name":"Comment","target":["https:\/\/www2.energia.coop\/brasil\/blog\/diagnostico-assistido-de-identidade-cooperativista\/#respond"]}]},{"@type":"WebPage","@id":"https:\/\/www2.energia.coop\/brasil\/blog\/diagnostico-assistido-de-identidade-cooperativista\/","url":"https:\/\/www2.energia.coop\/brasil\/blog\/diagnostico-assistido-de-identidade-cooperativista\/","name":"Diagn\u00f3stico Assistido de Identidade Cooperativista - Energia Cooperativa","isPartOf":{"@id":"https:\/\/www2.energia.coop\/brasil\/#website"},"primaryImageOfPage":{"@id":"https:\/\/www2.energia.coop\/brasil\/blog\/diagnostico-assistido-de-identidade-cooperativista\/#primaryimage"},"image":{"@id":"https:\/\/www2.energia.coop\/brasil\/blog\/diagnostico-assistido-de-identidade-cooperativista\/#primaryimage"},"thumbnailUrl":"https:\/\/www2.energia.coop\/brasil\/wp-content\/uploads\/2023\/10\/Imagem4-e1698679622523.jpg","datePublished":"2023-10-30T14:59:09+00:00","dateModified":"2024-07-24T14:59:42+00:00","author":{"@id":"https:\/\/www2.energia.coop\/brasil\/#\/schema\/person\/697a7871a4ef9404cd3df0f0d84f2ccd"},"inLanguage":"pt-BR","potentialAction":[{"@type":"ReadAction","target":["https:\/\/www2.energia.coop\/brasil\/blog\/diagnostico-assistido-de-identidade-cooperativista\/"]}]},{"@type":"ImageObject","inLanguage":"pt-BR","@id":"https:\/\/www2.energia.coop\/brasil\/blog\/diagnostico-assistido-de-identidade-cooperativista\/#primaryimage","url":"https:\/\/www2.energia.coop\/brasil\/wp-content\/uploads\/2023\/10\/Imagem4-e1698679622523.jpg","contentUrl":"https:\/\/www2.energia.coop\/brasil\/wp-content\/uploads\/2023\/10\/Imagem4-e1698679622523.jpg","width":567,"height":261},{"@type":"WebSite","@id":"https:\/\/www2.energia.coop\/brasil\/#website","url":"https:\/\/www2.energia.coop\/brasil\/","name":"Energia Cooperativa","description":"","potentialAction":[{"@type":"SearchAction","target":{"@type":"EntryPoint","urlTemplate":"https:\/\/www2.energia.coop\/brasil\/?s={search_term_string}"},"query-input":{"@type":"PropertyValueSpecification","valueRequired":true,"valueName":"search_term_string"}}],"inLanguage":"pt-BR"},{"@type":"Person","@id":"https:\/\/www2.energia.coop\/brasil\/#\/schema\/person\/697a7871a4ef9404cd3df0f0d84f2ccd","name":"energia","image":{"@type":"ImageObject","inLanguage":"pt-BR","@id":"https:\/\/secure.gravatar.com\/avatar\/1f8d6461d2fb019dc81242feecb0c723ed1144bb91b43857997f664435ea5c52?s=96&d=mm&r=g","url":"https:\/\/secure.gravatar.com\/avatar\/1f8d6461d2fb019dc81242feecb0c723ed1144bb91b43857997f664435ea5c52?s=96&d=mm&r=g","contentUrl":"https:\/\/secure.gravatar.com\/avatar\/1f8d6461d2fb019dc81242feecb0c723ed1144bb91b43857997f664435ea5c52?s=96&d=mm&r=g","caption":"energia"},"url":"https:\/\/www2.energia.coop\/brasil\/author\/energia\/"}]}},"_links":{"self":[{"href":"https:\/\/www2.energia.coop\/brasil\/wp-json\/wp\/v2\/posts\/2348","targetHints":{"allow":["GET"]}}],"collection":[{"href":"https:\/\/www2.energia.coop\/brasil\/wp-json\/wp\/v2\/posts"}],"about":[{"href":"https:\/\/www2.energia.coop\/brasil\/wp-json\/wp\/v2\/types\/post"}],"author":[{"embeddable":true,"href":"https:\/\/www2.energia.coop\/brasil\/wp-json\/wp\/v2\/users\/2"}],"replies":[{"embeddable":true,"href":"https:\/\/www2.energia.coop\/brasil\/wp-json\/wp\/v2\/comments?post=2348"}],"version-history":[{"count":0,"href":"https:\/\/www2.energia.coop\/brasil\/wp-json\/wp\/v2\/posts\/2348\/revisions"}],"wp:featuredmedia":[{"embeddable":true,"href":"https:\/\/www2.energia.coop\/brasil\/wp-json\/wp\/v2\/media\/2355"}],"wp:attachment":[{"href":"https:\/\/www2.energia.coop\/brasil\/wp-json\/wp\/v2\/media?parent=2348"}],"wp:term":[{"taxonomy":"category","embeddable":true,"href":"https:\/\/www2.energia.coop\/brasil\/wp-json\/wp\/v2\/categories?post=2348"},{"taxonomy":"post_tag","embeddable":true,"href":"https:\/\/www2.energia.coop\/brasil\/wp-json\/wp\/v2\/tags?post=2348"}],"curies":[{"name":"wp","href":"https:\/\/api.w.org\/{rel}","templated":true}]}}