

{"id":2239,"date":"2023-09-13T14:58:37","date_gmt":"2023-09-13T17:58:37","guid":{"rendered":"https:\/\/www2.energia.coop\/brasil\/biblioteca\/sistemas-agrivoltaicos-no-brasil-vamos-conhecer-algumas-iniciativas-2\/"},"modified":"2024-11-08T09:31:37","modified_gmt":"2024-11-08T12:31:37","slug":"sistemas-agrivoltaicos-no-brasil-vamos-conhecer-algumas-iniciativas-2","status":"publish","type":"post","link":"https:\/\/www2.energia.coop\/brasil\/blog\/sistemas-agrivoltaicos-no-brasil-vamos-conhecer-algumas-iniciativas-2\/","title":{"rendered":"Sistemas agrivoltaicos no Brasil &#8211; Vamos conhecer algumas iniciativas?"},"content":{"rendered":"<p><span style=\"font-weight: 400;\">Que produzir alimentos e gerar energia no mesmo espa\u00e7o \u00e9 poss\u00edvel e pode gerar benef\u00edcios relevantes para as duas atividades <\/span><span style=\"text-decoration: underline;\"><span style=\"color: #008080;\"><a style=\"color: #008080;\" href=\"https:\/\/www2.energia.coop\/brasil\/blog\/sistemas-agrivoltaicos-unem-agricultura-e-paineis-solares-e-sao-uma-oportunidade-para-a-energia-cooperativa\/\"><span style=\"font-weight: 400;\">voc\u00ea j\u00e1 sabia<\/span><\/a><\/span><\/span><span style=\"font-weight: 400;\">. <\/span><span style=\"font-weight: 400;\">Agora, vamos conhecer algumas iniciativas brasileiras?<\/span><\/p>\n<p>Fonte da imagem em destaque: <span style=\"text-decoration: underline; color: #008080;\"><a style=\"color: #008080; text-decoration: underline;\" href=\"https:\/\/www.dezeen.com\/2022\/09\/30\/agrivoltaic-solar-farms-feature\/\">dezeen<\/a><\/span><\/p>\n<p><span style=\"font-weight: 400;\">___________________________<\/span><\/p>\n<h4><b>O que s\u00e3o sistemas agrivoltaicos?\u00a0<\/b><\/h4>\n<p><span style=\"font-weight: 400;\">Os sistemas <strong>agrivoltaicos<\/strong>, tamb\u00e9m conhecidos como agrifotovoltaicos, s\u00e3o uma solu\u00e7\u00e3o que combina <strong>agricultura<\/strong> e <strong>energia solar<\/strong>. Essa tecnologia vem ganhando for\u00e7a no Brasil e tem potencial para revolucionar a forma como produzimos alimentos e energia. Neste post, discutiremos os principais benef\u00edcios dos sistemas agrivoltaicos, alguns <\/span><i><span style=\"font-weight: 400;\">cases <\/span><\/i><span style=\"font-weight: 400;\">de implementa\u00e7\u00e3o no Brasil e\u00a0 desafios e oportunidades da tecnologia para os pr\u00f3ximos anos.\u00a0<\/span><\/p>\n<p><span style=\"font-weight: 400;\">Saiba mais sobre o hist\u00f3rico destes sistemas <\/span><span style=\"text-decoration: underline;\"><a href=\"https:\/\/www2.energia.coop\/brasil\/blog\/sistemas-agrivoltaicos-unem-agricultura-e-paineis-solares-e-sao-uma-oportunidade-para-a-energia-cooperativa\/\"><span style=\"font-weight: 400;\"><span style=\"color: #008080; text-decoration: underline;\">no post feito em 2022<\/span><\/span><\/a><\/span><span style=\"font-weight: 400;\"> no blog da Energia.coop.<\/span><\/p>\n<p>&nbsp;<\/p>\n<h4><b>Por que considerar sistemas agrivoltaicos?<\/b><\/h4>\n<p><span style=\"font-weight: 400;\">A instala\u00e7\u00e3o de energia fotovoltaica ocupa normalmente mais espa\u00e7o do que de energias oriundas de combust\u00edveis f\u00f3sseis. Os sistemas agrivoltaicos surgem como uma aplica\u00e7\u00e3o <strong>alternativa da gera\u00e7\u00e3o fotovoltaica<\/strong>, com uma maior efici\u00eancia do uso da terra.\u00a0<\/span><\/p>\n<p><span style=\"font-weight: 400;\">Al\u00e9m disso, a tecnologia tamb\u00e9m pode proporcionar uma <strong>maior produtividade<\/strong> do <strong>cultivo agr\u00edcola<\/strong>, ao reduzir o estresse t\u00e9rmico causado por alta irradia\u00e7\u00e3o nas horas mais quentes do dia e diminuir a necessidade de irriga\u00e7\u00e3o, pois o sombreamento parcial cria um microclima mais ameno e reduz a evapotranspira\u00e7\u00e3o das plantas. A gera\u00e7\u00e3o de energia tamb\u00e9m pode ter benef\u00edcios, pois este microclima que \u00e9 gerado proporciona um \u201cresfriamento convectivo\u201d, que \u00e9 ben\u00e9fico para os m\u00f3dulos fotovoltaicos &#8211; estes gostam de alta irradia\u00e7\u00e3o mas perdem efici\u00eancia em temperaturas muito elevadas.<\/span><\/p>\n<p><img loading=\"lazy\" decoding=\"async\" class=\"wp-image-1942\" src=\"https:\/\/www2.energia.coop\/brasil\/wp-content\/uploads\/2023\/03\/Imagem1.png\" alt=\"\" width=\"500\" height=\"248\" \/><\/p>\n<p><span style=\"font-weight: 400;\">Esta tecnologia representa uma excelente oportunidade para agricultores, diversificando a atividade econ\u00f4mica no campo e representando uma poss\u00edvel ferramenta para aumentar a produtividade de cultivos que se beneficiam de um sombreamento parcial, ou que sofrem com alta irradia\u00e7\u00e3o, secas e com efeitos das mudan\u00e7as clim\u00e1ticas. A instala\u00e7\u00e3o de sistemas agrivoltaicos pode possibilitar a coleta de \u00e1gua da chuva a partir das <strong>estruturas fotovoltaicas<\/strong> e a gera\u00e7\u00e3o de energia pode viabilizar a <strong>coleta e irriga\u00e7\u00e3o<\/strong> de \u00e1gua por bombeamento com bombas solares.<\/span><\/p>\n<p><img loading=\"lazy\" decoding=\"async\" class=\"wp-image-1943\" src=\"https:\/\/www2.energia.coop\/brasil\/wp-content\/uploads\/2023\/03\/Imagem2.png\" alt=\"\" width=\"500\" height=\"320\" \/><\/p>\n<p>&nbsp;<\/p>\n<h4>Contexto Internacional<\/h4>\n<p><span style=\"font-weight: 400;\">A <strong>Alemanha<\/strong> \u00e9 um dos pa\u00edses pioneiros no desenvolvimento da tecnologia. A n\u00edvel de pesquisa, o territ\u00f3rio conta com diversos projetos em opera\u00e7\u00e3o que fornecem dados para a valida\u00e7\u00e3o e melhoria cont\u00ednua da tecnologia. Al\u00e9m disso, a Alemanha se destaca quando o assunto \u00e9<strong> cria\u00e7\u00e3o de diretrizes t\u00e9cnicas<\/strong> para sistemas agrivoltaicos. O Instituto Fraunhofer ISE e a Universidade de Hohenheim trabalharam com o Instituto Alem\u00e3o de Padroniza\u00e7\u00e3o (DIN) e outros parceiros para desenvolver o padr\u00e3o <\/span><span style=\"text-decoration: underline;\"><span style=\"color: #008080;\"><a style=\"color: #008080;\" href=\"https:\/\/www.en-standard.eu\/din-spec-91434-agri-photovoltaic-systems-requirements-for-primary-agricultural-use\/\"><span style=\"font-weight: 400;\">DIN SPEC 91434<\/span><\/a><\/span><\/span><span style=\"font-weight: 400;\">. O documento, denominado <\/span><i><span style=\"font-weight: 400;\">Agri-photovoltaic systems \u2013 Requirements for primary agricultural use<\/span><\/i><span style=\"font-weight: 400;\">, publicado em maio de 2021, tem como objetivo preparar um m\u00e9todo de teste para sistemas agrivoltaicos. Assim, ele visa fornecer uma padroniza\u00e7\u00e3o de medi\u00e7\u00e3o agrivoltaica para relat\u00f3rios e documenta\u00e7\u00e3o perante os \u00f3rg\u00e3os legislativos, financiadores e as autoridades de aprova\u00e7\u00e3o, bem como para etapas de p\u00f3s-teste e certifica\u00e7\u00e3o dos sistemas por especialistas e organiza\u00e7\u00f5es de certifica\u00e7\u00e3o.<\/span><\/p>\n<p><img loading=\"lazy\" decoding=\"async\" class=\"wp-image-1944\" src=\"https:\/\/www2.energia.coop\/brasil\/wp-content\/uploads\/2023\/03\/Imagem3.png\" alt=\"\" width=\"600\" height=\"176\" \/><\/p>\n<p><span style=\"font-weight: 400;\">Apesar de existirem sistemas<strong> agrivoltaicos de grande porte<\/strong> &#8211; j\u00e1 existem usinas na China de mais de 700 MW por exemplo &#8211; existe um grande potencial para <strong>sistemas de pequeno porte<\/strong>, gerando ainda mais benef\u00edcios sociais para as fam\u00edlias envolvidas. Pa\u00edses como o Jap\u00e3o, It\u00e1lia e Coreia do Sul, que possuem uma pequena extens\u00e3o territorial para sua popula\u00e7\u00e3o j\u00e1 est\u00e3o investindo nos sistemas agrivoltaicos para diversifica\u00e7\u00e3o de renda do setor agr\u00edcola. Na Coreia do Sul, por exemplo, <\/span><span style=\"font-weight: 400;\">o governo planeja construir cerca de 100.000 sistemas agrivoltaicos para gerar uma garantia de aposentadoria para os agricultores (que podem vender eletricidade para a rede) e, assim, retardar a extin\u00e7\u00e3o das comunidades agr\u00edcolas.<\/span><\/p>\n<p>&nbsp;<\/p>\n<h4><b>E no contexto Brasileiro?<\/b><\/h4>\n<p><span style=\"font-weight: 400;\">A agricultura \u00e9 extremamente importante no <strong>contexto brasileiro<\/strong> &#8211; o setor \u00e9 respons\u00e1vel por cerca de um a cada 10 empregos gerados e possui grande influ\u00eancia no PIB do pa\u00eds. Al\u00e9m disso, a agricultura familiar representa 77% dos estabelecimentos agr\u00edcolas do Brasil. Por\u00e9m, os geradores agrivoltaicos ainda n\u00e3o est\u00e3o muito presentes no contexto nacional, com poucos projetos a n\u00edvel piloto &#8211; dois no estado de Pernambuco, um em Alagoas e outro no Par\u00e1.\u00a0<\/span><\/p>\n<p><span style=\"font-weight: 400;\">De acordo com as previs\u00f5es do IPCC, a temperatura m\u00e9dia no Brasil pode ficar de\u00a0 3\u00baC a 4\u00baC mais quente at\u00e9 meados deste s\u00e9culo. Al\u00e9m disso, a previs\u00e3o para a regi\u00e3o Nordeste \u00e9 preocupante &#8211; as <strong>precipita\u00e7\u00f5es podem diminuir<\/strong> em at\u00e9 40% e as <strong>temperaturas<\/strong> na regi\u00e3o semi\u00e1rida podem aumentar em m\u00e9dia 1,5 a 2 vezes mais do que a taxa global. Dessa forma, a regi\u00e3o possui um grande potencial para a implanta\u00e7\u00e3o da tecnologia agrivoltaica, como tamb\u00e9m foi constatado por um <\/span><span style=\"text-decoration: underline;\"><a href=\"https:\/\/www.revistas.usp.br\/rdg\/article\/view\/189543\"><span style=\"font-weight: 400;\"><span style=\"color: #008080; text-decoration: underline;\">estudo<\/span><\/span><\/a><\/span><span style=\"font-weight: 400;\"> publicado na Revista do Departamento de Geografia da Universidade de S\u00e3o Paulo.\u00a0<\/span><\/p>\n<p><span style=\"font-weight: 400;\">Um projeto que exemplifica um sistema agrivoltaico para unidades familiares da regi\u00e3o semi\u00e1rida pernambucana \u00e9 o <strong>Ecolume<\/strong>. O projeto <\/span><span style=\"font-weight: 400;\">foi desenvolvido por uma rede de mais de 40 pesquisadores e instalado em uma escola de agroecologia de <strong>Pernambuco<\/strong> em 2019. O modelo proposto consiste em \u201cunidades familiares\u201d distribu\u00eddas, que combinam a gera\u00e7\u00e3o de energia com produ\u00e7\u00e3o de hortali\u00e7as, peixes em tanques e galinhas, com o objetivo de gerar benef\u00edcios ambientais, sociais e econ\u00f4micos a um grande n\u00famero de pessoas no semi\u00e1rido nordestino. Desde ent\u00e3o, gerou resultados promissores, por\u00e9m foram observados desafios estruturais,\u00a0 especialmente a falta de pol\u00edticas p\u00fablicas de incentivo.<\/span><\/p>\n<p><img loading=\"lazy\" decoding=\"async\" class=\"wp-image-1945\" src=\"https:\/\/www2.energia.coop\/brasil\/wp-content\/uploads\/2023\/03\/Imagem4.png\" alt=\"\" width=\"600\" height=\"331\" \/><\/p>\n<p><span style=\"font-weight: 400;\">Outro <\/span><span style=\"text-decoration: underline;\"><a href=\"https:\/\/www.atmosfair.de\/en\/climate-protection-projects\/solar-energy\/brazil-agriphotovoltaics-in-the-village-of-the-indigenous-pankara\/\"><span style=\"font-weight: 400;\"><span style=\"color: #008080; text-decoration: underline;\">projeto piloto<\/span><\/span><\/a><\/span><span style=\"font-weight: 400;\"> em solo brasileiro foi realizado em parceria com a <strong>Comunidade Ind\u00edgena Pankar\u00e1<\/strong>, em dezembro de 2020. O objetivo do projeto era fornecer: \u201cabastecimento seguro de \u00e1gua pot\u00e1vel e cultivo de hortali\u00e7as por meio de bomba d&#8217;\u00e1gua movida a energia solar em combina\u00e7\u00e3o com agrivoltaica na aldeia ind\u00edgena Pankar\u00e1&#8221;. O projeto est\u00e1 localizado na Caatinga brasileira, na regi\u00e3o da Aldeia Serrote dos Campos, em Itacuruba (PE). De acordo com a mat\u00e9ria divulgada pela Atmosfair, o sombreamento oferecer\u00e1 prote\u00e7\u00e3o para vegetais e plantas medicinais regionais do sol forte e altas temperaturas da Caatinga brasileira.\u00a0<\/span><\/p>\n<p><img loading=\"lazy\" decoding=\"async\" class=\"wp-image-1946\" src=\"https:\/\/www2.energia.coop\/brasil\/wp-content\/uploads\/2023\/03\/Imagem5.png\" alt=\"\" width=\"600\" height=\"338\" \/><\/p>\n<p><span style=\"font-weight: 400;\">Um <\/span><span style=\"text-decoration: underline;\"><span style=\"color: #008080; text-decoration: underline;\"><a style=\"color: #008080; text-decoration: underline;\" href=\"https:\/\/ufal.br\/ufal\/noticias\/2022\/6\/pesquisa-vai-avaliar-sistema-agrofotovoltaico-em-plantacao-de-cana-de-acucar\"><span style=\"font-weight: 400;\">terceiro projeto piloto<\/span><\/a><\/span><\/span><span style=\"font-weight: 400;\"> visa avaliar o desempenho da<strong> cana-de-a\u00e7\u00facar cultivada<\/strong> em associa\u00e7\u00e3o a um sistema FV. Foi desenvolvido pelo Campus de Engenharias e Ci\u00eancias Agr\u00e1rias da Universidade Federal de Alagoas (UFAL) e financiado pela Funda\u00e7\u00e3o de Amparo \u00e0 Pesquisa de Alagoas (Fapeal). Segundo um pesquisador do projeto, as atividades do sistema agrivoltaico no local iniciaram em dezembro de 2021.<\/span><\/p>\n<p><img loading=\"lazy\" decoding=\"async\" class=\"wp-image-1960\" src=\"https:\/\/www2.energia.coop\/brasil\/wp-content\/uploads\/2023\/03\/Imagem1-1.png\" alt=\"\" width=\"600\" height=\"194\" \/><\/p>\n<p><span style=\"font-weight: 400;\">O \u00fanico projeto piloto fora da regi\u00e3o nordeste fica localizado no Par\u00e1 e <\/span><span style=\"font-weight: 400;\">est\u00e1 em desenvolvimento. O projeto conta <\/span><span style=\"font-weight: 400;\">com apoio da <strong>DGRV<\/strong>, <strong>OCB<\/strong> e laborat\u00f3rio <strong>Fotovoltaica UFSC<\/strong>. O sistema <\/span><span style=\"text-decoration: underline;\"><a href=\"https:\/\/paracooperativo.coop.br\/noticias\/1921-cooperados-da-ccampo-foram-capacitados-para-atuar-com-sistema-agrifotovoltaico\"><span style=\"font-weight: 400;\"><span style=\"color: #008080; text-decoration: underline;\">agrivoltaico da cooperativa CCampo<\/span><\/span><\/a><\/span><span style=\"font-weight: 400;\"> foi instalado em janeiro de 2023 e combinou t\u00e9cnicas agrivoltaicas com pr\u00e1ticas agroecol\u00f3gicas e de agricultura org\u00e2nica. Ser\u00e3o produzidos piment\u00e3o, couve, coentro e cebolinha. Al\u00e9m disso, o projeto contou com a capacita\u00e7\u00e3o de cooperados da cooperativa agr\u00edcola em sistemas agrivoltaicos e agricultura org\u00e2nica.<\/span><\/p>\n<p><img loading=\"lazy\" decoding=\"async\" class=\"wp-image-1978\" src=\"https:\/\/www2.energia.coop\/brasil\/wp-content\/uploads\/2023\/03\/Captura-de-tela-2023-04-03-142147.png\" alt=\"\" width=\"600\" height=\"237\" \/><\/p>\n<p><span style=\"font-weight: 400;\">Os sistemas agrivoltaicos como no caso da cooperativa <strong>CCampo<\/strong> podem ser uma grande oportunidade para o cooperativismo brasileiro, uma vez que cooperativas agr\u00edcolas podem investir em sistemas agrivoltaicos e criar novos modelos de neg\u00f3cio de Energia Cooperativa com os cr\u00e9ditos gerados. Os cr\u00e9ditos de energia podem ser utilizados para reduzir a conta de energia el\u00e9trica da pr\u00f3pria cooperativa, como tamb\u00e9m podem ser distribu\u00eddos para cooperados e outras organiza\u00e7\u00f5es parceiras. <\/span><span style=\"font-weight: 400;\">Adicionalmente, a redu\u00e7\u00e3o dos custos com a conta de energia pode viabilizar novos investimentos na cooperativa.<\/span><\/p>\n<p>&nbsp;<\/p>\n<h4><b>Desafios e oportunidades<\/b><\/h4>\n<p><span style=\"font-weight: 400;\">Apesar dos benef\u00edcios dos sistemas <strong>agrivoltaicos<\/strong>, ainda existem v\u00e1rios <strong>desafios<\/strong> que precisam ser enfrentados. Um deles \u00e9 o custo de implanta\u00e7\u00e3o, que pode ser alto devido \u00e0 necessidade de equipamentos e infraestrutura especializados. Al\u00e9m disso, h\u00e1 necessidade de mais pesquisas para entender as melhores configura\u00e7\u00f5es e caracter\u00edsticas de projeto para o contexto das diferentes regi\u00f5es brasileiras e a melhor forma de realizar a opera\u00e7\u00e3o e manuten\u00e7\u00e3o desses sistemas.\u00a0<\/span><\/p>\n<p><span style=\"font-weight: 400;\">Os sistemas <strong>agrivoltaicos<\/strong> t\u00eam o <strong>potencial<\/strong> de criar novos modelos de neg\u00f3cios e parcerias que podem gerar <strong>benef\u00edcios<\/strong> <strong>econ\u00f4micos<\/strong>, sociais e ambientais. Por\u00e9m, uma outra quest\u00e3o de extrema import\u00e2ncia para o desenvolvimento da tecnologia no pa\u00eds \u00e9 a defini\u00e7\u00e3o de diretrizes e normas que orientem a constru\u00e7\u00e3o destes sistemas no Brasil, uma vez que os sistemas agrivoltaicos ainda s\u00e3o uma tecnologia recente em solo brasileiro. Os resultados pr\u00e1ticos de projetos piloto e documentos de outros pa\u00edses podem servir como ferramentas para a constru\u00e7\u00e3o de diretrizes nacionais que garantam a qualidade no planejamento, instala\u00e7\u00e3o e opera\u00e7\u00e3o destes sistemas.<\/span><\/p>\n<p><span style=\"font-weight: 400;\">Autora: La\u00eds Cassanta Vidotto (Instituto IDEAL)\u00a0<\/span><\/p>\n<p><span style=\"font-weight: 400;\">Colabora\u00e7\u00e3o: Kathlen Schneider (Instituto IDEAL)<\/span><\/p>\n<p><i><span style=\"font-weight: 400;\">Publicado em <\/span><\/i><i><span style=\"font-weight: 400;\">30<\/span><\/i><i><span style=\"font-weight: 400;\">\/03\/2023<\/span><\/i><\/p>\n<p>_________<\/p>\n<p><b>Saiba mais<\/b><\/p>\n<p><span style=\"font-weight: 400;\">Sistemas agrivoltaicos: <\/span><span style=\"text-decoration: underline;\"><span style=\"color: #008080;\"><a style=\"color: #008080;\" href=\"https:\/\/www2.energia.coop\/brasil\/blog\/sistemas-agrivoltaicos-unem-agricultura-e-paineis-solares-e-sao-uma-oportunidade-para-a-energia-cooperativa\/\"><span style=\"font-weight: 400;\">Post Energia.coop 2022<\/span><\/a><\/span><\/span><\/p>\n<p><span style=\"font-weight: 400;\">Agrivoltaico CCampo: <\/span><span style=\"text-decoration: underline;\"><span style=\"color: #008080;\"><a style=\"color: #008080;\" href=\"https:\/\/paracooperativo.coop.br\/noticias\/1921-cooperados-da-ccampo-foram-capacitados-para-atuar-com-sistema-agrifotovoltaico\"><span style=\"font-weight: 400;\">Mat\u00e9ria OCB Par\u00e1<\/span><\/a><\/span><\/span><\/p>\n<p><span style=\"font-weight: 400;\">Agrivoltaico Ecolume: <\/span><span style=\"text-decoration: underline;\"><span style=\"color: #008080;\"><a style=\"color: #008080;\" href=\"https:\/\/site.ipa.br\/noticias\/ecolume-coordenado-pelo-ipa-tem-como-objetivo-a-sustentabilidade-alimentar-e-hidrica\/\"><span style=\"font-weight: 400;\">Not\u00edcia 2022 IPA<\/span><\/a><\/span><\/span><\/p>\n","protected":false},"excerpt":{"rendered":"<p>Que produzir alimentos e gerar energia no mesmo espa\u00e7o \u00e9 poss\u00edvel e pode gerar benef\u00edcios relevantes para as duas atividades voc\u00ea j\u00e1 sabia. Agora, vamos conhecer algumas iniciativas brasileiras? Fonte da imagem em destaque: dezeen ___________________________ O que s\u00e3o sistemas agrivoltaicos?\u00a0 Os sistemas agrivoltaicos, tamb\u00e9m conhecidos como agrifotovoltaicos, s\u00e3o uma solu\u00e7\u00e3o que combina agricultura e [&hellip;]<\/p>\n","protected":false},"author":2,"featured_media":2846,"comment_status":"open","ping_status":"open","sticky":false,"template":"","format":"standard","meta":{"_acf_changed":false,"footnotes":""},"categories":[44,45,46,1],"tags":[77],"class_list":["post-2239","post","type-post","status-publish","format-standard","has-post-thumbnail","hentry","category-blog","category-destaque-principal","category-destaques","category-biblioteca","tag-inovacao"],"acf":[],"yoast_head":"<!-- This site is optimized with the Yoast SEO plugin v27.4 - https:\/\/yoast.com\/product\/yoast-seo-wordpress\/ -->\n<title>Sistemas agrivoltaicos no Brasil - Vamos conhecer algumas iniciativas? - Energia Cooperativa<\/title>\n<meta name=\"robots\" content=\"index, follow, max-snippet:-1, max-image-preview:large, max-video-preview:-1\" \/>\n<link rel=\"canonical\" href=\"https:\/\/www2.energia.coop\/brasil\/blog\/sistemas-agrivoltaicos-no-brasil-vamos-conhecer-algumas-iniciativas-2\/\" \/>\n<meta property=\"og:locale\" content=\"pt_BR\" \/>\n<meta property=\"og:type\" content=\"article\" \/>\n<meta property=\"og:title\" content=\"Sistemas agrivoltaicos no Brasil - Vamos conhecer algumas iniciativas? - Energia Cooperativa\" \/>\n<meta property=\"og:description\" content=\"Que produzir alimentos e gerar energia no mesmo espa\u00e7o \u00e9 poss\u00edvel e pode gerar benef\u00edcios relevantes para as duas atividades voc\u00ea j\u00e1 sabia. Agora, vamos conhecer algumas iniciativas brasileiras? Fonte da imagem em destaque: dezeen ___________________________ O que s\u00e3o sistemas agrivoltaicos?\u00a0 Os sistemas agrivoltaicos, tamb\u00e9m conhecidos como agrifotovoltaicos, s\u00e3o uma solu\u00e7\u00e3o que combina agricultura e [&hellip;]\" \/>\n<meta property=\"og:url\" content=\"https:\/\/www2.energia.coop\/brasil\/blog\/sistemas-agrivoltaicos-no-brasil-vamos-conhecer-algumas-iniciativas-2\/\" \/>\n<meta property=\"og:site_name\" content=\"Energia Cooperativa\" \/>\n<meta property=\"article:published_time\" content=\"2023-09-13T17:58:37+00:00\" \/>\n<meta property=\"article:modified_time\" content=\"2024-11-08T12:31:37+00:00\" \/>\n<meta property=\"og:image\" content=\"https:\/\/www2.energia.coop\/brasil\/wp-content\/uploads\/2023\/09\/tamanho-1333-x-456-3.png\" \/>\n\t<meta property=\"og:image:width\" content=\"1333\" \/>\n\t<meta property=\"og:image:height\" content=\"456\" \/>\n\t<meta property=\"og:image:type\" content=\"image\/png\" \/>\n<meta name=\"author\" content=\"energia\" \/>\n<meta name=\"twitter:card\" content=\"summary_large_image\" \/>\n<meta name=\"twitter:label1\" content=\"Escrito por\" \/>\n\t<meta name=\"twitter:data1\" content=\"energia\" \/>\n\t<meta name=\"twitter:label2\" content=\"Est. tempo de leitura\" \/>\n\t<meta name=\"twitter:data2\" content=\"10 minutos\" \/>\n<script type=\"application\/ld+json\" class=\"yoast-schema-graph\">{\"@context\":\"https:\\\/\\\/schema.org\",\"@graph\":[{\"@type\":\"Article\",\"@id\":\"https:\\\/\\\/www2.energia.coop\\\/brasil\\\/blog\\\/sistemas-agrivoltaicos-no-brasil-vamos-conhecer-algumas-iniciativas-2\\\/#article\",\"isPartOf\":{\"@id\":\"https:\\\/\\\/www2.energia.coop\\\/brasil\\\/blog\\\/sistemas-agrivoltaicos-no-brasil-vamos-conhecer-algumas-iniciativas-2\\\/\"},\"author\":{\"name\":\"energia\",\"@id\":\"https:\\\/\\\/www2.energia.coop\\\/brasil\\\/#\\\/schema\\\/person\\\/697a7871a4ef9404cd3df0f0d84f2ccd\"},\"headline\":\"Sistemas agrivoltaicos no Brasil &#8211; Vamos conhecer algumas iniciativas?\",\"datePublished\":\"2023-09-13T17:58:37+00:00\",\"dateModified\":\"2024-11-08T12:31:37+00:00\",\"mainEntityOfPage\":{\"@id\":\"https:\\\/\\\/www2.energia.coop\\\/brasil\\\/blog\\\/sistemas-agrivoltaicos-no-brasil-vamos-conhecer-algumas-iniciativas-2\\\/\"},\"wordCount\":1530,\"commentCount\":0,\"image\":{\"@id\":\"https:\\\/\\\/www2.energia.coop\\\/brasil\\\/blog\\\/sistemas-agrivoltaicos-no-brasil-vamos-conhecer-algumas-iniciativas-2\\\/#primaryimage\"},\"thumbnailUrl\":\"https:\\\/\\\/www2.energia.coop\\\/brasil\\\/wp-content\\\/uploads\\\/2023\\\/09\\\/tamanho-1333-x-456-3.png\",\"keywords\":[\"Inova\u00e7\u00e3o\"],\"articleSection\":[\"Blog\",\"Destaque Principal\",\"Destaques\",\"Biblioteca\"],\"inLanguage\":\"pt-BR\",\"potentialAction\":[{\"@type\":\"CommentAction\",\"name\":\"Comment\",\"target\":[\"https:\\\/\\\/www2.energia.coop\\\/brasil\\\/blog\\\/sistemas-agrivoltaicos-no-brasil-vamos-conhecer-algumas-iniciativas-2\\\/#respond\"]}]},{\"@type\":\"WebPage\",\"@id\":\"https:\\\/\\\/www2.energia.coop\\\/brasil\\\/blog\\\/sistemas-agrivoltaicos-no-brasil-vamos-conhecer-algumas-iniciativas-2\\\/\",\"url\":\"https:\\\/\\\/www2.energia.coop\\\/brasil\\\/blog\\\/sistemas-agrivoltaicos-no-brasil-vamos-conhecer-algumas-iniciativas-2\\\/\",\"name\":\"Sistemas agrivoltaicos no Brasil - Vamos conhecer algumas iniciativas? - Energia Cooperativa\",\"isPartOf\":{\"@id\":\"https:\\\/\\\/www2.energia.coop\\\/brasil\\\/#website\"},\"primaryImageOfPage\":{\"@id\":\"https:\\\/\\\/www2.energia.coop\\\/brasil\\\/blog\\\/sistemas-agrivoltaicos-no-brasil-vamos-conhecer-algumas-iniciativas-2\\\/#primaryimage\"},\"image\":{\"@id\":\"https:\\\/\\\/www2.energia.coop\\\/brasil\\\/blog\\\/sistemas-agrivoltaicos-no-brasil-vamos-conhecer-algumas-iniciativas-2\\\/#primaryimage\"},\"thumbnailUrl\":\"https:\\\/\\\/www2.energia.coop\\\/brasil\\\/wp-content\\\/uploads\\\/2023\\\/09\\\/tamanho-1333-x-456-3.png\",\"datePublished\":\"2023-09-13T17:58:37+00:00\",\"dateModified\":\"2024-11-08T12:31:37+00:00\",\"author\":{\"@id\":\"https:\\\/\\\/www2.energia.coop\\\/brasil\\\/#\\\/schema\\\/person\\\/697a7871a4ef9404cd3df0f0d84f2ccd\"},\"inLanguage\":\"pt-BR\",\"potentialAction\":[{\"@type\":\"ReadAction\",\"target\":[\"https:\\\/\\\/www2.energia.coop\\\/brasil\\\/blog\\\/sistemas-agrivoltaicos-no-brasil-vamos-conhecer-algumas-iniciativas-2\\\/\"]}]},{\"@type\":\"ImageObject\",\"inLanguage\":\"pt-BR\",\"@id\":\"https:\\\/\\\/www2.energia.coop\\\/brasil\\\/blog\\\/sistemas-agrivoltaicos-no-brasil-vamos-conhecer-algumas-iniciativas-2\\\/#primaryimage\",\"url\":\"https:\\\/\\\/www2.energia.coop\\\/brasil\\\/wp-content\\\/uploads\\\/2023\\\/09\\\/tamanho-1333-x-456-3.png\",\"contentUrl\":\"https:\\\/\\\/www2.energia.coop\\\/brasil\\\/wp-content\\\/uploads\\\/2023\\\/09\\\/tamanho-1333-x-456-3.png\",\"width\":1333,\"height\":456},{\"@type\":\"WebSite\",\"@id\":\"https:\\\/\\\/www2.energia.coop\\\/brasil\\\/#website\",\"url\":\"https:\\\/\\\/www2.energia.coop\\\/brasil\\\/\",\"name\":\"Energia Cooperativa\",\"description\":\"\",\"potentialAction\":[{\"@type\":\"SearchAction\",\"target\":{\"@type\":\"EntryPoint\",\"urlTemplate\":\"https:\\\/\\\/www2.energia.coop\\\/brasil\\\/?s={search_term_string}\"},\"query-input\":{\"@type\":\"PropertyValueSpecification\",\"valueRequired\":true,\"valueName\":\"search_term_string\"}}],\"inLanguage\":\"pt-BR\"},{\"@type\":\"Person\",\"@id\":\"https:\\\/\\\/www2.energia.coop\\\/brasil\\\/#\\\/schema\\\/person\\\/697a7871a4ef9404cd3df0f0d84f2ccd\",\"name\":\"energia\",\"image\":{\"@type\":\"ImageObject\",\"inLanguage\":\"pt-BR\",\"@id\":\"https:\\\/\\\/secure.gravatar.com\\\/avatar\\\/1f8d6461d2fb019dc81242feecb0c723ed1144bb91b43857997f664435ea5c52?s=96&d=mm&r=g\",\"url\":\"https:\\\/\\\/secure.gravatar.com\\\/avatar\\\/1f8d6461d2fb019dc81242feecb0c723ed1144bb91b43857997f664435ea5c52?s=96&d=mm&r=g\",\"contentUrl\":\"https:\\\/\\\/secure.gravatar.com\\\/avatar\\\/1f8d6461d2fb019dc81242feecb0c723ed1144bb91b43857997f664435ea5c52?s=96&d=mm&r=g\",\"caption\":\"energia\"},\"url\":\"https:\\\/\\\/www2.energia.coop\\\/brasil\\\/author\\\/energia\\\/\"}]}<\/script>\n<!-- \/ Yoast SEO plugin. -->","yoast_head_json":{"title":"Sistemas agrivoltaicos no Brasil - Vamos conhecer algumas iniciativas? - Energia Cooperativa","robots":{"index":"index","follow":"follow","max-snippet":"max-snippet:-1","max-image-preview":"max-image-preview:large","max-video-preview":"max-video-preview:-1"},"canonical":"https:\/\/www2.energia.coop\/brasil\/blog\/sistemas-agrivoltaicos-no-brasil-vamos-conhecer-algumas-iniciativas-2\/","og_locale":"pt_BR","og_type":"article","og_title":"Sistemas agrivoltaicos no Brasil - Vamos conhecer algumas iniciativas? - Energia Cooperativa","og_description":"Que produzir alimentos e gerar energia no mesmo espa\u00e7o \u00e9 poss\u00edvel e pode gerar benef\u00edcios relevantes para as duas atividades voc\u00ea j\u00e1 sabia. Agora, vamos conhecer algumas iniciativas brasileiras? Fonte da imagem em destaque: dezeen ___________________________ O que s\u00e3o sistemas agrivoltaicos?\u00a0 Os sistemas agrivoltaicos, tamb\u00e9m conhecidos como agrifotovoltaicos, s\u00e3o uma solu\u00e7\u00e3o que combina agricultura e [&hellip;]","og_url":"https:\/\/www2.energia.coop\/brasil\/blog\/sistemas-agrivoltaicos-no-brasil-vamos-conhecer-algumas-iniciativas-2\/","og_site_name":"Energia Cooperativa","article_published_time":"2023-09-13T17:58:37+00:00","article_modified_time":"2024-11-08T12:31:37+00:00","og_image":[{"width":1333,"height":456,"url":"https:\/\/www2.energia.coop\/brasil\/wp-content\/uploads\/2023\/09\/tamanho-1333-x-456-3.png","type":"image\/png"}],"author":"energia","twitter_card":"summary_large_image","twitter_misc":{"Escrito por":"energia","Est. tempo de leitura":"10 minutos"},"schema":{"@context":"https:\/\/schema.org","@graph":[{"@type":"Article","@id":"https:\/\/www2.energia.coop\/brasil\/blog\/sistemas-agrivoltaicos-no-brasil-vamos-conhecer-algumas-iniciativas-2\/#article","isPartOf":{"@id":"https:\/\/www2.energia.coop\/brasil\/blog\/sistemas-agrivoltaicos-no-brasil-vamos-conhecer-algumas-iniciativas-2\/"},"author":{"name":"energia","@id":"https:\/\/www2.energia.coop\/brasil\/#\/schema\/person\/697a7871a4ef9404cd3df0f0d84f2ccd"},"headline":"Sistemas agrivoltaicos no Brasil &#8211; Vamos conhecer algumas iniciativas?","datePublished":"2023-09-13T17:58:37+00:00","dateModified":"2024-11-08T12:31:37+00:00","mainEntityOfPage":{"@id":"https:\/\/www2.energia.coop\/brasil\/blog\/sistemas-agrivoltaicos-no-brasil-vamos-conhecer-algumas-iniciativas-2\/"},"wordCount":1530,"commentCount":0,"image":{"@id":"https:\/\/www2.energia.coop\/brasil\/blog\/sistemas-agrivoltaicos-no-brasil-vamos-conhecer-algumas-iniciativas-2\/#primaryimage"},"thumbnailUrl":"https:\/\/www2.energia.coop\/brasil\/wp-content\/uploads\/2023\/09\/tamanho-1333-x-456-3.png","keywords":["Inova\u00e7\u00e3o"],"articleSection":["Blog","Destaque Principal","Destaques","Biblioteca"],"inLanguage":"pt-BR","potentialAction":[{"@type":"CommentAction","name":"Comment","target":["https:\/\/www2.energia.coop\/brasil\/blog\/sistemas-agrivoltaicos-no-brasil-vamos-conhecer-algumas-iniciativas-2\/#respond"]}]},{"@type":"WebPage","@id":"https:\/\/www2.energia.coop\/brasil\/blog\/sistemas-agrivoltaicos-no-brasil-vamos-conhecer-algumas-iniciativas-2\/","url":"https:\/\/www2.energia.coop\/brasil\/blog\/sistemas-agrivoltaicos-no-brasil-vamos-conhecer-algumas-iniciativas-2\/","name":"Sistemas agrivoltaicos no Brasil - Vamos conhecer algumas iniciativas? - Energia Cooperativa","isPartOf":{"@id":"https:\/\/www2.energia.coop\/brasil\/#website"},"primaryImageOfPage":{"@id":"https:\/\/www2.energia.coop\/brasil\/blog\/sistemas-agrivoltaicos-no-brasil-vamos-conhecer-algumas-iniciativas-2\/#primaryimage"},"image":{"@id":"https:\/\/www2.energia.coop\/brasil\/blog\/sistemas-agrivoltaicos-no-brasil-vamos-conhecer-algumas-iniciativas-2\/#primaryimage"},"thumbnailUrl":"https:\/\/www2.energia.coop\/brasil\/wp-content\/uploads\/2023\/09\/tamanho-1333-x-456-3.png","datePublished":"2023-09-13T17:58:37+00:00","dateModified":"2024-11-08T12:31:37+00:00","author":{"@id":"https:\/\/www2.energia.coop\/brasil\/#\/schema\/person\/697a7871a4ef9404cd3df0f0d84f2ccd"},"inLanguage":"pt-BR","potentialAction":[{"@type":"ReadAction","target":["https:\/\/www2.energia.coop\/brasil\/blog\/sistemas-agrivoltaicos-no-brasil-vamos-conhecer-algumas-iniciativas-2\/"]}]},{"@type":"ImageObject","inLanguage":"pt-BR","@id":"https:\/\/www2.energia.coop\/brasil\/blog\/sistemas-agrivoltaicos-no-brasil-vamos-conhecer-algumas-iniciativas-2\/#primaryimage","url":"https:\/\/www2.energia.coop\/brasil\/wp-content\/uploads\/2023\/09\/tamanho-1333-x-456-3.png","contentUrl":"https:\/\/www2.energia.coop\/brasil\/wp-content\/uploads\/2023\/09\/tamanho-1333-x-456-3.png","width":1333,"height":456},{"@type":"WebSite","@id":"https:\/\/www2.energia.coop\/brasil\/#website","url":"https:\/\/www2.energia.coop\/brasil\/","name":"Energia Cooperativa","description":"","potentialAction":[{"@type":"SearchAction","target":{"@type":"EntryPoint","urlTemplate":"https:\/\/www2.energia.coop\/brasil\/?s={search_term_string}"},"query-input":{"@type":"PropertyValueSpecification","valueRequired":true,"valueName":"search_term_string"}}],"inLanguage":"pt-BR"},{"@type":"Person","@id":"https:\/\/www2.energia.coop\/brasil\/#\/schema\/person\/697a7871a4ef9404cd3df0f0d84f2ccd","name":"energia","image":{"@type":"ImageObject","inLanguage":"pt-BR","@id":"https:\/\/secure.gravatar.com\/avatar\/1f8d6461d2fb019dc81242feecb0c723ed1144bb91b43857997f664435ea5c52?s=96&d=mm&r=g","url":"https:\/\/secure.gravatar.com\/avatar\/1f8d6461d2fb019dc81242feecb0c723ed1144bb91b43857997f664435ea5c52?s=96&d=mm&r=g","contentUrl":"https:\/\/secure.gravatar.com\/avatar\/1f8d6461d2fb019dc81242feecb0c723ed1144bb91b43857997f664435ea5c52?s=96&d=mm&r=g","caption":"energia"},"url":"https:\/\/www2.energia.coop\/brasil\/author\/energia\/"}]}},"_links":{"self":[{"href":"https:\/\/www2.energia.coop\/brasil\/wp-json\/wp\/v2\/posts\/2239","targetHints":{"allow":["GET"]}}],"collection":[{"href":"https:\/\/www2.energia.coop\/brasil\/wp-json\/wp\/v2\/posts"}],"about":[{"href":"https:\/\/www2.energia.coop\/brasil\/wp-json\/wp\/v2\/types\/post"}],"author":[{"embeddable":true,"href":"https:\/\/www2.energia.coop\/brasil\/wp-json\/wp\/v2\/users\/2"}],"replies":[{"embeddable":true,"href":"https:\/\/www2.energia.coop\/brasil\/wp-json\/wp\/v2\/comments?post=2239"}],"version-history":[{"count":0,"href":"https:\/\/www2.energia.coop\/brasil\/wp-json\/wp\/v2\/posts\/2239\/revisions"}],"wp:featuredmedia":[{"embeddable":true,"href":"https:\/\/www2.energia.coop\/brasil\/wp-json\/wp\/v2\/media\/2846"}],"wp:attachment":[{"href":"https:\/\/www2.energia.coop\/brasil\/wp-json\/wp\/v2\/media?parent=2239"}],"wp:term":[{"taxonomy":"category","embeddable":true,"href":"https:\/\/www2.energia.coop\/brasil\/wp-json\/wp\/v2\/categories?post=2239"},{"taxonomy":"post_tag","embeddable":true,"href":"https:\/\/www2.energia.coop\/brasil\/wp-json\/wp\/v2\/tags?post=2239"}],"curies":[{"name":"wp","href":"https:\/\/api.w.org\/{rel}","templated":true}]}}