

{"id":1855,"date":"2022-10-25T09:50:15","date_gmt":"2022-10-25T12:50:15","guid":{"rendered":"https:\/\/www2.energia.coop\/brasil\/biblioteca\/participacao-feminina-no-cooperativismo-e-na-energia-cooperativa-2\/"},"modified":"2024-04-11T14:30:55","modified_gmt":"2024-04-11T17:30:55","slug":"panorama-das-cooperativas-de-energia-no-brasil-em-2022","status":"publish","type":"post","link":"https:\/\/www2.energia.coop\/brasil\/blog\/panorama-das-cooperativas-de-energia-no-brasil-em-2022\/","title":{"rendered":"Panorama das Cooperativas de Energia no Brasil em 2022"},"content":{"rendered":"<p><span style=\"font-weight: 400;\">Onde est\u00e3o e como funcionam as Cooperativas de Energia brasileiras? Para entender melhor este contexto e os n\u00fameros do setor, em 2022 a Confedera\u00e7\u00e3o das Cooperativas da Alemanha (DGRV),\u00a0 com apoio do Instituto para o Desenvolvimento de Energias Alternativas na Am\u00e9rica Latina (IDEAL) e da Organiza\u00e7\u00e3o das Cooperativas Brasileiras (OCB) realizaram uma <span style=\"text-decoration: underline; color: #008080;\"><a style=\"color: #008080; text-decoration: underline;\" href=\"https:\/\/www2.energia.coop\/brasil\/wp-content\/uploads\/2022\/10\/Relatorio-Pesquisa-Energia-Cooperativa-2022-28.10.pdf\">pesquisa sobre Cooperativas de Gera\u00e7\u00e3o Distribu\u00edda no Brasil<\/a><\/span>.<\/span><\/p>\n<p><span style=\"font-weight: 400;\">Al\u00e9m de entender o contexto, a pesquisa tem o intuito de <\/span><b>mapear e dar visibilidade \u00e0s iniciativas de gera\u00e7\u00e3o de energia cooperativa<\/b><span style=\"font-weight: 400;\"> e renov\u00e1vel no Brasil, para que mais pessoas possam conhecer e participar deste movimento de coopera\u00e7\u00e3o e ter o protagonismo de transi\u00e7\u00e3o e diversifica\u00e7\u00e3o energ\u00e9tica. Outro objetivo do estudo \u00e9 fomentar a intercoopera\u00e7\u00e3o e gerar resultados que podem se tornar <\/span><b>ferramentas para apresentar de forma clara os benef\u00edcios<\/b><span style=\"font-weight: 400;\"> e impactos positivos da gera\u00e7\u00e3o de energia compartilhada ao p\u00fablico em geral e tamb\u00e9m aos planejadores e reguladores do setor energ\u00e9tico.\u00a0<\/span><\/p>\n<p><span style=\"font-weight: 400;\">A pesquisa foi realizada a partir de um question\u00e1rio online, o qual obteve resposta de 28 iniciativas brasileiras, que atuam em 18 estados mais o Distrito Federal. Destas 28 cooperativas, a maior concentra\u00e7\u00e3o est\u00e1 na regi\u00e3o sul, com destaque para o estado do Paran\u00e1. Mais da metade (61%) das iniciativas s\u00e3o compostas por pessoas f\u00edsicas e jur\u00eddicas, oferecendo para estes cooperados\/as cr\u00e9ditos de energia por meio do sistema de compensa\u00e7\u00e3o de energia (100% das iniciativas), ou at\u00e9 outros servi\u00e7os como efici\u00eancia energ\u00e9tica (21%).<\/span><\/p>\n<p style=\"padding-left: 200px;\"><img loading=\"lazy\" decoding=\"async\" class=\"wp-image-1857 aligncenter\" src=\"https:\/\/www2.energia.coop\/brasil\/wp-content\/uploads\/2022\/10\/Relatorio-Pesquisa-Energia-Cooperativa-VFF-1-e1666703758584.png\" alt=\"\" width=\"524\" height=\"491\" srcset=\"https:\/\/www2.energia.coop\/brasil\/wp-content\/uploads\/2022\/10\/Relatorio-Pesquisa-Energia-Cooperativa-VFF-1-e1666703758584.png 3455w, https:\/\/www2.energia.coop\/brasil\/wp-content\/uploads\/2022\/10\/Relatorio-Pesquisa-Energia-Cooperativa-VFF-1-e1666703758584-300x281.png 300w, https:\/\/www2.energia.coop\/brasil\/wp-content\/uploads\/2022\/10\/Relatorio-Pesquisa-Energia-Cooperativa-VFF-1-e1666703758584-1024x960.png 1024w, https:\/\/www2.energia.coop\/brasil\/wp-content\/uploads\/2022\/10\/Relatorio-Pesquisa-Energia-Cooperativa-VFF-1-e1666703758584-768x720.png 768w, https:\/\/www2.energia.coop\/brasil\/wp-content\/uploads\/2022\/10\/Relatorio-Pesquisa-Energia-Cooperativa-VFF-1-e1666703758584-1536x1440.png 1536w, https:\/\/www2.energia.coop\/brasil\/wp-content\/uploads\/2022\/10\/Relatorio-Pesquisa-Energia-Cooperativa-VFF-1-e1666703758584-2048x1920.png 2048w\" sizes=\"auto, (max-width: 524px) 100vw, 524px\" \/><\/p>\n<p style=\"text-align: center;\"><span style=\"font-weight: 400;\">(Imagem: Distribui\u00e7\u00e3o das iniciativas por estado em que foram fundadas)<\/span><\/p>\n<p>&nbsp;<\/p>\n<p><span style=\"font-weight: 400;\">Quanto \u00e0s fontes de gera\u00e7\u00e3o de energia utilizadas, a predomin\u00e2ncia ainda \u00e9 da solar fotovoltaica, como na <\/span><a href=\"https:\/\/www2.energia.coop\/brasil\/blog\/pesquisa-cooperativas-gd-compartilhada-dgrv\/\"><span style=\"font-weight: 400;\"><span style=\"text-decoration: underline;\"><span style=\"color: #008080; text-decoration: underline;\">pesquisa realizada em 2020 e 2021<\/span><\/span><\/span><\/a><span style=\"font-weight: 400;\">. Os estados da regi\u00e3o sul apresentaram maior diversidade de fontes em rela\u00e7\u00e3o \u00e0s outras regi\u00f5es do pa\u00eds, contando com a biomassa, biog\u00e1s e centrais geradoras hidrel\u00e9tricas, al\u00e9m da fotovoltaica, como ilustra a figura abaixo.<\/span><\/p>\n<p style=\"padding-left: 200px;\"><img loading=\"lazy\" decoding=\"async\" class=\"wp-image-1858 aligncenter\" src=\"https:\/\/www2.energia.coop\/brasil\/wp-content\/uploads\/2022\/10\/Relatorio-Pesquisa-Energia-Cooperativa-VFF-2-e1666703844651.png\" alt=\"\" width=\"547\" height=\"519\" srcset=\"https:\/\/www2.energia.coop\/brasil\/wp-content\/uploads\/2022\/10\/Relatorio-Pesquisa-Energia-Cooperativa-VFF-2-e1666703844651.png 3412w, https:\/\/www2.energia.coop\/brasil\/wp-content\/uploads\/2022\/10\/Relatorio-Pesquisa-Energia-Cooperativa-VFF-2-e1666703844651-300x285.png 300w, https:\/\/www2.energia.coop\/brasil\/wp-content\/uploads\/2022\/10\/Relatorio-Pesquisa-Energia-Cooperativa-VFF-2-e1666703844651-1024x972.png 1024w, https:\/\/www2.energia.coop\/brasil\/wp-content\/uploads\/2022\/10\/Relatorio-Pesquisa-Energia-Cooperativa-VFF-2-e1666703844651-768x729.png 768w, https:\/\/www2.energia.coop\/brasil\/wp-content\/uploads\/2022\/10\/Relatorio-Pesquisa-Energia-Cooperativa-VFF-2-e1666703844651-1536x1458.png 1536w, https:\/\/www2.energia.coop\/brasil\/wp-content\/uploads\/2022\/10\/Relatorio-Pesquisa-Energia-Cooperativa-VFF-2-e1666703844651-2048x1944.png 2048w\" sizes=\"auto, (max-width: 547px) 100vw, 547px\" \/><\/p>\n<p style=\"text-align: center;\"><span style=\"font-weight: 400;\">(Imagem: Fontes de gera\u00e7\u00e3o de energia utilizadas em cada estado)<\/span><\/p>\n<p>&nbsp;<\/p>\n<p><span style=\"font-weight: 400;\">As cooperativas de energia t\u00eam se mostrado uma ferramenta importante na democratiza\u00e7\u00e3o do acesso \u00e0s energias renov\u00e1veis e na transi\u00e7\u00e3o energ\u00e9tica a n\u00edvel global. Quando olhamos para o cen\u00e1rio nacional, apesar de o movimento ainda ser recente, este setor mostra um crescimento consider\u00e1vel a cada ano. De acordo com os resultados da pesquisa, existem mais de 160 MW de pot\u00eancia instalada por iniciativas de gera\u00e7\u00e3o distribu\u00edda de energia renov\u00e1vel, envolvendo mais de 24 mil pessoas, e gerando cr\u00e9ditos de energia e outros servi\u00e7os para 22 mil unidades consumidoras.<\/span><\/p>\n<p><img loading=\"lazy\" decoding=\"async\" class=\"wp-image-1860 aligncenter\" src=\"https:\/\/www2.energia.coop\/brasil\/wp-content\/uploads\/2022\/10\/Relatorio-Pesquisa-Energia-Cooperativa-VFF-4-e1666704033444.png\" alt=\"\" width=\"893\" height=\"194\" srcset=\"https:\/\/www2.energia.coop\/brasil\/wp-content\/uploads\/2022\/10\/Relatorio-Pesquisa-Energia-Cooperativa-VFF-4-e1666704033444.png 5759w, https:\/\/www2.energia.coop\/brasil\/wp-content\/uploads\/2022\/10\/Relatorio-Pesquisa-Energia-Cooperativa-VFF-4-e1666704033444-300x65.png 300w, https:\/\/www2.energia.coop\/brasil\/wp-content\/uploads\/2022\/10\/Relatorio-Pesquisa-Energia-Cooperativa-VFF-4-e1666704033444-1024x223.png 1024w, https:\/\/www2.energia.coop\/brasil\/wp-content\/uploads\/2022\/10\/Relatorio-Pesquisa-Energia-Cooperativa-VFF-4-e1666704033444-768x167.png 768w, https:\/\/www2.energia.coop\/brasil\/wp-content\/uploads\/2022\/10\/Relatorio-Pesquisa-Energia-Cooperativa-VFF-4-e1666704033444-1536x334.png 1536w, https:\/\/www2.energia.coop\/brasil\/wp-content\/uploads\/2022\/10\/Relatorio-Pesquisa-Energia-Cooperativa-VFF-4-e1666704033444-2048x445.png 2048w\" sizes=\"auto, (max-width: 893px) 100vw, 893px\" \/><\/p>\n<p style=\"text-align: center;\"><span style=\"font-weight: 400;\">(Imagem: Principais n\u00fameros do setor)<\/span><\/p>\n<p>&nbsp;<\/p>\n<h4>Modelos de neg\u00f3cio<\/h4>\n<p><span style=\"font-weight: 400;\">A <\/span><a href=\"https:\/\/www2.energia.coop\/brasil\/blog\/pesquisa-cooperativas-gd-compartilhada-dgrv\/\"><span style=\"font-weight: 400;\"><span style=\"text-decoration: underline;\"><span style=\"color: #008080; text-decoration: underline;\">primeira pesquisa realizada com iniciativas de Energia Cooperativa brasileiras<\/span><\/span><\/span><\/a><span style=\"font-weight: 400;\"> aconteceu ao longo de 2020 e 2021 por meio de entrevistas. A partir da an\u00e1lise dos resultados dessas entrevistas e do question\u00e1rio da pesquisa de 2022 foi poss\u00edvel identificar alguns distintos modelos de neg\u00f3cios. De forma geral, ao longo dos estudos foram observados alguns atores e elementos principais e formas distintas de como esses se relacionam entre si, como mostrado de forma sistem\u00e1tica nas caixinhas do diagrama:<\/span><\/p>\n<p><img loading=\"lazy\" decoding=\"async\" class=\"wp-image-1859 aligncenter\" src=\"https:\/\/www2.energia.coop\/brasil\/wp-content\/uploads\/2022\/10\/Relatorio-Pesquisa-Energia-Cooperativa-VFF-e1666704334591.png\" alt=\"\" width=\"1226\" height=\"515\" srcset=\"https:\/\/www2.energia.coop\/brasil\/wp-content\/uploads\/2022\/10\/Relatorio-Pesquisa-Energia-Cooperativa-VFF-e1666704334591.png 5759w, https:\/\/www2.energia.coop\/brasil\/wp-content\/uploads\/2022\/10\/Relatorio-Pesquisa-Energia-Cooperativa-VFF-e1666704334591-300x126.png 300w, https:\/\/www2.energia.coop\/brasil\/wp-content\/uploads\/2022\/10\/Relatorio-Pesquisa-Energia-Cooperativa-VFF-e1666704334591-1024x430.png 1024w, https:\/\/www2.energia.coop\/brasil\/wp-content\/uploads\/2022\/10\/Relatorio-Pesquisa-Energia-Cooperativa-VFF-e1666704334591-768x323.png 768w, https:\/\/www2.energia.coop\/brasil\/wp-content\/uploads\/2022\/10\/Relatorio-Pesquisa-Energia-Cooperativa-VFF-e1666704334591-1536x645.png 1536w, https:\/\/www2.energia.coop\/brasil\/wp-content\/uploads\/2022\/10\/Relatorio-Pesquisa-Energia-Cooperativa-VFF-e1666704334591-2048x860.png 2048w\" sizes=\"auto, (max-width: 1226px) 100vw, 1226px\" \/><\/p>\n<p style=\"text-align: center;\"><span style=\"font-weight: 400;\">(Imagem: Diagrama com principais elementos e rela\u00e7\u00f5es em Cooperativas de GD)<\/span><\/p>\n<p>&nbsp;<\/p>\n<p><span style=\"font-weight: 400;\">\u00a0A pesquisa de 2022 mostrou que, quanto \u00e0 propriedade do local da usina da cooperativa, o modelo mais frequente \u00e9 o que os terrenos pertencem a apenas um cooperado(a) que aluga o terreno para a cooperativa (31%). J\u00e1, quanto \u00e0 viabiliza\u00e7\u00e3o das usinas, 42% das iniciativas tiveram seus sistemas financiados a partir de recursos dos pr\u00f3prios cooperados\/as. Mais dados como estes est\u00e3o dispon\u00edveis na publica\u00e7\u00e3o do <a href=\"https:\/\/www2.energia.coop\/brasil\/wp-content\/uploads\/2022\/10\/Relatorio-Pesquisa-Energia-Cooperativa-2022-28.10.pdf\"><span style=\"text-decoration: underline;\"><span style=\"color: #008080; text-decoration: underline;\">relat\u00f3rio completo da pesquisa<\/span><\/span><\/a>.<\/span><\/p>\n<p>&nbsp;<\/p>\n<h4>Motiva\u00e7\u00f5es e barreiras<\/h4>\n<p><span style=\"font-weight: 400;\">Mesmo com diferentes modelos de neg\u00f3cios, as 28 iniciativas participantes da pesquisa se mostraram alinhadas quanto \u00e0s motiva\u00e7\u00f5es. O maior destaque foi para a <\/span><b>democratiza\u00e7\u00e3o do acesso \u00e0s energias renov\u00e1veis<\/b><span style=\"font-weight: 400;\"> (89% selecionaram esta op\u00e7\u00e3o), seguido por criar uma alternativa inovadora (79%).<\/span><\/p>\n<p><span style=\"font-weight: 400;\">J\u00e1, quando o assunto \u00e9 dificuldades enfrentadas pelas cooperativas, a mais frequente foi o <\/span><b>dif\u00edcil relacionamento com as concession\u00e1rias (50%)<\/b><span style=\"font-weight: 400;\">, que apesar de serem organiza\u00e7\u00f5es localizadas em diferentes estados, a dificuldade ocorre de forma generalizada a n\u00edvel nacional, uma vez que foi mencionada por cooperativas que atuam em 18 estados diferentes.<\/span><\/p>\n<p>&nbsp;<\/p>\n<h4>O futuro da energia cooperativa<\/h4>\n<p><span style=\"font-weight: 400;\">A Energia Cooperativa j\u00e1 est\u00e1 presente em 70% dos estados brasileiros, com novas iniciativas surgindo a cada ano. Al\u00e9m disso, a grande maioria das existentes que participaram da pesquisa pretendem expandir em quantidade de usinas (96%) e em n\u00famero de cooperados\/as (86%) nos pr\u00f3ximos anos, o que mostra um grande potencial de que esses modelos se tornarem mais comuns e acess\u00edveis para a popula\u00e7\u00e3o brasileira.\u00a0<\/span><\/p>\n<p><span style=\"font-weight: 400;\">Dentre as tend\u00eancias apontadas pelo estudo, est\u00e1 a gera\u00e7\u00e3o de energia el\u00e9trica a partir de outras fontes pelas iniciativas existentes, como hidrog\u00eanio verde e biog\u00e1s. Outra diversifica\u00e7\u00e3o \u00e9 prevista nos servi\u00e7os oferecidos pelas cooperativas, que demonstraram interesse em oferecer medidas <\/span><span style=\"font-weight: 400;\">de efici\u00eancia energ\u00e9tica, eletromobilidade e armazenamento para seus cooperados.<\/span><\/p>\n<p><span style=\"font-weight: 400;\">\u00c9 esperado que o setor tenha cada vez mais estabilidade, devido ao crescente n\u00famero de iniciativas, o que traz mais representatividade a n\u00edvel nacional, e tamb\u00e9m \u00e0 Lei 14.300, que trouxe mais seguran\u00e7a regulat\u00f3ria para que essas iniciativas continuem a expandir. A\u00e7\u00f5es de <\/span><b>intercoopera\u00e7\u00e3o<\/b><span style=\"font-weight: 400;\"> entre iniciativas possuem um grande potencial para solucionar algumas das barreiras enfrentadas, como acesso a financiamentos e desenvolvimento de plataformas de gest\u00e3o de cr\u00e9ditos.<\/span><\/p>\n<p>&nbsp;<\/p>\n<p><strong>Metodologia<\/strong><\/p>\n<p><span style=\"font-weight: 400;\">Os dados foram coletados atrav\u00e9s de um <\/span><span style=\"font-weight: 400;\">question\u00e1rio online divulgado nos meses de maio e junho de 2022 para representantes de iniciativas de energia cooperativa brasileiras. <\/span><span style=\"font-weight: 400;\">Participaram da pesquisa 28\u00a0 iniciativas oficialmente constitu\u00eddas, que atuam em 18 estados brasileiros e no Distrito Federal.\u00a0<\/span><\/p>\n<p>&nbsp;<\/p>\n<p><b>Sobre a Energia.coop<\/b><\/p>\n<p><span style=\"font-weight: 400;\">A pesquisa foi realizada dentro do escopo de atividades da equipe da Energia.coop, que \u00e9 uma plataforma colaborativa lan\u00e7ada em 2020 a partir de uma parceria entre a DGRV, a OCB e o Instituto IDEAL. A plataforma visa informar a sociedade sobre Energia Cooperativa, conectar e fortalecer as iniciativas existentes e divulgar oportunidades e novidades do setor para a rede e interessados no assunto.<\/span><\/p>\n<p>&nbsp;<\/p>\n<p>Autora: La\u00eds Vidotto (Instituto Ideal)<\/p>\n<p>Colabora\u00e7\u00e3o: Kathlen Schneider (Instituto Ideal)<\/p>\n<p><em>Publicado em 25\/10\/2022<\/em><\/p>\n<hr \/>\n<h3><b>Saiba mais<\/b><\/h3>\n<p><span style=\"text-decoration: underline;\"><span style=\"color: #008080;\"><a style=\"color: #008080;\" href=\"https:\/\/www2.energia.coop\/brasil\/wp-content\/uploads\/2022\/10\/Relatorio-Pesquisa-Energia-Cooperativa-VF-24.10.pdf\"><span style=\"font-weight: 400;\">Relat\u00f3rio completo da pesquisa de Cooperativas de Gera\u00e7\u00e3o Distribu\u00edda em 2022<\/span><\/a><\/span><\/span><\/p>\n<p><span style=\"text-decoration: underline;\"><span style=\"color: #008080;\"><a style=\"color: #008080;\" href=\"https:\/\/www2.energia.coop\/brasil\/blog\/pesquisa-cooperativas-gd-compartilhada-dgrv\/\"><span style=\"font-weight: 400;\">Relat\u00f3rio da pesquisa de Cooperativas de Gera\u00e7\u00e3o Distribu\u00edda em 2020 e 2021<\/span><\/a><\/span><\/span><\/p>\n<p>&nbsp;<\/p>\n<p>&nbsp;<\/p>\n","protected":false},"excerpt":{"rendered":"<p>Onde est\u00e3o e como funcionam as Cooperativas de Energia brasileiras? Para entender melhor este contexto e os n\u00fameros do setor, confira a pesquisa feita em 2022 pela DGRV,\u00a0com apoio do Instituto Ideal e da OCB.<\/p>\n","protected":false},"author":2,"featured_media":1929,"comment_status":"open","ping_status":"open","sticky":false,"template":"","format":"standard","meta":{"_acf_changed":false,"footnotes":""},"categories":[44],"tags":[55],"class_list":["post-1855","post","type-post","status-publish","format-standard","has-post-thumbnail","hentry","category-blog","tag-energia-cooperativa"],"acf":[],"yoast_head":"<!-- This site is optimized with the Yoast SEO plugin v27.4 - https:\/\/yoast.com\/product\/yoast-seo-wordpress\/ -->\n<title>Panorama das Cooperativas de Energia no Brasil em 2022 - Energia Cooperativa<\/title>\n<meta name=\"robots\" content=\"index, follow, max-snippet:-1, max-image-preview:large, max-video-preview:-1\" \/>\n<link rel=\"canonical\" href=\"https:\/\/www2.energia.coop\/brasil\/blog\/panorama-das-cooperativas-de-energia-no-brasil-em-2022\/\" \/>\n<meta property=\"og:locale\" content=\"pt_BR\" \/>\n<meta property=\"og:type\" content=\"article\" \/>\n<meta property=\"og:title\" content=\"Panorama das Cooperativas de Energia no Brasil em 2022 - Energia Cooperativa\" \/>\n<meta property=\"og:description\" content=\"Onde est\u00e3o e como funcionam as Cooperativas de Energia brasileiras? Para entender melhor este contexto e os n\u00fameros do setor, confira a pesquisa feita em 2022 pela DGRV,\u00a0com apoio do Instituto Ideal e da OCB.\" \/>\n<meta property=\"og:url\" content=\"https:\/\/www2.energia.coop\/brasil\/blog\/panorama-das-cooperativas-de-energia-no-brasil-em-2022\/\" \/>\n<meta property=\"og:site_name\" content=\"Energia Cooperativa\" \/>\n<meta property=\"article:published_time\" content=\"2022-10-25T12:50:15+00:00\" \/>\n<meta property=\"article:modified_time\" content=\"2024-04-11T17:30:55+00:00\" \/>\n<meta property=\"og:image\" content=\"https:\/\/www2.energia.coop\/brasil\/wp-content\/uploads\/2022\/10\/Design-ohne-Titel-6.png\" \/>\n\t<meta property=\"og:image:width\" content=\"1080\" \/>\n\t<meta property=\"og:image:height\" content=\"1080\" \/>\n\t<meta property=\"og:image:type\" content=\"image\/png\" \/>\n<meta name=\"author\" content=\"energia\" \/>\n<meta name=\"twitter:card\" content=\"summary_large_image\" \/>\n<meta name=\"twitter:label1\" content=\"Escrito por\" \/>\n\t<meta name=\"twitter:data1\" content=\"energia\" \/>\n\t<meta name=\"twitter:label2\" content=\"Est. tempo de leitura\" \/>\n\t<meta name=\"twitter:data2\" content=\"7 minutos\" \/>\n<script type=\"application\/ld+json\" class=\"yoast-schema-graph\">{\"@context\":\"https:\\\/\\\/schema.org\",\"@graph\":[{\"@type\":\"Article\",\"@id\":\"https:\\\/\\\/www2.energia.coop\\\/brasil\\\/blog\\\/panorama-das-cooperativas-de-energia-no-brasil-em-2022\\\/#article\",\"isPartOf\":{\"@id\":\"https:\\\/\\\/www2.energia.coop\\\/brasil\\\/blog\\\/panorama-das-cooperativas-de-energia-no-brasil-em-2022\\\/\"},\"author\":{\"name\":\"energia\",\"@id\":\"https:\\\/\\\/www2.energia.coop\\\/brasil\\\/#\\\/schema\\\/person\\\/697a7871a4ef9404cd3df0f0d84f2ccd\"},\"headline\":\"Panorama das Cooperativas de Energia no Brasil em 2022\",\"datePublished\":\"2022-10-25T12:50:15+00:00\",\"dateModified\":\"2024-04-11T17:30:55+00:00\",\"mainEntityOfPage\":{\"@id\":\"https:\\\/\\\/www2.energia.coop\\\/brasil\\\/blog\\\/panorama-das-cooperativas-de-energia-no-brasil-em-2022\\\/\"},\"wordCount\":1091,\"commentCount\":0,\"image\":{\"@id\":\"https:\\\/\\\/www2.energia.coop\\\/brasil\\\/blog\\\/panorama-das-cooperativas-de-energia-no-brasil-em-2022\\\/#primaryimage\"},\"thumbnailUrl\":\"https:\\\/\\\/www2.energia.coop\\\/brasil\\\/wp-content\\\/uploads\\\/2022\\\/10\\\/Design-ohne-Titel-6.png\",\"keywords\":[\"Energia Cooperativa\"],\"articleSection\":[\"Blog\"],\"inLanguage\":\"pt-BR\",\"potentialAction\":[{\"@type\":\"CommentAction\",\"name\":\"Comment\",\"target\":[\"https:\\\/\\\/www2.energia.coop\\\/brasil\\\/blog\\\/panorama-das-cooperativas-de-energia-no-brasil-em-2022\\\/#respond\"]}]},{\"@type\":\"WebPage\",\"@id\":\"https:\\\/\\\/www2.energia.coop\\\/brasil\\\/blog\\\/panorama-das-cooperativas-de-energia-no-brasil-em-2022\\\/\",\"url\":\"https:\\\/\\\/www2.energia.coop\\\/brasil\\\/blog\\\/panorama-das-cooperativas-de-energia-no-brasil-em-2022\\\/\",\"name\":\"Panorama das Cooperativas de Energia no Brasil em 2022 - Energia Cooperativa\",\"isPartOf\":{\"@id\":\"https:\\\/\\\/www2.energia.coop\\\/brasil\\\/#website\"},\"primaryImageOfPage\":{\"@id\":\"https:\\\/\\\/www2.energia.coop\\\/brasil\\\/blog\\\/panorama-das-cooperativas-de-energia-no-brasil-em-2022\\\/#primaryimage\"},\"image\":{\"@id\":\"https:\\\/\\\/www2.energia.coop\\\/brasil\\\/blog\\\/panorama-das-cooperativas-de-energia-no-brasil-em-2022\\\/#primaryimage\"},\"thumbnailUrl\":\"https:\\\/\\\/www2.energia.coop\\\/brasil\\\/wp-content\\\/uploads\\\/2022\\\/10\\\/Design-ohne-Titel-6.png\",\"datePublished\":\"2022-10-25T12:50:15+00:00\",\"dateModified\":\"2024-04-11T17:30:55+00:00\",\"author\":{\"@id\":\"https:\\\/\\\/www2.energia.coop\\\/brasil\\\/#\\\/schema\\\/person\\\/697a7871a4ef9404cd3df0f0d84f2ccd\"},\"inLanguage\":\"pt-BR\",\"potentialAction\":[{\"@type\":\"ReadAction\",\"target\":[\"https:\\\/\\\/www2.energia.coop\\\/brasil\\\/blog\\\/panorama-das-cooperativas-de-energia-no-brasil-em-2022\\\/\"]}]},{\"@type\":\"ImageObject\",\"inLanguage\":\"pt-BR\",\"@id\":\"https:\\\/\\\/www2.energia.coop\\\/brasil\\\/blog\\\/panorama-das-cooperativas-de-energia-no-brasil-em-2022\\\/#primaryimage\",\"url\":\"https:\\\/\\\/www2.energia.coop\\\/brasil\\\/wp-content\\\/uploads\\\/2022\\\/10\\\/Design-ohne-Titel-6.png\",\"contentUrl\":\"https:\\\/\\\/www2.energia.coop\\\/brasil\\\/wp-content\\\/uploads\\\/2022\\\/10\\\/Design-ohne-Titel-6.png\",\"width\":1080,\"height\":1080},{\"@type\":\"WebSite\",\"@id\":\"https:\\\/\\\/www2.energia.coop\\\/brasil\\\/#website\",\"url\":\"https:\\\/\\\/www2.energia.coop\\\/brasil\\\/\",\"name\":\"Energia Cooperativa\",\"description\":\"\",\"potentialAction\":[{\"@type\":\"SearchAction\",\"target\":{\"@type\":\"EntryPoint\",\"urlTemplate\":\"https:\\\/\\\/www2.energia.coop\\\/brasil\\\/?s={search_term_string}\"},\"query-input\":{\"@type\":\"PropertyValueSpecification\",\"valueRequired\":true,\"valueName\":\"search_term_string\"}}],\"inLanguage\":\"pt-BR\"},{\"@type\":\"Person\",\"@id\":\"https:\\\/\\\/www2.energia.coop\\\/brasil\\\/#\\\/schema\\\/person\\\/697a7871a4ef9404cd3df0f0d84f2ccd\",\"name\":\"energia\",\"image\":{\"@type\":\"ImageObject\",\"inLanguage\":\"pt-BR\",\"@id\":\"https:\\\/\\\/secure.gravatar.com\\\/avatar\\\/1f8d6461d2fb019dc81242feecb0c723ed1144bb91b43857997f664435ea5c52?s=96&d=mm&r=g\",\"url\":\"https:\\\/\\\/secure.gravatar.com\\\/avatar\\\/1f8d6461d2fb019dc81242feecb0c723ed1144bb91b43857997f664435ea5c52?s=96&d=mm&r=g\",\"contentUrl\":\"https:\\\/\\\/secure.gravatar.com\\\/avatar\\\/1f8d6461d2fb019dc81242feecb0c723ed1144bb91b43857997f664435ea5c52?s=96&d=mm&r=g\",\"caption\":\"energia\"},\"url\":\"https:\\\/\\\/www2.energia.coop\\\/brasil\\\/author\\\/energia\\\/\"}]}<\/script>\n<!-- \/ Yoast SEO plugin. -->","yoast_head_json":{"title":"Panorama das Cooperativas de Energia no Brasil em 2022 - Energia Cooperativa","robots":{"index":"index","follow":"follow","max-snippet":"max-snippet:-1","max-image-preview":"max-image-preview:large","max-video-preview":"max-video-preview:-1"},"canonical":"https:\/\/www2.energia.coop\/brasil\/blog\/panorama-das-cooperativas-de-energia-no-brasil-em-2022\/","og_locale":"pt_BR","og_type":"article","og_title":"Panorama das Cooperativas de Energia no Brasil em 2022 - Energia Cooperativa","og_description":"Onde est\u00e3o e como funcionam as Cooperativas de Energia brasileiras? Para entender melhor este contexto e os n\u00fameros do setor, confira a pesquisa feita em 2022 pela DGRV,\u00a0com apoio do Instituto Ideal e da OCB.","og_url":"https:\/\/www2.energia.coop\/brasil\/blog\/panorama-das-cooperativas-de-energia-no-brasil-em-2022\/","og_site_name":"Energia Cooperativa","article_published_time":"2022-10-25T12:50:15+00:00","article_modified_time":"2024-04-11T17:30:55+00:00","og_image":[{"width":1080,"height":1080,"url":"https:\/\/www2.energia.coop\/brasil\/wp-content\/uploads\/2022\/10\/Design-ohne-Titel-6.png","type":"image\/png"}],"author":"energia","twitter_card":"summary_large_image","twitter_misc":{"Escrito por":"energia","Est. tempo de leitura":"7 minutos"},"schema":{"@context":"https:\/\/schema.org","@graph":[{"@type":"Article","@id":"https:\/\/www2.energia.coop\/brasil\/blog\/panorama-das-cooperativas-de-energia-no-brasil-em-2022\/#article","isPartOf":{"@id":"https:\/\/www2.energia.coop\/brasil\/blog\/panorama-das-cooperativas-de-energia-no-brasil-em-2022\/"},"author":{"name":"energia","@id":"https:\/\/www2.energia.coop\/brasil\/#\/schema\/person\/697a7871a4ef9404cd3df0f0d84f2ccd"},"headline":"Panorama das Cooperativas de Energia no Brasil em 2022","datePublished":"2022-10-25T12:50:15+00:00","dateModified":"2024-04-11T17:30:55+00:00","mainEntityOfPage":{"@id":"https:\/\/www2.energia.coop\/brasil\/blog\/panorama-das-cooperativas-de-energia-no-brasil-em-2022\/"},"wordCount":1091,"commentCount":0,"image":{"@id":"https:\/\/www2.energia.coop\/brasil\/blog\/panorama-das-cooperativas-de-energia-no-brasil-em-2022\/#primaryimage"},"thumbnailUrl":"https:\/\/www2.energia.coop\/brasil\/wp-content\/uploads\/2022\/10\/Design-ohne-Titel-6.png","keywords":["Energia Cooperativa"],"articleSection":["Blog"],"inLanguage":"pt-BR","potentialAction":[{"@type":"CommentAction","name":"Comment","target":["https:\/\/www2.energia.coop\/brasil\/blog\/panorama-das-cooperativas-de-energia-no-brasil-em-2022\/#respond"]}]},{"@type":"WebPage","@id":"https:\/\/www2.energia.coop\/brasil\/blog\/panorama-das-cooperativas-de-energia-no-brasil-em-2022\/","url":"https:\/\/www2.energia.coop\/brasil\/blog\/panorama-das-cooperativas-de-energia-no-brasil-em-2022\/","name":"Panorama das Cooperativas de Energia no Brasil em 2022 - Energia Cooperativa","isPartOf":{"@id":"https:\/\/www2.energia.coop\/brasil\/#website"},"primaryImageOfPage":{"@id":"https:\/\/www2.energia.coop\/brasil\/blog\/panorama-das-cooperativas-de-energia-no-brasil-em-2022\/#primaryimage"},"image":{"@id":"https:\/\/www2.energia.coop\/brasil\/blog\/panorama-das-cooperativas-de-energia-no-brasil-em-2022\/#primaryimage"},"thumbnailUrl":"https:\/\/www2.energia.coop\/brasil\/wp-content\/uploads\/2022\/10\/Design-ohne-Titel-6.png","datePublished":"2022-10-25T12:50:15+00:00","dateModified":"2024-04-11T17:30:55+00:00","author":{"@id":"https:\/\/www2.energia.coop\/brasil\/#\/schema\/person\/697a7871a4ef9404cd3df0f0d84f2ccd"},"inLanguage":"pt-BR","potentialAction":[{"@type":"ReadAction","target":["https:\/\/www2.energia.coop\/brasil\/blog\/panorama-das-cooperativas-de-energia-no-brasil-em-2022\/"]}]},{"@type":"ImageObject","inLanguage":"pt-BR","@id":"https:\/\/www2.energia.coop\/brasil\/blog\/panorama-das-cooperativas-de-energia-no-brasil-em-2022\/#primaryimage","url":"https:\/\/www2.energia.coop\/brasil\/wp-content\/uploads\/2022\/10\/Design-ohne-Titel-6.png","contentUrl":"https:\/\/www2.energia.coop\/brasil\/wp-content\/uploads\/2022\/10\/Design-ohne-Titel-6.png","width":1080,"height":1080},{"@type":"WebSite","@id":"https:\/\/www2.energia.coop\/brasil\/#website","url":"https:\/\/www2.energia.coop\/brasil\/","name":"Energia Cooperativa","description":"","potentialAction":[{"@type":"SearchAction","target":{"@type":"EntryPoint","urlTemplate":"https:\/\/www2.energia.coop\/brasil\/?s={search_term_string}"},"query-input":{"@type":"PropertyValueSpecification","valueRequired":true,"valueName":"search_term_string"}}],"inLanguage":"pt-BR"},{"@type":"Person","@id":"https:\/\/www2.energia.coop\/brasil\/#\/schema\/person\/697a7871a4ef9404cd3df0f0d84f2ccd","name":"energia","image":{"@type":"ImageObject","inLanguage":"pt-BR","@id":"https:\/\/secure.gravatar.com\/avatar\/1f8d6461d2fb019dc81242feecb0c723ed1144bb91b43857997f664435ea5c52?s=96&d=mm&r=g","url":"https:\/\/secure.gravatar.com\/avatar\/1f8d6461d2fb019dc81242feecb0c723ed1144bb91b43857997f664435ea5c52?s=96&d=mm&r=g","contentUrl":"https:\/\/secure.gravatar.com\/avatar\/1f8d6461d2fb019dc81242feecb0c723ed1144bb91b43857997f664435ea5c52?s=96&d=mm&r=g","caption":"energia"},"url":"https:\/\/www2.energia.coop\/brasil\/author\/energia\/"}]}},"_links":{"self":[{"href":"https:\/\/www2.energia.coop\/brasil\/wp-json\/wp\/v2\/posts\/1855","targetHints":{"allow":["GET"]}}],"collection":[{"href":"https:\/\/www2.energia.coop\/brasil\/wp-json\/wp\/v2\/posts"}],"about":[{"href":"https:\/\/www2.energia.coop\/brasil\/wp-json\/wp\/v2\/types\/post"}],"author":[{"embeddable":true,"href":"https:\/\/www2.energia.coop\/brasil\/wp-json\/wp\/v2\/users\/2"}],"replies":[{"embeddable":true,"href":"https:\/\/www2.energia.coop\/brasil\/wp-json\/wp\/v2\/comments?post=1855"}],"version-history":[{"count":0,"href":"https:\/\/www2.energia.coop\/brasil\/wp-json\/wp\/v2\/posts\/1855\/revisions"}],"wp:featuredmedia":[{"embeddable":true,"href":"https:\/\/www2.energia.coop\/brasil\/wp-json\/wp\/v2\/media\/1929"}],"wp:attachment":[{"href":"https:\/\/www2.energia.coop\/brasil\/wp-json\/wp\/v2\/media?parent=1855"}],"wp:term":[{"taxonomy":"category","embeddable":true,"href":"https:\/\/www2.energia.coop\/brasil\/wp-json\/wp\/v2\/categories?post=1855"},{"taxonomy":"post_tag","embeddable":true,"href":"https:\/\/www2.energia.coop\/brasil\/wp-json\/wp\/v2\/tags?post=1855"}],"curies":[{"name":"wp","href":"https:\/\/api.w.org\/{rel}","templated":true}]}}