

{"id":1767,"date":"2022-08-16T08:14:25","date_gmt":"2022-08-16T11:14:25","guid":{"rendered":"https:\/\/www2.energia.coop\/brasil\/biblioteca\/sistemas-agrivoltaicos-unem-agricultura-e-paineis-solares-e-sao-uma-oportunidade-para-a-energia-cooperativa-2\/"},"modified":"2024-11-08T09:34:05","modified_gmt":"2024-11-08T12:34:05","slug":"participacao-feminina-no-cooperativismo-e-na-energia-cooperativa","status":"publish","type":"post","link":"https:\/\/www2.energia.coop\/brasil\/blog\/participacao-feminina-no-cooperativismo-e-na-energia-cooperativa\/","title":{"rendered":"Participa\u00e7\u00e3o feminina no Cooperativismo e na Energia Cooperativa"},"content":{"rendered":"<p><span style=\"font-weight: 400;\">Sabia que em 2022 foi criado o <\/span><b>Dia da Mulher no Cooperativismo<\/b><span style=\"font-weight: 400;\">? Comemorado anualmente no dia 15 de agosto, <\/span><span style=\"text-decoration: underline;\"><span style=\"color: #008080;\"><a style=\"color: #008080;\" href=\"https:\/\/www.politicadistrital.com.br\/2022\/06\/08\/plenario-da-cldf-aprova-em-segundo-turno-projetos-que-visam-direitos-da-mulher\/\"><span style=\"font-weight: 400;\">foi criado atrav\u00e9s do projeto de lei n\u00ba 2.196\/2021<\/span><\/a><\/span><\/span><span style=\"font-weight: 400;\"> e visa destacar a atua\u00e7\u00e3o da mulher no \u00e2mbito do cooperativismo. No geral, os princ\u00edpios cooperativistas s\u00e3o fortemente alinhados com oportunidades de inclus\u00e3o e diversidade e vamos explicar um pouco do porqu\u00ea.<\/span><\/p>\n<p>&nbsp;<\/p>\n<h4>Mas o que \u00e9 um ambiente diverso?<\/h4>\n<p><span style=\"font-weight: 400;\">O conceito de diversidade est\u00e1 relacionado \u00e0 variedade, pluralidade, diferen\u00e7a, e \u00e9 socialmente utilizado para contextualizar a conviv\u00eancia de indiv\u00edduos diferentes em rela\u00e7\u00e3o \u00e0 etnia, orienta\u00e7\u00e3o sexual, cultura, g\u00eanero, religi\u00e3o, entre outras caracter\u00edsticas.<\/span><\/p>\n<p><span style=\"font-weight: 400;\">Alguns grupos, como mulheres, pessoas negras, LGBTQI+, idosos, pessoas com defici\u00eancia e pessoas trans, ainda s\u00e3o minorias em muitos espa\u00e7os, principalmente nas empresas e em cargos com alta hierarquia.<\/span><\/p>\n<p>&nbsp;<\/p>\n<h4>E por que \u00e9 importante ter um ambiente de trabalho diverso?<\/h4>\n<p><span style=\"font-weight: 400;\">Al\u00e9m de proporcionar bem-estar e um ambiente mais agrad\u00e1vel e acolhedor para os funcion\u00e1rios, a presen\u00e7a de diversidade nas equipes causa impactos diretos no <\/span><span style=\"text-decoration: underline; color: #008080;\"><a style=\"color: #008080;\" href=\"https:\/\/www.mundorh.com.br\/ambiente-de-trabalho-com-diversidade-e-inclusao-aumenta-a-produtividade-dos-colaboradores\/\"><span style=\"font-weight: 400;\">aumento da produtividade<\/span><\/a><\/span><span style=\"font-weight: 400;\"> dos colaboradores e pode at\u00e9 gerar <\/span><span style=\"text-decoration: underline; color: #008080;\"><a style=\"color: #008080;\" href=\"https:\/\/www.mckinsey.com\/business-functions\/people-and-organizational-performance\/our-insights\/why-diversity-matters\/pt-br?utm_source=uninter-noticias&amp;utm_medium=referral#\"><span style=\"font-weight: 400;\">melhor performance financeira<\/span><\/a><\/span><span style=\"font-weight: 400;\">, de acordo com uma pesquisa realizada pela consultoria McKinsey Company.\u00a0<\/span><\/p>\n<p><span style=\"font-weight: 400;\">Um ecossistema diverso, com um time de pessoas que possuem trajet\u00f3rias, origens, valores e forma\u00e7\u00f5es diferentes podem oferecer solu\u00e7\u00f5es que atendam melhor uma sociedade crescentemente diversa! A diversidade \u00e9 a base da inova\u00e7\u00e3o e \u00e9 fundamental para formar equipes e organiza\u00e7\u00f5es sustent\u00e1veis e resilientes \u00e0s mudan\u00e7as que estamos enfrentando.<\/span><\/p>\n<p>&nbsp;<\/p>\n<h4>As mulheres no setor de energia<\/h4>\n<p><span style=\"font-weight: 400;\">Na \u00e1rea de energia, por exemplo, de acordo com uma <\/span><span style=\"text-decoration: underline; color: #008080;\"><a style=\"color: #008080;\" href=\"https:\/\/www.irena.org\/-\/media\/Files\/IRENA\/Agency\/Publication\/2019\/Jan\/IRENA_Gender_perspective_2019.pdf\"><span style=\"font-weight: 400;\">pesquisa realizada pela International Renewable Energy Agency (IRENA)<\/span><\/a><\/span><span style=\"font-weight: 400;\"> em 2018, em m\u00e9dia apenas 32%\u00a0 das pessoas que trabalham no setor de energias renov\u00e1veis s\u00e3o mulheres. E quando olhamos especificamente para trabalhos das \u00e1reas STEM (ci\u00eancia, tecnologia, engenharia e matem\u00e1tica) esse n\u00famero reduz para 28%. Ainda assim, o setor de energias renov\u00e1veis tem uma propor\u00e7\u00e3o maior do que na ind\u00fastria de \u00f3leo e g\u00e1s, onde as mulheres ocupam apenas 22% dos cargos.<\/span><\/p>\n<p><img loading=\"lazy\" decoding=\"async\" class=\"size-full wp-image-1770 aligncenter\" src=\"https:\/\/www2.energia.coop\/brasil\/wp-content\/uploads\/2022\/08\/energy-women.png\" alt=\"\" width=\"918\" height=\"526\" srcset=\"https:\/\/www2.energia.coop\/brasil\/wp-content\/uploads\/2022\/08\/energy-women.png 918w, https:\/\/www2.energia.coop\/brasil\/wp-content\/uploads\/2022\/08\/energy-women-300x172.png 300w, https:\/\/www2.energia.coop\/brasil\/wp-content\/uploads\/2022\/08\/energy-women-768x440.png 768w\" sizes=\"auto, (max-width: 918px) 100vw, 918px\" \/><\/p>\n<p>&nbsp;<\/p>\n<p><span style=\"font-weight: 400;\">Quando olhamos especificamente para a \u00e1rea da energia solar no Brasil, um <\/span><span style=\"text-decoration: underline; color: #008080;\"><a style=\"color: #008080;\" href=\"https:\/\/www.greener.com.br\/estudo\/estudo-estrategico-mercado-fotovoltaico-de-geracao-distribuida-2-semestre-de-2020\/\"><span style=\"font-weight: 400;\">estudo realizado pela Greener em 2020<\/span><\/a><\/span><span style=\"font-weight: 400;\"> com empresas atuando na \u00e1rea de Gera\u00e7\u00e3o Distribu\u00edda Fotovoltaica mostrou que temos um longo caminho para diminuir essa disparidade de g\u00eanero no setor. Das 685 empresas participantes, 40% destas n\u00e3o tinham nenhuma mulher contratada &#8211; a m\u00e9dia de participa\u00e7\u00e3o feminina nas empresas variou de 16% a 21% dos funcion\u00e1rios, com a porcentagem aumentando sutilmente de acordo com o n\u00famero de colaboradores da empresa.<\/span><\/p>\n<p><span style=\"font-weight: 400;\">\u00c9 evidente que no contexto da energia solar, a equidade de g\u00eanero ainda \u00e9 um grande desafio. Pensando na \u00e1rea corporativa, a <\/span><span style=\"text-decoration: underline; color: #008080;\"><a style=\"color: #008080;\" href=\"https:\/\/www.mesol.com.br\/\"><span style=\"font-weight: 400;\">Rede MESol<\/span><\/a><\/span><span style=\"font-weight: 400;\"> elaborou um manual de <\/span><b>\u201cBoas pr\u00e1ticas para empresas do setor de Energia Solar\u201d<\/b><span style=\"font-weight: 400;\">. O <\/span><span style=\"text-decoration: underline; color: #008080;\"><a style=\"color: #008080;\" href=\"https:\/\/drive.google.com\/file\/d\/17o9CZnP2D_CEk6Xc98svM4N55wPa3c-u\/view\"><span style=\"font-weight: 400;\">manual traz diretrizes<\/span><\/a><\/span><span style=\"font-weight: 400;\"> para serem aplicadas tanto nas etapas de contrata\u00e7\u00e3o, quanto no desenvolvimento profissional e envolvimento em cargos de lideran\u00e7a para as mulheres no setor.<\/span><\/p>\n<p>&nbsp;<\/p>\n<h4>Iniciativas internacionais de diversidade de g\u00eanero no setor<\/h4>\n<p><span style=\"font-weight: 400;\">A n\u00edvel global diversas organiza\u00e7\u00f5es j\u00e1 manifestaram interesse em fomentar a diversidade de g\u00eanero no setor energ\u00e9tico. A Organiza\u00e7\u00e3o das Na\u00e7\u00f5es Unidas para o Desenvolvimento Industrial (UNIDO), a Rede Internacional ENERGIA de G\u00eanero e Energia Sustent\u00e1vel (ENERGIA) e a Rede Global de Mulheres para a Transi\u00e7\u00e3o Energ\u00e9tica (GWNET), apoiadas pelos governos do Equador, Isl\u00e2ndia, Qu\u00eania, Nepal e Su\u00e9cia desenvolveram um <\/span><span style=\"text-decoration: underline; color: #008080;\"><a style=\"color: #008080;\" href=\"https:\/\/www.un.org\/en\/energy-compacts\/page\/energy-compact-gender-equality-and-women%E2%80%99s-empowerment-sustainable-energy\"><span style=\"font-weight: 400;\">Pacto de G\u00eanero e Energia<\/span><\/a><\/span><span style=\"font-weight: 400;\">, para catalisar a\u00e7\u00f5es em prol da igualdade de g\u00eanero e do empoderamento das mulheres a fim de acelerar uma transi\u00e7\u00e3o energ\u00e9tica justa, inclusiva e sustent\u00e1vel. Este pacto foi criado dentro do contexto dos <\/span><span style=\"text-decoration: underline; color: #008080;\"><a style=\"color: #008080;\" href=\"https:\/\/www.un.org\/en\/energycompacts\"><span style=\"font-weight: 400;\">Pactos de Energia<\/span><\/a><\/span><span style=\"font-weight: 400;\">, que s\u00e3o compromissos volunt\u00e1rios em prol do ODS 7 \u201cEnergia Limpa e Acess\u00edvel para Todos\u201d. Dentre os resultados esperados para este pacto est\u00e3o a elimina\u00e7\u00e3o da pobreza energ\u00e9tica, de tempo e o excesso de trabalho enfrentado pelas mulheres, a ado\u00e7\u00e3o de caminhos favor\u00e1veis \u00e0 inclus\u00e3o de mulheres no acesso \u00e0 energia e transi\u00e7\u00e3o energ\u00e9tica em alguns pa\u00edses e regi\u00f5es, cria\u00e7\u00e3o de vias de promo\u00e7\u00e3o profissional para mulheres no setor e maior acesso a recursos produtivos para organiza\u00e7\u00f5es geridas por mulheres.<\/span><\/p>\n<p>&nbsp;<\/p>\n<h4>Promo\u00e7\u00e3o da equidade de g\u00eanero na energia cooperativa mundo afora<\/h4>\n<p><span style=\"font-weight: 400;\">Outra iniciativa internacional inspiradora foi implementada pela Cooperatives Europe, organiza\u00e7\u00e3o que representa empresas cooperativas na Europa e possui mais de 84 membros em 33 pa\u00edses. A iniciativa consiste em uma <\/span><span style=\"text-decoration: underline; color: #008080;\"><a style=\"color: #008080;\" href=\"https:\/\/coopseurope.coop\/wp-content\/uploads\/2020\/10\/Gender_Charter_CE.pdf\"><span style=\"font-weight: 400;\">Carta de Igualdade de G\u00eanero<\/span><\/a><\/span><span style=\"font-weight: 400;\">, que incentiva seus membros a implantarem os 10 compromissos da carta em suas cooperativas para reduzir a disparidade de g\u00eanero.<\/span><\/p>\n<p>&nbsp;<\/p>\n<p><img loading=\"lazy\" decoding=\"async\" class=\"size-full wp-image-1769 aligncenter\" src=\"https:\/\/www2.energia.coop\/brasil\/wp-content\/uploads\/2022\/08\/compromissos.png\" alt=\"\" width=\"927\" height=\"383\" srcset=\"https:\/\/www2.energia.coop\/brasil\/wp-content\/uploads\/2022\/08\/compromissos.png 927w, https:\/\/www2.energia.coop\/brasil\/wp-content\/uploads\/2022\/08\/compromissos-300x124.png 300w, https:\/\/www2.energia.coop\/brasil\/wp-content\/uploads\/2022\/08\/compromissos-768x317.png 768w\" sizes=\"auto, (max-width: 927px) 100vw, 927px\" \/><\/p>\n<p style=\"text-align: center;\"><em>Imagem: 10 compromissos da Carta de Igualdade de G\u00eanero elaborada pela Cooperatives Europe<\/em><\/p>\n<p><span style=\"font-weight: 400;\">A REScoop.eu, Federa\u00e7\u00e3o Europeia de Cooperativas de Energia Cidad\u00e3s, tamb\u00e9m entrou com uma a\u00e7\u00e3o para promover a integra\u00e7\u00e3o justa de g\u00eanero, desta vez especificamente nas comunidades de energia. A Federa\u00e7\u00e3o, que representa mais de 1.900 cooperativas, lan\u00e7ou um <\/span><span style=\"text-decoration: underline; color: #008080;\"><a style=\"color: #008080;\" href=\"https:\/\/www.rescoop.eu\/gender-power#:~:text=Gender%20Power%20working%20group,-Representing%20a%20growing&amp;text=It%20provides%20the%20space%20for,justice%20in%20their%20overall%20operation.\"><span style=\"font-weight: 400;\">grupo de trabalho denominado \u201cFor\u00e7a de G\u00eanero\u201d<\/span><\/a><\/span><span style=\"font-weight: 400;\"> (Gender Power). O grupo mapeia as necessidades e desafios que as cooperativas de energia enfrentam, e fornece o espa\u00e7o para discuss\u00e3o e para o interc\u00e2mbio de boas pr\u00e1ticas.<\/span><\/p>\n<p>&nbsp;<\/p>\n<h4>Cooperativismo impulsionando as mulheres no setor de energia<\/h4>\n<p><span style=\"font-weight: 400;\">As cooperativas possuem como um de seus princ\u00edpios norteadores a gest\u00e3o democr\u00e1tica, atrav\u00e9s do qual \u00e9\u00a0 incentivada a <\/span><b>participa\u00e7\u00e3o ativa e igualit\u00e1ria dos membros<\/b><span style=\"font-weight: 400;\">, que podem ser quaisquer indiv\u00edduos aptos a utilizar os seus servi\u00e7os e assumir as responsabilidades, sem discrimina\u00e7\u00f5es de g\u00eanero, sociais, raciais, pol\u00edticas e religiosas.<\/span><\/p>\n<p><span style=\"font-weight: 400;\">Um <\/span><span style=\"text-decoration: underline; color: #008080;\"><a style=\"color: #008080;\" href=\"https:\/\/mundocoop.com.br\/22\/destaque\/participacao-das-mulheres-no-cooperativismo-aumenta-no-brasil-em-2021\/\"><span style=\"font-weight: 400;\">levantamento realizado p<span style=\"color: #008080; text-decoration: underline;\">ela O<\/span>CB<\/span><\/a><\/span><span style=\"font-weight: 400;\"> (Organiza\u00e7\u00e3o das Cooperativas Brasileiras) mostrou que o movimento gerou 493.277 postos de trabalho em 2021 e <\/span><b>49% desse total \u00e9 ocupado por mulheres<\/b><span style=\"font-weight: 400;\">, o que representa uma grande conquista para a representatividade feminina nas cooperativas. Desta forma, esse modelo tem representado uma porta de entrada para muitas mulheres no setor energ\u00e9tico, e para participarem ativamente do movimento de transi\u00e7\u00e3o energ\u00e9tica.<\/span><\/p>\n<p><span style=\"font-weight: 400;\">De acordo com o <\/span><b>Comit\u00ea de Igualdade de G\u00eanero<\/b><span style=\"font-weight: 400;\"> (GEC) da <\/span><b>International Cooperative Alliance<\/b><span style=\"font-weight: 400;\"> (ICA) em uma <\/span><span style=\"text-decoration: underline; color: #008080;\"><a style=\"color: #008080;\" href=\"https:\/\/www.ica.coop\/en\/newsroom\/news\/ica-gender-equality-committee-highlights-role-cooperatives-achieving-gender-equality\"><span style=\"font-weight: 400;\">declara\u00e7\u00e3o publicada no Dia da Mulher este ano<\/span><\/a><\/span><span style=\"font-weight: 400;\">, \u00e9 destacada a interconex\u00e3o entre os direitos das mulheres, a igualdade de g\u00eanero e a justi\u00e7a clim\u00e1tica. E, neste contexto, as cooperativas desempenham um papel fundamental quando falamos de equidade de g\u00eanero:<\/span><\/p>\n<blockquote><p><strong><span style=\"color: #008080;\">\u201cAtrav\u00e9s do aumento do acesso das mulheres a recursos e oportunidades econ\u00f4micas; capacitando-as n\u00e3o apenas economicamente, mas tamb\u00e9m individual e socialmente para desafiar as normas sociais e culturais; criando um ambiente prop\u00edcio para que elas usem essas oportunidades e recursos para alcan\u00e7ar resultados iguais aos homens\u201d<\/span><\/strong><\/p><\/blockquote>\n<p><span style=\"font-weight: 400;\">N\u00f3s da Energia.coop acreditamos que as iniciativas de Energia Cooperativa possuem um enorme potencial para inclus\u00e3o social e de grupos que s\u00e3o minorit\u00e1rios no setor energ\u00e9tico. E n\u00e3o somos os \u00fanicos! Como comentamos neste texto, iniciativas do mundo todo est\u00e3o pensando na diversidade como elemento fundamental para a constru\u00e7\u00e3o de equipes mais fortes e resilientes, capazes de mudar o mundo. Vamos juntos e juntas fazer da transi\u00e7\u00e3o energ\u00e9tica no Brasil um movimento cada vez mais inclusivo e diverso?<\/span><\/p>\n<p>&nbsp;<\/p>\n<p>&nbsp;<\/p>\n<p><span style=\"font-weight: 400;\">Autora: La\u00eds Vidotto (Instituto Ideal)\u00a0\u00a0<\/span><\/p>\n<p><span style=\"font-weight: 400;\">Colabora\u00e7\u00e3o: Kathlen Schneider (Instituto Ideal)<\/span><\/p>\n<p><em><span style=\"font-weight: 400;\">Publicado em: 16\/08\/2022<\/span><\/em><\/p>\n","protected":false},"excerpt":{"rendered":"<p>Sabia que em 2022 foi criado o Dia da Mulher no Cooperativismo? Saiba porque os princ\u00edpios cooperativistas s\u00e3o fortemente alinhados com oportunidades de inclus\u00e3o e diversidade!<\/p>\n","protected":false},"author":2,"featured_media":2848,"comment_status":"open","ping_status":"open","sticky":false,"template":"","format":"standard","meta":{"_acf_changed":false,"footnotes":""},"categories":[44,45],"tags":[60],"class_list":["post-1767","post","type-post","status-publish","format-standard","has-post-thumbnail","hentry","category-blog","category-destaque-principal","tag-cooperativismo"],"acf":[],"yoast_head":"<!-- This site is optimized with the Yoast SEO plugin v27.4 - https:\/\/yoast.com\/product\/yoast-seo-wordpress\/ -->\n<title>Participa\u00e7\u00e3o feminina no Cooperativismo e na Energia Cooperativa - Energia Cooperativa<\/title>\n<meta name=\"robots\" content=\"index, follow, max-snippet:-1, max-image-preview:large, max-video-preview:-1\" \/>\n<link rel=\"canonical\" href=\"https:\/\/www2.energia.coop\/brasil\/blog\/participacao-feminina-no-cooperativismo-e-na-energia-cooperativa\/\" \/>\n<meta property=\"og:locale\" content=\"pt_BR\" \/>\n<meta property=\"og:type\" content=\"article\" \/>\n<meta property=\"og:title\" content=\"Participa\u00e7\u00e3o feminina no Cooperativismo e na Energia Cooperativa - Energia Cooperativa\" \/>\n<meta property=\"og:description\" content=\"Sabia que em 2022 foi criado o Dia da Mulher no Cooperativismo? Saiba porque os princ\u00edpios cooperativistas s\u00e3o fortemente alinhados com oportunidades de inclus\u00e3o e diversidade!\" \/>\n<meta property=\"og:url\" content=\"https:\/\/www2.energia.coop\/brasil\/blog\/participacao-feminina-no-cooperativismo-e-na-energia-cooperativa\/\" \/>\n<meta property=\"og:site_name\" content=\"Energia Cooperativa\" \/>\n<meta property=\"article:published_time\" content=\"2022-08-16T11:14:25+00:00\" \/>\n<meta property=\"article:modified_time\" content=\"2024-11-08T12:34:05+00:00\" \/>\n<meta property=\"og:image\" content=\"https:\/\/www2.energia.coop\/brasil\/wp-content\/uploads\/2022\/08\/tamanho-1333-x-456-4.png\" \/>\n\t<meta property=\"og:image:width\" content=\"1333\" \/>\n\t<meta property=\"og:image:height\" content=\"456\" \/>\n\t<meta property=\"og:image:type\" content=\"image\/png\" \/>\n<meta name=\"author\" content=\"energia\" \/>\n<meta name=\"twitter:card\" content=\"summary_large_image\" \/>\n<meta name=\"twitter:label1\" content=\"Escrito por\" \/>\n\t<meta name=\"twitter:data1\" content=\"energia\" \/>\n\t<meta name=\"twitter:label2\" content=\"Est. tempo de leitura\" \/>\n\t<meta name=\"twitter:data2\" content=\"7 minutos\" \/>\n<script type=\"application\/ld+json\" class=\"yoast-schema-graph\">{\"@context\":\"https:\\\/\\\/schema.org\",\"@graph\":[{\"@type\":\"Article\",\"@id\":\"https:\\\/\\\/www2.energia.coop\\\/brasil\\\/blog\\\/participacao-feminina-no-cooperativismo-e-na-energia-cooperativa\\\/#article\",\"isPartOf\":{\"@id\":\"https:\\\/\\\/www2.energia.coop\\\/brasil\\\/blog\\\/participacao-feminina-no-cooperativismo-e-na-energia-cooperativa\\\/\"},\"author\":{\"name\":\"energia\",\"@id\":\"https:\\\/\\\/www2.energia.coop\\\/brasil\\\/#\\\/schema\\\/person\\\/697a7871a4ef9404cd3df0f0d84f2ccd\"},\"headline\":\"Participa\u00e7\u00e3o feminina no Cooperativismo e na Energia Cooperativa\",\"datePublished\":\"2022-08-16T11:14:25+00:00\",\"dateModified\":\"2024-11-08T12:34:05+00:00\",\"mainEntityOfPage\":{\"@id\":\"https:\\\/\\\/www2.energia.coop\\\/brasil\\\/blog\\\/participacao-feminina-no-cooperativismo-e-na-energia-cooperativa\\\/\"},\"wordCount\":1253,\"commentCount\":0,\"image\":{\"@id\":\"https:\\\/\\\/www2.energia.coop\\\/brasil\\\/blog\\\/participacao-feminina-no-cooperativismo-e-na-energia-cooperativa\\\/#primaryimage\"},\"thumbnailUrl\":\"https:\\\/\\\/www2.energia.coop\\\/brasil\\\/wp-content\\\/uploads\\\/2022\\\/08\\\/tamanho-1333-x-456-4.png\",\"keywords\":[\"Cooperativismo\"],\"articleSection\":[\"Blog\",\"Destaque Principal\"],\"inLanguage\":\"pt-BR\",\"potentialAction\":[{\"@type\":\"CommentAction\",\"name\":\"Comment\",\"target\":[\"https:\\\/\\\/www2.energia.coop\\\/brasil\\\/blog\\\/participacao-feminina-no-cooperativismo-e-na-energia-cooperativa\\\/#respond\"]}]},{\"@type\":\"WebPage\",\"@id\":\"https:\\\/\\\/www2.energia.coop\\\/brasil\\\/blog\\\/participacao-feminina-no-cooperativismo-e-na-energia-cooperativa\\\/\",\"url\":\"https:\\\/\\\/www2.energia.coop\\\/brasil\\\/blog\\\/participacao-feminina-no-cooperativismo-e-na-energia-cooperativa\\\/\",\"name\":\"Participa\u00e7\u00e3o feminina no Cooperativismo e na Energia Cooperativa - Energia Cooperativa\",\"isPartOf\":{\"@id\":\"https:\\\/\\\/www2.energia.coop\\\/brasil\\\/#website\"},\"primaryImageOfPage\":{\"@id\":\"https:\\\/\\\/www2.energia.coop\\\/brasil\\\/blog\\\/participacao-feminina-no-cooperativismo-e-na-energia-cooperativa\\\/#primaryimage\"},\"image\":{\"@id\":\"https:\\\/\\\/www2.energia.coop\\\/brasil\\\/blog\\\/participacao-feminina-no-cooperativismo-e-na-energia-cooperativa\\\/#primaryimage\"},\"thumbnailUrl\":\"https:\\\/\\\/www2.energia.coop\\\/brasil\\\/wp-content\\\/uploads\\\/2022\\\/08\\\/tamanho-1333-x-456-4.png\",\"datePublished\":\"2022-08-16T11:14:25+00:00\",\"dateModified\":\"2024-11-08T12:34:05+00:00\",\"author\":{\"@id\":\"https:\\\/\\\/www2.energia.coop\\\/brasil\\\/#\\\/schema\\\/person\\\/697a7871a4ef9404cd3df0f0d84f2ccd\"},\"inLanguage\":\"pt-BR\",\"potentialAction\":[{\"@type\":\"ReadAction\",\"target\":[\"https:\\\/\\\/www2.energia.coop\\\/brasil\\\/blog\\\/participacao-feminina-no-cooperativismo-e-na-energia-cooperativa\\\/\"]}]},{\"@type\":\"ImageObject\",\"inLanguage\":\"pt-BR\",\"@id\":\"https:\\\/\\\/www2.energia.coop\\\/brasil\\\/blog\\\/participacao-feminina-no-cooperativismo-e-na-energia-cooperativa\\\/#primaryimage\",\"url\":\"https:\\\/\\\/www2.energia.coop\\\/brasil\\\/wp-content\\\/uploads\\\/2022\\\/08\\\/tamanho-1333-x-456-4.png\",\"contentUrl\":\"https:\\\/\\\/www2.energia.coop\\\/brasil\\\/wp-content\\\/uploads\\\/2022\\\/08\\\/tamanho-1333-x-456-4.png\",\"width\":1333,\"height\":456},{\"@type\":\"WebSite\",\"@id\":\"https:\\\/\\\/www2.energia.coop\\\/brasil\\\/#website\",\"url\":\"https:\\\/\\\/www2.energia.coop\\\/brasil\\\/\",\"name\":\"Energia Cooperativa\",\"description\":\"\",\"potentialAction\":[{\"@type\":\"SearchAction\",\"target\":{\"@type\":\"EntryPoint\",\"urlTemplate\":\"https:\\\/\\\/www2.energia.coop\\\/brasil\\\/?s={search_term_string}\"},\"query-input\":{\"@type\":\"PropertyValueSpecification\",\"valueRequired\":true,\"valueName\":\"search_term_string\"}}],\"inLanguage\":\"pt-BR\"},{\"@type\":\"Person\",\"@id\":\"https:\\\/\\\/www2.energia.coop\\\/brasil\\\/#\\\/schema\\\/person\\\/697a7871a4ef9404cd3df0f0d84f2ccd\",\"name\":\"energia\",\"image\":{\"@type\":\"ImageObject\",\"inLanguage\":\"pt-BR\",\"@id\":\"https:\\\/\\\/secure.gravatar.com\\\/avatar\\\/1f8d6461d2fb019dc81242feecb0c723ed1144bb91b43857997f664435ea5c52?s=96&d=mm&r=g\",\"url\":\"https:\\\/\\\/secure.gravatar.com\\\/avatar\\\/1f8d6461d2fb019dc81242feecb0c723ed1144bb91b43857997f664435ea5c52?s=96&d=mm&r=g\",\"contentUrl\":\"https:\\\/\\\/secure.gravatar.com\\\/avatar\\\/1f8d6461d2fb019dc81242feecb0c723ed1144bb91b43857997f664435ea5c52?s=96&d=mm&r=g\",\"caption\":\"energia\"},\"url\":\"https:\\\/\\\/www2.energia.coop\\\/brasil\\\/author\\\/energia\\\/\"}]}<\/script>\n<!-- \/ Yoast SEO plugin. -->","yoast_head_json":{"title":"Participa\u00e7\u00e3o feminina no Cooperativismo e na Energia Cooperativa - Energia Cooperativa","robots":{"index":"index","follow":"follow","max-snippet":"max-snippet:-1","max-image-preview":"max-image-preview:large","max-video-preview":"max-video-preview:-1"},"canonical":"https:\/\/www2.energia.coop\/brasil\/blog\/participacao-feminina-no-cooperativismo-e-na-energia-cooperativa\/","og_locale":"pt_BR","og_type":"article","og_title":"Participa\u00e7\u00e3o feminina no Cooperativismo e na Energia Cooperativa - Energia Cooperativa","og_description":"Sabia que em 2022 foi criado o Dia da Mulher no Cooperativismo? Saiba porque os princ\u00edpios cooperativistas s\u00e3o fortemente alinhados com oportunidades de inclus\u00e3o e diversidade!","og_url":"https:\/\/www2.energia.coop\/brasil\/blog\/participacao-feminina-no-cooperativismo-e-na-energia-cooperativa\/","og_site_name":"Energia Cooperativa","article_published_time":"2022-08-16T11:14:25+00:00","article_modified_time":"2024-11-08T12:34:05+00:00","og_image":[{"width":1333,"height":456,"url":"https:\/\/www2.energia.coop\/brasil\/wp-content\/uploads\/2022\/08\/tamanho-1333-x-456-4.png","type":"image\/png"}],"author":"energia","twitter_card":"summary_large_image","twitter_misc":{"Escrito por":"energia","Est. tempo de leitura":"7 minutos"},"schema":{"@context":"https:\/\/schema.org","@graph":[{"@type":"Article","@id":"https:\/\/www2.energia.coop\/brasil\/blog\/participacao-feminina-no-cooperativismo-e-na-energia-cooperativa\/#article","isPartOf":{"@id":"https:\/\/www2.energia.coop\/brasil\/blog\/participacao-feminina-no-cooperativismo-e-na-energia-cooperativa\/"},"author":{"name":"energia","@id":"https:\/\/www2.energia.coop\/brasil\/#\/schema\/person\/697a7871a4ef9404cd3df0f0d84f2ccd"},"headline":"Participa\u00e7\u00e3o feminina no Cooperativismo e na Energia Cooperativa","datePublished":"2022-08-16T11:14:25+00:00","dateModified":"2024-11-08T12:34:05+00:00","mainEntityOfPage":{"@id":"https:\/\/www2.energia.coop\/brasil\/blog\/participacao-feminina-no-cooperativismo-e-na-energia-cooperativa\/"},"wordCount":1253,"commentCount":0,"image":{"@id":"https:\/\/www2.energia.coop\/brasil\/blog\/participacao-feminina-no-cooperativismo-e-na-energia-cooperativa\/#primaryimage"},"thumbnailUrl":"https:\/\/www2.energia.coop\/brasil\/wp-content\/uploads\/2022\/08\/tamanho-1333-x-456-4.png","keywords":["Cooperativismo"],"articleSection":["Blog","Destaque Principal"],"inLanguage":"pt-BR","potentialAction":[{"@type":"CommentAction","name":"Comment","target":["https:\/\/www2.energia.coop\/brasil\/blog\/participacao-feminina-no-cooperativismo-e-na-energia-cooperativa\/#respond"]}]},{"@type":"WebPage","@id":"https:\/\/www2.energia.coop\/brasil\/blog\/participacao-feminina-no-cooperativismo-e-na-energia-cooperativa\/","url":"https:\/\/www2.energia.coop\/brasil\/blog\/participacao-feminina-no-cooperativismo-e-na-energia-cooperativa\/","name":"Participa\u00e7\u00e3o feminina no Cooperativismo e na Energia Cooperativa - Energia Cooperativa","isPartOf":{"@id":"https:\/\/www2.energia.coop\/brasil\/#website"},"primaryImageOfPage":{"@id":"https:\/\/www2.energia.coop\/brasil\/blog\/participacao-feminina-no-cooperativismo-e-na-energia-cooperativa\/#primaryimage"},"image":{"@id":"https:\/\/www2.energia.coop\/brasil\/blog\/participacao-feminina-no-cooperativismo-e-na-energia-cooperativa\/#primaryimage"},"thumbnailUrl":"https:\/\/www2.energia.coop\/brasil\/wp-content\/uploads\/2022\/08\/tamanho-1333-x-456-4.png","datePublished":"2022-08-16T11:14:25+00:00","dateModified":"2024-11-08T12:34:05+00:00","author":{"@id":"https:\/\/www2.energia.coop\/brasil\/#\/schema\/person\/697a7871a4ef9404cd3df0f0d84f2ccd"},"inLanguage":"pt-BR","potentialAction":[{"@type":"ReadAction","target":["https:\/\/www2.energia.coop\/brasil\/blog\/participacao-feminina-no-cooperativismo-e-na-energia-cooperativa\/"]}]},{"@type":"ImageObject","inLanguage":"pt-BR","@id":"https:\/\/www2.energia.coop\/brasil\/blog\/participacao-feminina-no-cooperativismo-e-na-energia-cooperativa\/#primaryimage","url":"https:\/\/www2.energia.coop\/brasil\/wp-content\/uploads\/2022\/08\/tamanho-1333-x-456-4.png","contentUrl":"https:\/\/www2.energia.coop\/brasil\/wp-content\/uploads\/2022\/08\/tamanho-1333-x-456-4.png","width":1333,"height":456},{"@type":"WebSite","@id":"https:\/\/www2.energia.coop\/brasil\/#website","url":"https:\/\/www2.energia.coop\/brasil\/","name":"Energia Cooperativa","description":"","potentialAction":[{"@type":"SearchAction","target":{"@type":"EntryPoint","urlTemplate":"https:\/\/www2.energia.coop\/brasil\/?s={search_term_string}"},"query-input":{"@type":"PropertyValueSpecification","valueRequired":true,"valueName":"search_term_string"}}],"inLanguage":"pt-BR"},{"@type":"Person","@id":"https:\/\/www2.energia.coop\/brasil\/#\/schema\/person\/697a7871a4ef9404cd3df0f0d84f2ccd","name":"energia","image":{"@type":"ImageObject","inLanguage":"pt-BR","@id":"https:\/\/secure.gravatar.com\/avatar\/1f8d6461d2fb019dc81242feecb0c723ed1144bb91b43857997f664435ea5c52?s=96&d=mm&r=g","url":"https:\/\/secure.gravatar.com\/avatar\/1f8d6461d2fb019dc81242feecb0c723ed1144bb91b43857997f664435ea5c52?s=96&d=mm&r=g","contentUrl":"https:\/\/secure.gravatar.com\/avatar\/1f8d6461d2fb019dc81242feecb0c723ed1144bb91b43857997f664435ea5c52?s=96&d=mm&r=g","caption":"energia"},"url":"https:\/\/www2.energia.coop\/brasil\/author\/energia\/"}]}},"_links":{"self":[{"href":"https:\/\/www2.energia.coop\/brasil\/wp-json\/wp\/v2\/posts\/1767","targetHints":{"allow":["GET"]}}],"collection":[{"href":"https:\/\/www2.energia.coop\/brasil\/wp-json\/wp\/v2\/posts"}],"about":[{"href":"https:\/\/www2.energia.coop\/brasil\/wp-json\/wp\/v2\/types\/post"}],"author":[{"embeddable":true,"href":"https:\/\/www2.energia.coop\/brasil\/wp-json\/wp\/v2\/users\/2"}],"replies":[{"embeddable":true,"href":"https:\/\/www2.energia.coop\/brasil\/wp-json\/wp\/v2\/comments?post=1767"}],"version-history":[{"count":0,"href":"https:\/\/www2.energia.coop\/brasil\/wp-json\/wp\/v2\/posts\/1767\/revisions"}],"wp:featuredmedia":[{"embeddable":true,"href":"https:\/\/www2.energia.coop\/brasil\/wp-json\/wp\/v2\/media\/2848"}],"wp:attachment":[{"href":"https:\/\/www2.energia.coop\/brasil\/wp-json\/wp\/v2\/media?parent=1767"}],"wp:term":[{"taxonomy":"category","embeddable":true,"href":"https:\/\/www2.energia.coop\/brasil\/wp-json\/wp\/v2\/categories?post=1767"},{"taxonomy":"post_tag","embeddable":true,"href":"https:\/\/www2.energia.coop\/brasil\/wp-json\/wp\/v2\/tags?post=1767"}],"curies":[{"name":"wp","href":"https:\/\/api.w.org\/{rel}","templated":true}]}}