

{"id":1711,"date":"2022-06-24T14:12:04","date_gmt":"2022-06-24T17:12:04","guid":{"rendered":"https:\/\/www2.energia.coop\/brasil\/biblioteca\/encontro-reune-cooperativas-de-energia-e-discute-desafios-do-setor-2\/"},"modified":"2022-10-25T10:49:20","modified_gmt":"2022-10-25T13:49:20","slug":"encontro-reune-cooperativas-de-energia-e-discute-desafios-do-setor-2","status":"publish","type":"post","link":"https:\/\/www2.energia.coop\/brasil\/blog\/encontro-reune-cooperativas-de-energia-e-discute-desafios-do-setor-2\/","title":{"rendered":"Encontro re\u00fane cooperativas de energia e discute desafios do setor"},"content":{"rendered":"<p>Organizado e sediado pela Confedera\u00e7\u00e3o Alem\u00e3 das Cooperativas (DGRV), o <strong>F\u00f3rum de Energia Cooperativa<\/strong> aconteceu na quarta e quinta-feira, dia 8 e 9. Reunindo representantes de cooperativas de energia e institui\u00e7\u00f5es de apoio de todo o Brasil, o encontro foi palco de diversos debates que fomentaram a discuss\u00e3o sobre o tema e propuseram novas alternativas para a o crescimento do setor no pa\u00eds.<\/p>\n<p>Em uma s\u00e9rie de palestras e pain\u00e9is, o evento trouxe diversos temas de interesse do setor. Logo no in\u00edcio, a Diretora da DGRV no Brasil, Camila Japp, apresentou um panorama sobre o cooperativismo na Alemanha, onde 20 milh\u00f5es de pessoas fazem parte do movimento, ante uma popula\u00e7\u00e3o de 80 milh\u00f5es. Em sua fala, Japp pontuou a import\u00e2ncia dos projetos de fomento ao setor, dos quais a DGRV faz parte. Para ela, o cooperativismo \u00e9 a principal fonte de mitiga\u00e7\u00e3o dos impactos das mudan\u00e7as clim\u00e1ticas.<\/p>\n<p>Entre os destaques do dia, o Dr. Davi Ezequiel Fran\u00e7ois e o Dr. Saurabh Biswas destacaram \u2018As pessoas no centro da transi\u00e7\u00e3o energ\u00e9tica\u2019, apresentando cases espalhados pelo mundo todo, incluindo no Brasil, onde o Projeto Energia Solar para Soberania Alimentar de Fam\u00edlias Ribeirinhas ajuda 65 fam\u00edlias da Comunidade Ilha das Cinzas, no Par\u00e1. Em seguida, o Dr. Lars Holstencamp trouxe a import\u00e2ncia da cria\u00e7\u00e3o de ecossistemas de neg\u00f3cios das cooperativas de energia, exemplificando com o atual sistema da Alemanha, que beneficia diversos setores.<\/p>\n<p>Ainda pela manh\u00e3, Jos\u00e9 Zloccowick, da DGRV S\u00e3o Paulo e da Zero Carbon, trouxe alguns dos desafios no cen\u00e1rio energ\u00e9tico nacional, sobretudo no que se refere \u00e0 tratativa e disponibiliza\u00e7\u00e3o de dados de unidades consumidoras. Ainda em sua fala, ele trouxe ferramentas atuais do sistema, como o Painel de Dados da Gera\u00e7\u00e3o Distribu\u00edda (PDGD).<\/p>\n<p>Para completar, o primeiro dia ainda contou com a palavra de Raphael Vale, presidente da cooperativa <span style=\"text-decoration: underline; color: #008080;\"><a style=\"color: #008080; text-decoration: underline;\" href=\"https:\/\/www2.energia.coop\/brasil\/mapa-de-iniciativas\/cooperativa\/cooperativa-brasileira-de-energia-renovavel-coober\/\">Coober<\/a><\/span>, que destacou a import\u00e2ncia de defender o interesse das cooperativas de energia junto ao Congresso. Em sua fala, Vale ainda trouxe uma das pr\u00f3ximas a\u00e7\u00f5es do setor, que inclui a aprova\u00e7\u00e3o da PL que deve colocar um representante dos consumidores que gerem energia pr\u00f3pria, no Conselho do Consumidor.<\/p>\n<p>O primeiro dia do F\u00f3rum ainda contou a realiza\u00e7\u00e3o dos pain\u00e9is \u2018Cooperativismo de Plataforma e a digitaliza\u00e7\u00e3o nas cooperativas de gera\u00e7\u00e3o distribu\u00edda\u2019 e \u2018As pessoas no centro da transi\u00e7\u00e3o energ\u00e9tica e o cooperativismo\u2019. Em ambos os casos, os representantes de cooperativas compartilharam a atual dimens\u00e3o de suas cooperativas e a\u00e7\u00f5es, pontuando alguns dos maiores desafios para o setor. Entre eles, o dif\u00edcil acesso ao cr\u00e9dito por parte de cooperativas menores.<\/p>\n<p>Participaram dos pain\u00e9is Jo\u00e3o Garcia (<span style=\"text-decoration: underline; color: #008080;\"><a style=\"color: #008080; text-decoration: underline;\" href=\"https:\/\/www2.energia.coop\/brasil\/mapa-de-iniciativas\/cooperativa\/sinergi\/\">Cooperativa Sinergi<\/a><\/span>), Carlos Felipe V. Souza (Cooperativa Photon), Miguel Segundo (Cobragedi), Arno Kerckhoff (<a href=\"https:\/\/www2.energia.coop\/brasil\/mapa-de-iniciativas\/cooperativa\/cooperativa-ciclos\/\"><span style=\"text-decoration: underline; color: #008080;\">Cooperativa Ciclos<\/span><\/a>), Leonardo Varizi (Cooperativa Coopenergy), Eduardo \u00c1vila (<a href=\"https:\/\/www2.energia.coop\/brasil\/mapa-de-iniciativas\/cooperativa\/percilia-e-lucio\/\"><span style=\"text-decoration: underline;\"><span style=\"color: #008080; text-decoration: underline;\">Revolusolar<\/span><\/span><\/a>), Eduardo Braz (<a href=\"https:\/\/www2.energia.coop\/brasil\/mapa-de-iniciativas\/cooperativa\/coopsolar\/\"><span style=\"text-decoration: underline; color: #008080;\">Coopsolar Para\u00edba<\/span><\/a>), Jos\u00e9 de Anchieta Assis (Cooperativa Bem Viver), Stefano Motta (<span style=\"text-decoration: underline; color: #008080;\">Cooperativa Perc\u00edlio e L\u00facio<\/span>) e Aldir de Bona (Cooperativa Coopervales).<\/p>\n<p>No segundo e \u00faltimo dia, os destaques inclu\u00edram o painel \u2018Sustentabilidade e modelos de neg\u00f3cio\u2019, que contou com a presen\u00e7a de Marcus Santos (Coopenergia Sol Ar Brasil), Norival Hubner (Cooperativa Sol Invictus), Juliano Huck Murbach (Cooperativa Paran\u00e1 Energia), Ewerton Barbosa Marques (Cooperativa Tensol Paraense de Energia Renov\u00e1vel), Leonardo Varizi (Cooperativa Coopenergy) e Emerson Dias da Cunha (Cooperativa Cooperon). Ainda pela manh\u00e3, o F\u00f3rum promoveu discuss\u00f5es em cima de diversos temas de interesse do setor, incluindo o ICMS; Modelos inclusivos, comunica\u00e7\u00e3o e cr\u00e9dito; e a Intercoopera\u00e7\u00e3o e centraliza\u00e7\u00e3o.<\/p>\n<p>O evento ainda contou com a presen\u00e7a do coordenador de Meio Ambiente no Sistema OCB, Marco Ol\u00edvio Morato de Oliveira.<\/p>\n<p>&nbsp;<\/p>\n<p>Reprodu\u00e7\u00e3o: Mundo Coop<\/p>\n<p><span data-contrast=\"none\">Autor: Leonardo C\u00e9sar (Mundo Coop) <\/span><span data-ccp-props=\"{&quot;201341983&quot;:0,&quot;335551550&quot;:6,&quot;335551620&quot;:6,&quot;335559740&quot;:276}\">\u00a0em 09\/06\/2022<\/span><\/p>\n<p><i><span data-contrast=\"none\">Publicado em 24<\/span><\/i><i><span data-contrast=\"none\">\/06<\/span><\/i><i><span data-contrast=\"none\">\/2022<\/span><\/i><span data-ccp-props=\"{&quot;201341983&quot;:0,&quot;335551550&quot;:6,&quot;335551620&quot;:6,&quot;335559740&quot;:276}\">\u00a0<\/span><\/p>\n<hr \/>\n<h3><span data-ccp-props=\"{&quot;201341983&quot;:0,&quot;335551550&quot;:6,&quot;335551620&quot;:6,&quot;335559740&quot;:276}\">\u00a0<\/span><b><span data-contrast=\"none\">Saiba mais<\/span><\/b><span data-ccp-props=\"{&quot;201341983&quot;:0,&quot;335551550&quot;:6,&quot;335551620&quot;:6,&quot;335559740&quot;:276}\">\u00a0<\/span><\/h3>\n<p><a href=\"https:\/\/www.mundocoop.com.br\/tecnocoop\/encontro-reune-cooperativas-de-energia-e-discute-desafios-do-setor.html\"><span style=\"color: #008080;\"><u>Acesse a<span style=\"color: #008080;\"> not\u00edcia original<\/span><\/u><\/span><\/a><\/p>\n<p>&nbsp;<\/p>\n<p>&nbsp;<\/p>\n","protected":false},"excerpt":{"rendered":"<p>Saiba mais sobre o I F\u00f3rum de Energia Cooperativa, que ocorreu em S\u00e3o Paulo nos dias 8 e 9 de junho!<\/p>\n","protected":false},"author":2,"featured_media":1710,"comment_status":"open","ping_status":"open","sticky":false,"template":"","format":"standard","meta":{"_acf_changed":false,"footnotes":""},"categories":[44],"tags":[55],"class_list":["post-1711","post","type-post","status-publish","format-standard","has-post-thumbnail","hentry","category-blog","tag-energia-cooperativa"],"acf":[],"yoast_head":"<!-- This site is optimized with the Yoast SEO plugin v27.4 - https:\/\/yoast.com\/product\/yoast-seo-wordpress\/ -->\n<title>Encontro re\u00fane cooperativas de energia e discute desafios do setor - Energia Cooperativa<\/title>\n<meta name=\"robots\" content=\"index, follow, max-snippet:-1, max-image-preview:large, max-video-preview:-1\" \/>\n<link rel=\"canonical\" href=\"https:\/\/www2.energia.coop\/brasil\/blog\/encontro-reune-cooperativas-de-energia-e-discute-desafios-do-setor-2\/\" \/>\n<meta property=\"og:locale\" content=\"pt_BR\" \/>\n<meta property=\"og:type\" content=\"article\" \/>\n<meta property=\"og:title\" content=\"Encontro re\u00fane cooperativas de energia e discute desafios do setor - Energia Cooperativa\" \/>\n<meta property=\"og:description\" content=\"Saiba mais sobre o I F\u00f3rum de Energia Cooperativa, que ocorreu em S\u00e3o Paulo nos dias 8 e 9 de junho!\" \/>\n<meta property=\"og:url\" content=\"https:\/\/www2.energia.coop\/brasil\/blog\/encontro-reune-cooperativas-de-energia-e-discute-desafios-do-setor-2\/\" \/>\n<meta property=\"og:site_name\" content=\"Energia Cooperativa\" \/>\n<meta property=\"article:published_time\" content=\"2022-06-24T17:12:04+00:00\" \/>\n<meta property=\"article:modified_time\" content=\"2022-10-25T13:49:20+00:00\" \/>\n<meta property=\"og:image\" content=\"https:\/\/www2.energia.coop\/brasil\/wp-content\/uploads\/2022\/06\/20220608_165504-scaled-1400x500-1.jpg\" \/>\n\t<meta property=\"og:image:width\" content=\"1400\" \/>\n\t<meta property=\"og:image:height\" content=\"500\" \/>\n\t<meta property=\"og:image:type\" content=\"image\/jpeg\" \/>\n<meta name=\"author\" content=\"energia\" \/>\n<meta name=\"twitter:card\" content=\"summary_large_image\" \/>\n<meta name=\"twitter:label1\" content=\"Escrito por\" \/>\n\t<meta name=\"twitter:data1\" content=\"energia\" \/>\n\t<meta name=\"twitter:label2\" content=\"Est. tempo de leitura\" \/>\n\t<meta name=\"twitter:data2\" content=\"4 minutos\" \/>\n<script type=\"application\/ld+json\" class=\"yoast-schema-graph\">{\"@context\":\"https:\\\/\\\/schema.org\",\"@graph\":[{\"@type\":\"Article\",\"@id\":\"https:\\\/\\\/www2.energia.coop\\\/brasil\\\/blog\\\/encontro-reune-cooperativas-de-energia-e-discute-desafios-do-setor-2\\\/#article\",\"isPartOf\":{\"@id\":\"https:\\\/\\\/www2.energia.coop\\\/brasil\\\/blog\\\/encontro-reune-cooperativas-de-energia-e-discute-desafios-do-setor-2\\\/\"},\"author\":{\"name\":\"energia\",\"@id\":\"https:\\\/\\\/www2.energia.coop\\\/brasil\\\/#\\\/schema\\\/person\\\/697a7871a4ef9404cd3df0f0d84f2ccd\"},\"headline\":\"Encontro re\u00fane cooperativas de energia e discute desafios do setor\",\"datePublished\":\"2022-06-24T17:12:04+00:00\",\"dateModified\":\"2022-10-25T13:49:20+00:00\",\"mainEntityOfPage\":{\"@id\":\"https:\\\/\\\/www2.energia.coop\\\/brasil\\\/blog\\\/encontro-reune-cooperativas-de-energia-e-discute-desafios-do-setor-2\\\/\"},\"wordCount\":666,\"commentCount\":0,\"image\":{\"@id\":\"https:\\\/\\\/www2.energia.coop\\\/brasil\\\/blog\\\/encontro-reune-cooperativas-de-energia-e-discute-desafios-do-setor-2\\\/#primaryimage\"},\"thumbnailUrl\":\"https:\\\/\\\/www2.energia.coop\\\/brasil\\\/wp-content\\\/uploads\\\/2022\\\/06\\\/20220608_165504-scaled-1400x500-1.jpg\",\"keywords\":[\"Energia Cooperativa\"],\"articleSection\":[\"Blog\"],\"inLanguage\":\"pt-BR\",\"potentialAction\":[{\"@type\":\"CommentAction\",\"name\":\"Comment\",\"target\":[\"https:\\\/\\\/www2.energia.coop\\\/brasil\\\/blog\\\/encontro-reune-cooperativas-de-energia-e-discute-desafios-do-setor-2\\\/#respond\"]}]},{\"@type\":\"WebPage\",\"@id\":\"https:\\\/\\\/www2.energia.coop\\\/brasil\\\/blog\\\/encontro-reune-cooperativas-de-energia-e-discute-desafios-do-setor-2\\\/\",\"url\":\"https:\\\/\\\/www2.energia.coop\\\/brasil\\\/blog\\\/encontro-reune-cooperativas-de-energia-e-discute-desafios-do-setor-2\\\/\",\"name\":\"Encontro re\u00fane cooperativas de energia e discute desafios do setor - Energia Cooperativa\",\"isPartOf\":{\"@id\":\"https:\\\/\\\/www2.energia.coop\\\/brasil\\\/#website\"},\"primaryImageOfPage\":{\"@id\":\"https:\\\/\\\/www2.energia.coop\\\/brasil\\\/blog\\\/encontro-reune-cooperativas-de-energia-e-discute-desafios-do-setor-2\\\/#primaryimage\"},\"image\":{\"@id\":\"https:\\\/\\\/www2.energia.coop\\\/brasil\\\/blog\\\/encontro-reune-cooperativas-de-energia-e-discute-desafios-do-setor-2\\\/#primaryimage\"},\"thumbnailUrl\":\"https:\\\/\\\/www2.energia.coop\\\/brasil\\\/wp-content\\\/uploads\\\/2022\\\/06\\\/20220608_165504-scaled-1400x500-1.jpg\",\"datePublished\":\"2022-06-24T17:12:04+00:00\",\"dateModified\":\"2022-10-25T13:49:20+00:00\",\"author\":{\"@id\":\"https:\\\/\\\/www2.energia.coop\\\/brasil\\\/#\\\/schema\\\/person\\\/697a7871a4ef9404cd3df0f0d84f2ccd\"},\"inLanguage\":\"pt-BR\",\"potentialAction\":[{\"@type\":\"ReadAction\",\"target\":[\"https:\\\/\\\/www2.energia.coop\\\/brasil\\\/blog\\\/encontro-reune-cooperativas-de-energia-e-discute-desafios-do-setor-2\\\/\"]}]},{\"@type\":\"ImageObject\",\"inLanguage\":\"pt-BR\",\"@id\":\"https:\\\/\\\/www2.energia.coop\\\/brasil\\\/blog\\\/encontro-reune-cooperativas-de-energia-e-discute-desafios-do-setor-2\\\/#primaryimage\",\"url\":\"https:\\\/\\\/www2.energia.coop\\\/brasil\\\/wp-content\\\/uploads\\\/2022\\\/06\\\/20220608_165504-scaled-1400x500-1.jpg\",\"contentUrl\":\"https:\\\/\\\/www2.energia.coop\\\/brasil\\\/wp-content\\\/uploads\\\/2022\\\/06\\\/20220608_165504-scaled-1400x500-1.jpg\",\"width\":1400,\"height\":500},{\"@type\":\"WebSite\",\"@id\":\"https:\\\/\\\/www2.energia.coop\\\/brasil\\\/#website\",\"url\":\"https:\\\/\\\/www2.energia.coop\\\/brasil\\\/\",\"name\":\"Energia Cooperativa\",\"description\":\"\",\"potentialAction\":[{\"@type\":\"SearchAction\",\"target\":{\"@type\":\"EntryPoint\",\"urlTemplate\":\"https:\\\/\\\/www2.energia.coop\\\/brasil\\\/?s={search_term_string}\"},\"query-input\":{\"@type\":\"PropertyValueSpecification\",\"valueRequired\":true,\"valueName\":\"search_term_string\"}}],\"inLanguage\":\"pt-BR\"},{\"@type\":\"Person\",\"@id\":\"https:\\\/\\\/www2.energia.coop\\\/brasil\\\/#\\\/schema\\\/person\\\/697a7871a4ef9404cd3df0f0d84f2ccd\",\"name\":\"energia\",\"image\":{\"@type\":\"ImageObject\",\"inLanguage\":\"pt-BR\",\"@id\":\"https:\\\/\\\/secure.gravatar.com\\\/avatar\\\/1f8d6461d2fb019dc81242feecb0c723ed1144bb91b43857997f664435ea5c52?s=96&d=mm&r=g\",\"url\":\"https:\\\/\\\/secure.gravatar.com\\\/avatar\\\/1f8d6461d2fb019dc81242feecb0c723ed1144bb91b43857997f664435ea5c52?s=96&d=mm&r=g\",\"contentUrl\":\"https:\\\/\\\/secure.gravatar.com\\\/avatar\\\/1f8d6461d2fb019dc81242feecb0c723ed1144bb91b43857997f664435ea5c52?s=96&d=mm&r=g\",\"caption\":\"energia\"},\"url\":\"https:\\\/\\\/www2.energia.coop\\\/brasil\\\/author\\\/energia\\\/\"}]}<\/script>\n<!-- \/ Yoast SEO plugin. -->","yoast_head_json":{"title":"Encontro re\u00fane cooperativas de energia e discute desafios do setor - Energia Cooperativa","robots":{"index":"index","follow":"follow","max-snippet":"max-snippet:-1","max-image-preview":"max-image-preview:large","max-video-preview":"max-video-preview:-1"},"canonical":"https:\/\/www2.energia.coop\/brasil\/blog\/encontro-reune-cooperativas-de-energia-e-discute-desafios-do-setor-2\/","og_locale":"pt_BR","og_type":"article","og_title":"Encontro re\u00fane cooperativas de energia e discute desafios do setor - Energia Cooperativa","og_description":"Saiba mais sobre o I F\u00f3rum de Energia Cooperativa, que ocorreu em S\u00e3o Paulo nos dias 8 e 9 de junho!","og_url":"https:\/\/www2.energia.coop\/brasil\/blog\/encontro-reune-cooperativas-de-energia-e-discute-desafios-do-setor-2\/","og_site_name":"Energia Cooperativa","article_published_time":"2022-06-24T17:12:04+00:00","article_modified_time":"2022-10-25T13:49:20+00:00","og_image":[{"width":1400,"height":500,"url":"https:\/\/www2.energia.coop\/brasil\/wp-content\/uploads\/2022\/06\/20220608_165504-scaled-1400x500-1.jpg","type":"image\/jpeg"}],"author":"energia","twitter_card":"summary_large_image","twitter_misc":{"Escrito por":"energia","Est. tempo de leitura":"4 minutos"},"schema":{"@context":"https:\/\/schema.org","@graph":[{"@type":"Article","@id":"https:\/\/www2.energia.coop\/brasil\/blog\/encontro-reune-cooperativas-de-energia-e-discute-desafios-do-setor-2\/#article","isPartOf":{"@id":"https:\/\/www2.energia.coop\/brasil\/blog\/encontro-reune-cooperativas-de-energia-e-discute-desafios-do-setor-2\/"},"author":{"name":"energia","@id":"https:\/\/www2.energia.coop\/brasil\/#\/schema\/person\/697a7871a4ef9404cd3df0f0d84f2ccd"},"headline":"Encontro re\u00fane cooperativas de energia e discute desafios do setor","datePublished":"2022-06-24T17:12:04+00:00","dateModified":"2022-10-25T13:49:20+00:00","mainEntityOfPage":{"@id":"https:\/\/www2.energia.coop\/brasil\/blog\/encontro-reune-cooperativas-de-energia-e-discute-desafios-do-setor-2\/"},"wordCount":666,"commentCount":0,"image":{"@id":"https:\/\/www2.energia.coop\/brasil\/blog\/encontro-reune-cooperativas-de-energia-e-discute-desafios-do-setor-2\/#primaryimage"},"thumbnailUrl":"https:\/\/www2.energia.coop\/brasil\/wp-content\/uploads\/2022\/06\/20220608_165504-scaled-1400x500-1.jpg","keywords":["Energia Cooperativa"],"articleSection":["Blog"],"inLanguage":"pt-BR","potentialAction":[{"@type":"CommentAction","name":"Comment","target":["https:\/\/www2.energia.coop\/brasil\/blog\/encontro-reune-cooperativas-de-energia-e-discute-desafios-do-setor-2\/#respond"]}]},{"@type":"WebPage","@id":"https:\/\/www2.energia.coop\/brasil\/blog\/encontro-reune-cooperativas-de-energia-e-discute-desafios-do-setor-2\/","url":"https:\/\/www2.energia.coop\/brasil\/blog\/encontro-reune-cooperativas-de-energia-e-discute-desafios-do-setor-2\/","name":"Encontro re\u00fane cooperativas de energia e discute desafios do setor - Energia Cooperativa","isPartOf":{"@id":"https:\/\/www2.energia.coop\/brasil\/#website"},"primaryImageOfPage":{"@id":"https:\/\/www2.energia.coop\/brasil\/blog\/encontro-reune-cooperativas-de-energia-e-discute-desafios-do-setor-2\/#primaryimage"},"image":{"@id":"https:\/\/www2.energia.coop\/brasil\/blog\/encontro-reune-cooperativas-de-energia-e-discute-desafios-do-setor-2\/#primaryimage"},"thumbnailUrl":"https:\/\/www2.energia.coop\/brasil\/wp-content\/uploads\/2022\/06\/20220608_165504-scaled-1400x500-1.jpg","datePublished":"2022-06-24T17:12:04+00:00","dateModified":"2022-10-25T13:49:20+00:00","author":{"@id":"https:\/\/www2.energia.coop\/brasil\/#\/schema\/person\/697a7871a4ef9404cd3df0f0d84f2ccd"},"inLanguage":"pt-BR","potentialAction":[{"@type":"ReadAction","target":["https:\/\/www2.energia.coop\/brasil\/blog\/encontro-reune-cooperativas-de-energia-e-discute-desafios-do-setor-2\/"]}]},{"@type":"ImageObject","inLanguage":"pt-BR","@id":"https:\/\/www2.energia.coop\/brasil\/blog\/encontro-reune-cooperativas-de-energia-e-discute-desafios-do-setor-2\/#primaryimage","url":"https:\/\/www2.energia.coop\/brasil\/wp-content\/uploads\/2022\/06\/20220608_165504-scaled-1400x500-1.jpg","contentUrl":"https:\/\/www2.energia.coop\/brasil\/wp-content\/uploads\/2022\/06\/20220608_165504-scaled-1400x500-1.jpg","width":1400,"height":500},{"@type":"WebSite","@id":"https:\/\/www2.energia.coop\/brasil\/#website","url":"https:\/\/www2.energia.coop\/brasil\/","name":"Energia Cooperativa","description":"","potentialAction":[{"@type":"SearchAction","target":{"@type":"EntryPoint","urlTemplate":"https:\/\/www2.energia.coop\/brasil\/?s={search_term_string}"},"query-input":{"@type":"PropertyValueSpecification","valueRequired":true,"valueName":"search_term_string"}}],"inLanguage":"pt-BR"},{"@type":"Person","@id":"https:\/\/www2.energia.coop\/brasil\/#\/schema\/person\/697a7871a4ef9404cd3df0f0d84f2ccd","name":"energia","image":{"@type":"ImageObject","inLanguage":"pt-BR","@id":"https:\/\/secure.gravatar.com\/avatar\/1f8d6461d2fb019dc81242feecb0c723ed1144bb91b43857997f664435ea5c52?s=96&d=mm&r=g","url":"https:\/\/secure.gravatar.com\/avatar\/1f8d6461d2fb019dc81242feecb0c723ed1144bb91b43857997f664435ea5c52?s=96&d=mm&r=g","contentUrl":"https:\/\/secure.gravatar.com\/avatar\/1f8d6461d2fb019dc81242feecb0c723ed1144bb91b43857997f664435ea5c52?s=96&d=mm&r=g","caption":"energia"},"url":"https:\/\/www2.energia.coop\/brasil\/author\/energia\/"}]}},"_links":{"self":[{"href":"https:\/\/www2.energia.coop\/brasil\/wp-json\/wp\/v2\/posts\/1711","targetHints":{"allow":["GET"]}}],"collection":[{"href":"https:\/\/www2.energia.coop\/brasil\/wp-json\/wp\/v2\/posts"}],"about":[{"href":"https:\/\/www2.energia.coop\/brasil\/wp-json\/wp\/v2\/types\/post"}],"author":[{"embeddable":true,"href":"https:\/\/www2.energia.coop\/brasil\/wp-json\/wp\/v2\/users\/2"}],"replies":[{"embeddable":true,"href":"https:\/\/www2.energia.coop\/brasil\/wp-json\/wp\/v2\/comments?post=1711"}],"version-history":[{"count":0,"href":"https:\/\/www2.energia.coop\/brasil\/wp-json\/wp\/v2\/posts\/1711\/revisions"}],"wp:featuredmedia":[{"embeddable":true,"href":"https:\/\/www2.energia.coop\/brasil\/wp-json\/wp\/v2\/media\/1710"}],"wp:attachment":[{"href":"https:\/\/www2.energia.coop\/brasil\/wp-json\/wp\/v2\/media?parent=1711"}],"wp:term":[{"taxonomy":"category","embeddable":true,"href":"https:\/\/www2.energia.coop\/brasil\/wp-json\/wp\/v2\/categories?post=1711"},{"taxonomy":"post_tag","embeddable":true,"href":"https:\/\/www2.energia.coop\/brasil\/wp-json\/wp\/v2\/tags?post=1711"}],"curies":[{"name":"wp","href":"https:\/\/api.w.org\/{rel}","templated":true}]}}