

{"id":1661,"date":"2022-06-06T14:44:05","date_gmt":"2022-06-06T17:44:05","guid":{"rendered":"https:\/\/www2.energia.coop\/brasil\/biblioteca\/agencia-internacional-de-energias-renovaveis-propoe-aceleracao-da-transicao-energetica-e-destaca-importancia-da-energia-cooperativa-2\/"},"modified":"2022-06-06T17:55:17","modified_gmt":"2022-06-06T20:55:17","slug":"inovacao-social-em-energia-um-caminho-centrado-nas-pessoas-para-reforcar-a-transicao-energetica","status":"publish","type":"post","link":"https:\/\/www2.energia.coop\/brasil\/blog\/inovacao-social-em-energia-um-caminho-centrado-nas-pessoas-para-reforcar-a-transicao-energetica\/","title":{"rendered":"Inova\u00e7\u00e3o Social em Energia: um caminho centrado nas pessoas para refor\u00e7ar a transi\u00e7\u00e3o energ\u00e9tica"},"content":{"rendered":"<p>Inova\u00e7\u00e3o Social em Energia (SIE, na sigla em Ingl\u00eas) \u00e9 um conceito que engloba in\u00fameras inova\u00e7\u00f5es sociais, como cooperativas de energia, crowdfunding de energia, gamifica\u00e7\u00e3o de energia, e gera\u00e7\u00e3o distribu\u00edda de energia renov\u00e1vel. S\u00e3o formadas por uma grande variedade de atores, reunidos nas chamadas Iniciativas de A\u00e7\u00e3o Coletiva (CAI, na sigla em Ingl\u00eas).<\/p>\n<p>De acordo com o relat\u00f3rio <em>Putting People at the Heart of Energy Transitions \u2013 Social Innovation in Energy: four projects shine a light on the path forward<\/em>, as SIEs promovem mudan\u00e7as nas formas de fazer, pensar e organizar a energia e s\u00e3o fundamentais para a transi\u00e7\u00e3o energ\u00e9tica sustent\u00e1vel (Na\u00a0 foto de capa: Visitantes na Cooperativa Solar Westmill, 2012).<\/p>\n<p>\u201cEsta s\u00edntese reflete todo o espectro da SIE e demonstra a variedade de formas que essas inova\u00e7\u00f5es podem assumir. Mostra que os cidad\u00e3os europeus est\u00e3o geralmente abertos a participar dessas iniciativas, que t\u00eam potencial para apoiar e acelerar as transi\u00e7\u00f5es energ\u00e9ticas sustent\u00e1veis \u200b\u200bna Europa de v\u00e1rias formas. No entanto, ao mesmo tempo, \u00e9 evidente que os cidad\u00e3os muitas vezes n\u00e3o est\u00e3o cientes dessas iniciativas e de seus potenciais benef\u00edcios, o que os impede de se envolver ativamente. As atuais pol\u00edticas energ\u00e9ticas e clim\u00e1ticas na Europa tamb\u00e9m n\u00e3o incluem suficientemente quaisquer disposi\u00e7\u00f5es sobre o potencial da SIE\u201d, salienta o relat\u00f3rio.<\/p>\n<p>Energia Cooperativa, como \u00e9 tratada neste portal, pode ser considerada uma forma de Inova\u00e7\u00e3o Social em Energia \u2013 embora o conceito do relat\u00f3rio seja mais amplo. Energia Cooperativa refere-se \u00e0s iniciativas nas quais as pessoas se re\u00fanem para estabelecer coletivamente projetos de energia renov\u00e1vel, efici\u00eancia energ\u00e9tica, mobilidade el\u00e9trica, entre outros. Portanto, s\u00e3o a\u00e7\u00f5es motivadas por grupos de indiv\u00edduos que juntos cooperam com um objetivo em comum: mitigar as mudan\u00e7as clim\u00e1ticas por meio de participa\u00e7\u00e3o ativa e protagonista no processo de transi\u00e7\u00e3o e diversifica\u00e7\u00e3o energ\u00e9tica, buscando um futuro mais justo e respons\u00e1vel com o meio ambiente e as futuras gera\u00e7\u00f5es.<\/p>\n<p>&nbsp;<\/p>\n<h4>Energia segura, sustent\u00e1vel e acess\u00edvel<\/h4>\n<p>O relat\u00f3rio \u00e9 resultado de um financiamento do programa de pesquisa e inova\u00e7\u00e3o Horizon 2020 (Horizonte 2020) da Uni\u00e3o Europeia e foi <a href=\"https:\/\/www.newcomersh2020.eu\/news-and-events\/our-final-event-putting-people-at-the-heart-of-energy-transitions\"><span style=\"text-decoration: underline;\"><span style=\"color: #008080; text-decoration: underline;\">apresentado para seus representantes em mai<\/span><\/span>o<\/a>. \u00c9 baseado em quatro projetos, que desde de 2009 se debru\u00e7am sobre diferentes formas e aspectos das SIEs no Velho Continente: <span style=\"text-decoration: underline; color: #008080;\"><a style=\"color: #008080; text-decoration: underline;\" href=\"http:\/\/www.comets-project.eu\/\">COMETS \u2013 Collective Action Models for Energy Transition and Social Innovation<\/a><\/span>; <span style=\"text-decoration: underline; color: #008080;\"><a style=\"color: #008080; text-decoration: underline;\" href=\"https:\/\/www.newcomersh2020.eu\/\">NEWCOMERS &#8211; New Clean Energy Communities in a Changing European Energy System<\/a><\/span>; <span style=\"text-decoration: underline;\"><span style=\"color: #008080;\"><a style=\"color: #008080; text-decoration: underline;\" href=\"https:\/\/socialres.eu\/\">SocialRES \u2013 Fostering Socially Innovative and Inclusive Strategies for Empowering Citizens in the Renewable Energy Market of the Future<\/a><\/span><\/span>; e <span style=\"text-decoration: underline;\"><span style=\"color: #008080;\"><a style=\"color: #008080; text-decoration: underline;\" href=\"https:\/\/sonnet-energy.eu\/\">SONNET \u2013 Social Innovation in Energy Transitions<\/a><\/span><\/span>.<\/p>\n<blockquote><p><strong><span style=\"color: #008080;\">\u201cOs quatro projetos tinham em comum a miss\u00e3o de esclarecer o que impulsiona a inova\u00e7\u00e3o social em energia, em quais ambientes a inova\u00e7\u00e3o social floresce e quais fatores determinam se a inova\u00e7\u00e3o social contribui com sucesso para alcan\u00e7ar o objetivo da Uni\u00e3o Europeia de avan\u00e7ar para um sistema de energia de baixo carbono onde a energia \u00e9 mais segura, sustent\u00e1vel e acess\u00edvel \u2013 e isso coloca os cidad\u00e3os europeus no seu centro.\u201d<\/span><\/strong><\/p><\/blockquote>\n<p>O relat\u00f3rio destaca cinco aspectos relevantes. Confira um resumo de cada um deles:<\/p>\n<p><span style=\"color: #008080;\"><strong>1 &#8211; Diversidade e Relev\u00e2ncia da Inova\u00e7\u00e3o Social em Energia (SIE)<\/strong><\/span><\/p>\n<p>O relat\u00f3rio aponta que a SIE promove mudan\u00e7as centradas nas pessoas nas formas de fazer, pensar e organizar a energia; que a heterogeneidade dos modelos est\u00e1 crescendo com o empoderamento dos cidad\u00e3os; e que as comunidades de energia est\u00e3o baseadas na a\u00e7\u00e3o coletiva e avan\u00e7am em dire\u00e7\u00e3o a novas colabora\u00e7\u00f5es entre atores p\u00fablicos e privados para fornecer novas atividades de energia.<\/p>\n<p><span style=\"color: #008080;\"><strong>2 &#8211; Percep\u00e7\u00e3o e apoio dos cidad\u00e3os ao SIE<\/strong><\/span><\/p>\n<p>O relat\u00f3rio mostra haver um conhecimento limitado em rela\u00e7\u00e3o \u00e0s iniciativas coletivas entre os cidad\u00e3os europeus. Contudo, aponta que para aqueles que est\u00e3o engajados no tema, esses percebem os benef\u00edcios ambientais e econ\u00f4micos das inova\u00e7\u00f5es sociais em energia como importante e mostram interesse em se envolver nestas iniciativas.<\/p>\n<p><span style=\"color: #008080;\"><strong>3 &#8211; Benef\u00edcios sociais da SIE<\/strong><\/span><\/p>\n<p>O relat\u00f3rio mostra que as quest\u00f5es de justi\u00e7a (especialmente envolvendo grupos marginalizados, como mulheres, fam\u00edlias e pessoas de baixo poder aquisitivo) s\u00e3o aspectos-chave na tomada de decis\u00f5es das inova\u00e7\u00f5es sociais em energia. Destaca tamb\u00e9m ser importante construir e manter a confian\u00e7a entre os membros das comunidades, bem como entre as CAIs e institui\u00e7\u00f5es. E refor\u00e7a que as iniciativas de a\u00e7\u00e3o coletivas podem transformar as pessoas de consumidores passivos em cidad\u00e3os proativos e empoderados que assumem a responsabilidade de encontrar solu\u00e7\u00f5es locais.<\/p>\n<p><span style=\"color: #008080;\"><strong>4 &#8211; Impactos da SIE nas transi\u00e7\u00f5es energ\u00e9ticas na Europa<\/strong><\/span><\/p>\n<p>Embora ressalte ser dif\u00edcil quantificar e qualificar a SIE, o relat\u00f3rio aponta ser importante fazer um esfor\u00e7o neste sentido. Afirma que mostrar as estrat\u00e9gias atuais e futuras ajuda a moldar novas atividades, atrair mais membros, desenvolver melhores modelos financeiros, melhorar o impacto ambiental e proporcionar maior benef\u00edcios para as comunidades que servem. A investiga\u00e7\u00e3o do COMETS apontou existir entre 8,4 mil e 9 mil iniciativas, envolvendo cerca de 20,9 mil projetos na Europa.<\/p>\n<p><span style=\"color: #008080;\"><strong>5 &#8211; Pol\u00edticas e institui\u00e7\u00f5es relacionadas \u00e0 SIE<\/strong><\/span><\/p>\n<p>A abertura das institui\u00e7\u00f5es para o tema e a conscientiza\u00e7\u00e3o dos m\u00faltiplos benef\u00edcios da SIE s\u00e3o cruciais para seu desenvolvimento e sucesso, aponta o relat\u00f3rio. O documento refor\u00e7a a import\u00e2ncia da SIE e das CAIs serem incorporadas na legisla\u00e7\u00e3o. No entanto, dado que a inova\u00e7\u00e3o social pode desafiar o status quo nos sistemas de energia, salienta que as estruturas de poder desequilibradas podem impedir o apoio pol\u00edtico efetivo \u00e0 SIE.<\/p>\n<p>O relat\u00f3rio conclui que as SIEs est\u00e3o alinhadas com as ideias da Uni\u00e3o Europeia. \u201cConclu\u00edmos\u00a0 que as inova\u00e7\u00f5es sociais em energia est\u00e3o bem alinhadas com muitas metas sociais, econ\u00f4micas, ambientais e de seguran\u00e7a energ\u00e9tica e, portanto, oferecem claramente potencial para apoiar os objetivos da Uni\u00e3o da Energia. Para aproveitar esse potencial, s\u00e3o necess\u00e1rias pol\u00edticas sob medida e uma combina\u00e7\u00e3o geral de pol\u00edticas bem projetadas para a inova\u00e7\u00e3o social em energia. Afinal, habilitar iniciativas de SIE significa desbloquear uma nova e significativa fonte de capital (tanto social como econ\u00f4mica) e aumentar o apoio p\u00fablico \u00e0s transi\u00e7\u00f5es energ\u00e9ticas na Europa.\u201d<\/p>\n<p>E n\u00e3o apenas a Europa se beneficiaria de projetos com inova\u00e7\u00f5es sociais em energia, mas sim todo o mundo, que urge em dire\u00e7\u00e3o \u00e0 transi\u00e7\u00e3o energ\u00e9tica com energia renov\u00e1vel e acess\u00edvel para todas as pessoas.<\/p>\n<p>&nbsp;<\/p>\n<p><span data-contrast=\"none\">Autor: <span style=\"font-weight: 400;\">Maur\u00edcio Frighetto<\/span> (Instituto Ideal) <\/span><span data-ccp-props=\"{&quot;201341983&quot;:0,&quot;335551550&quot;:6,&quot;335551620&quot;:6,&quot;335559740&quot;:276}\">\u00a0<\/span><\/p>\n<p>Colabora\u00e7\u00e3o: <span style=\"font-weight: 400;\">Kathlen Schneider <span data-contrast=\"none\">(Instituto Ideal)<\/span><\/span><\/p>\n<p><i><span data-contrast=\"none\">Publicado em 06<\/span><\/i><i><span data-contrast=\"none\">\/06<\/span><\/i><i><span data-contrast=\"none\">\/2022<\/span><\/i><span data-ccp-props=\"{&quot;201341983&quot;:0,&quot;335551550&quot;:6,&quot;335551620&quot;:6,&quot;335559740&quot;:276}\">\u00a0<\/span><\/p>\n<hr \/>\n<h3><span data-ccp-props=\"{&quot;201341983&quot;:0,&quot;335551550&quot;:6,&quot;335551620&quot;:6,&quot;335559740&quot;:276}\">\u00a0<\/span><b><span data-contrast=\"none\">Saiba mais<\/span><\/b><span data-ccp-props=\"{&quot;201341983&quot;:0,&quot;335551550&quot;:6,&quot;335551620&quot;:6,&quot;335559740&quot;:276}\">\u00a0<\/span><\/h3>\n<p><span style=\"text-decoration: underline;\"><span style=\"color: #008080;\"><a style=\"color: #008080; text-decoration: underline;\" href=\"https:\/\/www.newcomersh2020.eu\/upload\/files\/H2020_Policy%20brief.pdf\">Clique aqui para <span style=\"color: #008080; text-decoration: underline;\">obter o rel<\/span>at\u00f3rio<\/a><\/span><\/span><\/p>\n<p>Acesse os quatro projetos:<\/p>\n<p><span style=\"text-decoration: underline;\"><span style=\"color: #008080; text-decoration: underline;\"><a style=\"color: #008080; text-decoration: underline;\" href=\"http:\/\/www.comets-project.eu\/\">http:\/\/www.comets-project.eu\/<\/a><\/span><\/span><\/p>\n<p><span style=\"text-decoration: underline;\"><span style=\"color: #008080; text-decoration: underline;\"><a style=\"color: #008080; text-decoration: underline;\" href=\"https:\/\/socialres.eu\/\">https:\/\/socialres.eu\/<\/a><\/span><\/span><\/p>\n<p>&nbsp;<\/p>\n","protected":false},"excerpt":{"rendered":"<p>Conhe\u00e7a a\u00e7\u00f5es de Inova\u00e7\u00e3o Social em Energia, que promovem mudan\u00e7as nas formas de fazer, pensar e organizar a energia e s\u00e3o fundamentais para a transi\u00e7\u00e3o energ\u00e9tica sustent\u00e1vel!<\/p>\n","protected":false},"author":2,"featured_media":1663,"comment_status":"open","ping_status":"open","sticky":false,"template":"","format":"standard","meta":{"_acf_changed":false,"footnotes":""},"categories":[44,45],"tags":[55],"class_list":["post-1661","post","type-post","status-publish","format-standard","has-post-thumbnail","hentry","category-blog","category-destaque-principal","tag-energia-cooperativa"],"acf":[],"yoast_head":"<!-- This site is optimized with the Yoast SEO plugin v27.4 - https:\/\/yoast.com\/product\/yoast-seo-wordpress\/ -->\n<title>Inova\u00e7\u00e3o Social em Energia: um caminho centrado nas pessoas para refor\u00e7ar a transi\u00e7\u00e3o energ\u00e9tica - Energia Cooperativa<\/title>\n<meta name=\"robots\" content=\"index, follow, max-snippet:-1, max-image-preview:large, max-video-preview:-1\" \/>\n<link rel=\"canonical\" href=\"https:\/\/www2.energia.coop\/brasil\/blog\/inovacao-social-em-energia-um-caminho-centrado-nas-pessoas-para-reforcar-a-transicao-energetica\/\" \/>\n<meta property=\"og:locale\" content=\"pt_BR\" \/>\n<meta property=\"og:type\" content=\"article\" \/>\n<meta property=\"og:title\" content=\"Inova\u00e7\u00e3o Social em Energia: um caminho centrado nas pessoas para refor\u00e7ar a transi\u00e7\u00e3o energ\u00e9tica - Energia Cooperativa\" \/>\n<meta property=\"og:description\" content=\"Conhe\u00e7a a\u00e7\u00f5es de Inova\u00e7\u00e3o Social em Energia, que promovem mudan\u00e7as nas formas de fazer, pensar e organizar a energia e s\u00e3o fundamentais para a transi\u00e7\u00e3o energ\u00e9tica sustent\u00e1vel!\" \/>\n<meta property=\"og:url\" content=\"https:\/\/www2.energia.coop\/brasil\/blog\/inovacao-social-em-energia-um-caminho-centrado-nas-pessoas-para-reforcar-a-transicao-energetica\/\" \/>\n<meta property=\"og:site_name\" content=\"Energia Cooperativa\" \/>\n<meta property=\"article:published_time\" content=\"2022-06-06T17:44:05+00:00\" \/>\n<meta property=\"article:modified_time\" content=\"2022-06-06T20:55:17+00:00\" \/>\n<meta property=\"og:image\" content=\"https:\/\/www2.energia.coop\/brasil\/wp-content\/uploads\/2022\/06\/Westmill_Solar_Cooperative_1-scaled.jpg\" \/>\n\t<meta property=\"og:image:width\" content=\"2560\" \/>\n\t<meta property=\"og:image:height\" content=\"1696\" \/>\n\t<meta property=\"og:image:type\" content=\"image\/jpeg\" \/>\n<meta name=\"author\" content=\"energia\" \/>\n<meta name=\"twitter:card\" content=\"summary_large_image\" \/>\n<meta name=\"twitter:label1\" content=\"Escrito por\" \/>\n\t<meta name=\"twitter:data1\" content=\"energia\" \/>\n\t<meta name=\"twitter:label2\" content=\"Est. tempo de leitura\" \/>\n\t<meta name=\"twitter:data2\" content=\"6 minutos\" \/>\n<script type=\"application\/ld+json\" class=\"yoast-schema-graph\">{\"@context\":\"https:\\\/\\\/schema.org\",\"@graph\":[{\"@type\":\"Article\",\"@id\":\"https:\\\/\\\/www2.energia.coop\\\/brasil\\\/blog\\\/inovacao-social-em-energia-um-caminho-centrado-nas-pessoas-para-reforcar-a-transicao-energetica\\\/#article\",\"isPartOf\":{\"@id\":\"https:\\\/\\\/www2.energia.coop\\\/brasil\\\/blog\\\/inovacao-social-em-energia-um-caminho-centrado-nas-pessoas-para-reforcar-a-transicao-energetica\\\/\"},\"author\":{\"name\":\"energia\",\"@id\":\"https:\\\/\\\/www2.energia.coop\\\/brasil\\\/#\\\/schema\\\/person\\\/697a7871a4ef9404cd3df0f0d84f2ccd\"},\"headline\":\"Inova\u00e7\u00e3o Social em Energia: um caminho centrado nas pessoas para refor\u00e7ar a transi\u00e7\u00e3o energ\u00e9tica\",\"datePublished\":\"2022-06-06T17:44:05+00:00\",\"dateModified\":\"2022-06-06T20:55:17+00:00\",\"mainEntityOfPage\":{\"@id\":\"https:\\\/\\\/www2.energia.coop\\\/brasil\\\/blog\\\/inovacao-social-em-energia-um-caminho-centrado-nas-pessoas-para-reforcar-a-transicao-energetica\\\/\"},\"wordCount\":1192,\"commentCount\":0,\"image\":{\"@id\":\"https:\\\/\\\/www2.energia.coop\\\/brasil\\\/blog\\\/inovacao-social-em-energia-um-caminho-centrado-nas-pessoas-para-reforcar-a-transicao-energetica\\\/#primaryimage\"},\"thumbnailUrl\":\"https:\\\/\\\/www2.energia.coop\\\/brasil\\\/wp-content\\\/uploads\\\/2022\\\/06\\\/Westmill_Solar_Cooperative_1-scaled.jpg\",\"keywords\":[\"Energia Cooperativa\"],\"articleSection\":[\"Blog\",\"Destaque Principal\"],\"inLanguage\":\"pt-BR\",\"potentialAction\":[{\"@type\":\"CommentAction\",\"name\":\"Comment\",\"target\":[\"https:\\\/\\\/www2.energia.coop\\\/brasil\\\/blog\\\/inovacao-social-em-energia-um-caminho-centrado-nas-pessoas-para-reforcar-a-transicao-energetica\\\/#respond\"]}]},{\"@type\":\"WebPage\",\"@id\":\"https:\\\/\\\/www2.energia.coop\\\/brasil\\\/blog\\\/inovacao-social-em-energia-um-caminho-centrado-nas-pessoas-para-reforcar-a-transicao-energetica\\\/\",\"url\":\"https:\\\/\\\/www2.energia.coop\\\/brasil\\\/blog\\\/inovacao-social-em-energia-um-caminho-centrado-nas-pessoas-para-reforcar-a-transicao-energetica\\\/\",\"name\":\"Inova\u00e7\u00e3o Social em Energia: um caminho centrado nas pessoas para refor\u00e7ar a transi\u00e7\u00e3o energ\u00e9tica - Energia Cooperativa\",\"isPartOf\":{\"@id\":\"https:\\\/\\\/www2.energia.coop\\\/brasil\\\/#website\"},\"primaryImageOfPage\":{\"@id\":\"https:\\\/\\\/www2.energia.coop\\\/brasil\\\/blog\\\/inovacao-social-em-energia-um-caminho-centrado-nas-pessoas-para-reforcar-a-transicao-energetica\\\/#primaryimage\"},\"image\":{\"@id\":\"https:\\\/\\\/www2.energia.coop\\\/brasil\\\/blog\\\/inovacao-social-em-energia-um-caminho-centrado-nas-pessoas-para-reforcar-a-transicao-energetica\\\/#primaryimage\"},\"thumbnailUrl\":\"https:\\\/\\\/www2.energia.coop\\\/brasil\\\/wp-content\\\/uploads\\\/2022\\\/06\\\/Westmill_Solar_Cooperative_1-scaled.jpg\",\"datePublished\":\"2022-06-06T17:44:05+00:00\",\"dateModified\":\"2022-06-06T20:55:17+00:00\",\"author\":{\"@id\":\"https:\\\/\\\/www2.energia.coop\\\/brasil\\\/#\\\/schema\\\/person\\\/697a7871a4ef9404cd3df0f0d84f2ccd\"},\"inLanguage\":\"pt-BR\",\"potentialAction\":[{\"@type\":\"ReadAction\",\"target\":[\"https:\\\/\\\/www2.energia.coop\\\/brasil\\\/blog\\\/inovacao-social-em-energia-um-caminho-centrado-nas-pessoas-para-reforcar-a-transicao-energetica\\\/\"]}]},{\"@type\":\"ImageObject\",\"inLanguage\":\"pt-BR\",\"@id\":\"https:\\\/\\\/www2.energia.coop\\\/brasil\\\/blog\\\/inovacao-social-em-energia-um-caminho-centrado-nas-pessoas-para-reforcar-a-transicao-energetica\\\/#primaryimage\",\"url\":\"https:\\\/\\\/www2.energia.coop\\\/brasil\\\/wp-content\\\/uploads\\\/2022\\\/06\\\/Westmill_Solar_Cooperative_1-scaled.jpg\",\"contentUrl\":\"https:\\\/\\\/www2.energia.coop\\\/brasil\\\/wp-content\\\/uploads\\\/2022\\\/06\\\/Westmill_Solar_Cooperative_1-scaled.jpg\",\"width\":2560,\"height\":1696},{\"@type\":\"WebSite\",\"@id\":\"https:\\\/\\\/www2.energia.coop\\\/brasil\\\/#website\",\"url\":\"https:\\\/\\\/www2.energia.coop\\\/brasil\\\/\",\"name\":\"Energia Cooperativa\",\"description\":\"\",\"potentialAction\":[{\"@type\":\"SearchAction\",\"target\":{\"@type\":\"EntryPoint\",\"urlTemplate\":\"https:\\\/\\\/www2.energia.coop\\\/brasil\\\/?s={search_term_string}\"},\"query-input\":{\"@type\":\"PropertyValueSpecification\",\"valueRequired\":true,\"valueName\":\"search_term_string\"}}],\"inLanguage\":\"pt-BR\"},{\"@type\":\"Person\",\"@id\":\"https:\\\/\\\/www2.energia.coop\\\/brasil\\\/#\\\/schema\\\/person\\\/697a7871a4ef9404cd3df0f0d84f2ccd\",\"name\":\"energia\",\"image\":{\"@type\":\"ImageObject\",\"inLanguage\":\"pt-BR\",\"@id\":\"https:\\\/\\\/secure.gravatar.com\\\/avatar\\\/1f8d6461d2fb019dc81242feecb0c723ed1144bb91b43857997f664435ea5c52?s=96&d=mm&r=g\",\"url\":\"https:\\\/\\\/secure.gravatar.com\\\/avatar\\\/1f8d6461d2fb019dc81242feecb0c723ed1144bb91b43857997f664435ea5c52?s=96&d=mm&r=g\",\"contentUrl\":\"https:\\\/\\\/secure.gravatar.com\\\/avatar\\\/1f8d6461d2fb019dc81242feecb0c723ed1144bb91b43857997f664435ea5c52?s=96&d=mm&r=g\",\"caption\":\"energia\"},\"url\":\"https:\\\/\\\/www2.energia.coop\\\/brasil\\\/author\\\/energia\\\/\"}]}<\/script>\n<!-- \/ Yoast SEO plugin. -->","yoast_head_json":{"title":"Inova\u00e7\u00e3o Social em Energia: um caminho centrado nas pessoas para refor\u00e7ar a transi\u00e7\u00e3o energ\u00e9tica - Energia Cooperativa","robots":{"index":"index","follow":"follow","max-snippet":"max-snippet:-1","max-image-preview":"max-image-preview:large","max-video-preview":"max-video-preview:-1"},"canonical":"https:\/\/www2.energia.coop\/brasil\/blog\/inovacao-social-em-energia-um-caminho-centrado-nas-pessoas-para-reforcar-a-transicao-energetica\/","og_locale":"pt_BR","og_type":"article","og_title":"Inova\u00e7\u00e3o Social em Energia: um caminho centrado nas pessoas para refor\u00e7ar a transi\u00e7\u00e3o energ\u00e9tica - Energia Cooperativa","og_description":"Conhe\u00e7a a\u00e7\u00f5es de Inova\u00e7\u00e3o Social em Energia, que promovem mudan\u00e7as nas formas de fazer, pensar e organizar a energia e s\u00e3o fundamentais para a transi\u00e7\u00e3o energ\u00e9tica sustent\u00e1vel!","og_url":"https:\/\/www2.energia.coop\/brasil\/blog\/inovacao-social-em-energia-um-caminho-centrado-nas-pessoas-para-reforcar-a-transicao-energetica\/","og_site_name":"Energia Cooperativa","article_published_time":"2022-06-06T17:44:05+00:00","article_modified_time":"2022-06-06T20:55:17+00:00","og_image":[{"width":2560,"height":1696,"url":"https:\/\/www2.energia.coop\/brasil\/wp-content\/uploads\/2022\/06\/Westmill_Solar_Cooperative_1-scaled.jpg","type":"image\/jpeg"}],"author":"energia","twitter_card":"summary_large_image","twitter_misc":{"Escrito por":"energia","Est. tempo de leitura":"6 minutos"},"schema":{"@context":"https:\/\/schema.org","@graph":[{"@type":"Article","@id":"https:\/\/www2.energia.coop\/brasil\/blog\/inovacao-social-em-energia-um-caminho-centrado-nas-pessoas-para-reforcar-a-transicao-energetica\/#article","isPartOf":{"@id":"https:\/\/www2.energia.coop\/brasil\/blog\/inovacao-social-em-energia-um-caminho-centrado-nas-pessoas-para-reforcar-a-transicao-energetica\/"},"author":{"name":"energia","@id":"https:\/\/www2.energia.coop\/brasil\/#\/schema\/person\/697a7871a4ef9404cd3df0f0d84f2ccd"},"headline":"Inova\u00e7\u00e3o Social em Energia: um caminho centrado nas pessoas para refor\u00e7ar a transi\u00e7\u00e3o energ\u00e9tica","datePublished":"2022-06-06T17:44:05+00:00","dateModified":"2022-06-06T20:55:17+00:00","mainEntityOfPage":{"@id":"https:\/\/www2.energia.coop\/brasil\/blog\/inovacao-social-em-energia-um-caminho-centrado-nas-pessoas-para-reforcar-a-transicao-energetica\/"},"wordCount":1192,"commentCount":0,"image":{"@id":"https:\/\/www2.energia.coop\/brasil\/blog\/inovacao-social-em-energia-um-caminho-centrado-nas-pessoas-para-reforcar-a-transicao-energetica\/#primaryimage"},"thumbnailUrl":"https:\/\/www2.energia.coop\/brasil\/wp-content\/uploads\/2022\/06\/Westmill_Solar_Cooperative_1-scaled.jpg","keywords":["Energia Cooperativa"],"articleSection":["Blog","Destaque Principal"],"inLanguage":"pt-BR","potentialAction":[{"@type":"CommentAction","name":"Comment","target":["https:\/\/www2.energia.coop\/brasil\/blog\/inovacao-social-em-energia-um-caminho-centrado-nas-pessoas-para-reforcar-a-transicao-energetica\/#respond"]}]},{"@type":"WebPage","@id":"https:\/\/www2.energia.coop\/brasil\/blog\/inovacao-social-em-energia-um-caminho-centrado-nas-pessoas-para-reforcar-a-transicao-energetica\/","url":"https:\/\/www2.energia.coop\/brasil\/blog\/inovacao-social-em-energia-um-caminho-centrado-nas-pessoas-para-reforcar-a-transicao-energetica\/","name":"Inova\u00e7\u00e3o Social em Energia: um caminho centrado nas pessoas para refor\u00e7ar a transi\u00e7\u00e3o energ\u00e9tica - Energia Cooperativa","isPartOf":{"@id":"https:\/\/www2.energia.coop\/brasil\/#website"},"primaryImageOfPage":{"@id":"https:\/\/www2.energia.coop\/brasil\/blog\/inovacao-social-em-energia-um-caminho-centrado-nas-pessoas-para-reforcar-a-transicao-energetica\/#primaryimage"},"image":{"@id":"https:\/\/www2.energia.coop\/brasil\/blog\/inovacao-social-em-energia-um-caminho-centrado-nas-pessoas-para-reforcar-a-transicao-energetica\/#primaryimage"},"thumbnailUrl":"https:\/\/www2.energia.coop\/brasil\/wp-content\/uploads\/2022\/06\/Westmill_Solar_Cooperative_1-scaled.jpg","datePublished":"2022-06-06T17:44:05+00:00","dateModified":"2022-06-06T20:55:17+00:00","author":{"@id":"https:\/\/www2.energia.coop\/brasil\/#\/schema\/person\/697a7871a4ef9404cd3df0f0d84f2ccd"},"inLanguage":"pt-BR","potentialAction":[{"@type":"ReadAction","target":["https:\/\/www2.energia.coop\/brasil\/blog\/inovacao-social-em-energia-um-caminho-centrado-nas-pessoas-para-reforcar-a-transicao-energetica\/"]}]},{"@type":"ImageObject","inLanguage":"pt-BR","@id":"https:\/\/www2.energia.coop\/brasil\/blog\/inovacao-social-em-energia-um-caminho-centrado-nas-pessoas-para-reforcar-a-transicao-energetica\/#primaryimage","url":"https:\/\/www2.energia.coop\/brasil\/wp-content\/uploads\/2022\/06\/Westmill_Solar_Cooperative_1-scaled.jpg","contentUrl":"https:\/\/www2.energia.coop\/brasil\/wp-content\/uploads\/2022\/06\/Westmill_Solar_Cooperative_1-scaled.jpg","width":2560,"height":1696},{"@type":"WebSite","@id":"https:\/\/www2.energia.coop\/brasil\/#website","url":"https:\/\/www2.energia.coop\/brasil\/","name":"Energia Cooperativa","description":"","potentialAction":[{"@type":"SearchAction","target":{"@type":"EntryPoint","urlTemplate":"https:\/\/www2.energia.coop\/brasil\/?s={search_term_string}"},"query-input":{"@type":"PropertyValueSpecification","valueRequired":true,"valueName":"search_term_string"}}],"inLanguage":"pt-BR"},{"@type":"Person","@id":"https:\/\/www2.energia.coop\/brasil\/#\/schema\/person\/697a7871a4ef9404cd3df0f0d84f2ccd","name":"energia","image":{"@type":"ImageObject","inLanguage":"pt-BR","@id":"https:\/\/secure.gravatar.com\/avatar\/1f8d6461d2fb019dc81242feecb0c723ed1144bb91b43857997f664435ea5c52?s=96&d=mm&r=g","url":"https:\/\/secure.gravatar.com\/avatar\/1f8d6461d2fb019dc81242feecb0c723ed1144bb91b43857997f664435ea5c52?s=96&d=mm&r=g","contentUrl":"https:\/\/secure.gravatar.com\/avatar\/1f8d6461d2fb019dc81242feecb0c723ed1144bb91b43857997f664435ea5c52?s=96&d=mm&r=g","caption":"energia"},"url":"https:\/\/www2.energia.coop\/brasil\/author\/energia\/"}]}},"_links":{"self":[{"href":"https:\/\/www2.energia.coop\/brasil\/wp-json\/wp\/v2\/posts\/1661","targetHints":{"allow":["GET"]}}],"collection":[{"href":"https:\/\/www2.energia.coop\/brasil\/wp-json\/wp\/v2\/posts"}],"about":[{"href":"https:\/\/www2.energia.coop\/brasil\/wp-json\/wp\/v2\/types\/post"}],"author":[{"embeddable":true,"href":"https:\/\/www2.energia.coop\/brasil\/wp-json\/wp\/v2\/users\/2"}],"replies":[{"embeddable":true,"href":"https:\/\/www2.energia.coop\/brasil\/wp-json\/wp\/v2\/comments?post=1661"}],"version-history":[{"count":0,"href":"https:\/\/www2.energia.coop\/brasil\/wp-json\/wp\/v2\/posts\/1661\/revisions"}],"wp:featuredmedia":[{"embeddable":true,"href":"https:\/\/www2.energia.coop\/brasil\/wp-json\/wp\/v2\/media\/1663"}],"wp:attachment":[{"href":"https:\/\/www2.energia.coop\/brasil\/wp-json\/wp\/v2\/media?parent=1661"}],"wp:term":[{"taxonomy":"category","embeddable":true,"href":"https:\/\/www2.energia.coop\/brasil\/wp-json\/wp\/v2\/categories?post=1661"},{"taxonomy":"post_tag","embeddable":true,"href":"https:\/\/www2.energia.coop\/brasil\/wp-json\/wp\/v2\/tags?post=1661"}],"curies":[{"name":"wp","href":"https:\/\/api.w.org\/{rel}","templated":true}]}}