

{"id":1652,"date":"2022-05-06T16:23:08","date_gmt":"2022-05-06T19:23:08","guid":{"rendered":"https:\/\/www2.energia.coop\/brasil\/biblioteca\/marco-legal-da-gd-o-que-muda-para-as-cooperativas-2\/"},"modified":"2022-08-16T08:45:58","modified_gmt":"2022-08-16T11:45:58","slug":"agencia-internacional-de-energias-renovaveis-propoe-aceleracao-da-transicao-energetica-e-destaca-importancia-da-energia-cooperativa","status":"publish","type":"post","link":"https:\/\/www2.energia.coop\/brasil\/blog\/agencia-internacional-de-energias-renovaveis-propoe-aceleracao-da-transicao-energetica-e-destaca-importancia-da-energia-cooperativa\/","title":{"rendered":"Ag\u00eancia Internacional de Energias Renov\u00e1veis prop\u00f5e acelera\u00e7\u00e3o da transi\u00e7\u00e3o energ\u00e9tica e destaca import\u00e2ncia da energia cooperativa"},"content":{"rendered":"<p><span style=\"font-weight: 400;\">Eletrifica\u00e7\u00e3o e efici\u00eancia como impulsionadores da transi\u00e7\u00e3o energ\u00e9tica, possibilitada por energias renov\u00e1veis, hidrog\u00eanio e biomassa sustent\u00e1vel. Esse \u00e9 o caminho proposto pela Ag\u00eancia Internacional para as Energias Renov\u00e1veis (Irena) no relat\u00f3rio <\/span><span style=\"text-decoration: underline; color: #008080;\"><a style=\"color: #008080; text-decoration: underline;\" href=\"https:\/\/irena.org\/publications\/2022\/Mar\/World-Energy-Transitions-Outlook-2022\"><span style=\"font-weight: 400;\">World Energy Transitions Outlook 2022 \u2013 1.5\u00b0 C Pathway<\/span><\/a><\/span><span style=\"font-weight: 400;\">, para superar as crises energ\u00e9tica e clim\u00e1tica, como a<\/span>firmou Francesco La Camera, Diretor-Geral da Irena, durante o lan\u00e7amento do estudo, no dia 29 de mar\u00e7o de 2022, no Di\u00e1logo de Transi\u00e7\u00e3o Energ\u00e9tica de Berlim:<\/p>\n<blockquote><p><strong><span style=\"color: #008080;\">\u201cA transi\u00e7\u00e3o energ\u00e9tica est\u00e1 longe de estar no caminho certo e tudo que esteja abaixo de uma a\u00e7\u00e3o radical nos pr\u00f3ximos anos ir\u00e1 diminuir, ou at\u00e9 mesmo eliminar as chances de alcan\u00e7armos nossos objetivos clim\u00e1ticos\u201d\u00a0<\/span><\/strong><\/p><\/blockquote>\n<p>O relat\u00f3rio de 348 p\u00e1ginas aborda a dire\u00e7\u00e3o para que o mundo cumpra o Acordo de Paris. Em 2015, os signat\u00e1rios da Conven\u00e7\u00e3o Quadro da Organiza\u00e7\u00e3o das Na\u00e7\u00f5es Unidas (ONU) sobre Mudan\u00e7as Clim\u00e1ticas concordaram em unir esfor\u00e7os para tentar limitar o aumento das temperaturas globais at\u00e9 2050 a 1,5\u00b0C acima dos n\u00edveis pr\u00e9-industriais.<\/p>\n<h4>Energia cooperativa<\/h4>\n<p>No cap\u00edtulo 2, ao discutir as \u201cPol\u00edticas para uma transi\u00e7\u00e3o energ\u00e9tica justa\u201d, o relat\u00f3rio refor\u00e7a a import\u00e2ncia de os governos adotarem um conjunto amplo de medidas pol\u00edticas para atingir a meta clim\u00e1tica e destaca a participa\u00e7\u00e3o das comunidades. \u201cA energia comunit\u00e1ria \u2013 a participa\u00e7\u00e3o econ\u00f4mica e operacional e a propriedade de cidad\u00e3os ou membros de uma comunidade em um projeto de energia renov\u00e1vel \u2013 pode desempenhar um papel importante na acelera\u00e7\u00e3o da implanta\u00e7\u00e3o de energias renov\u00e1veis, gerando benef\u00edcios socioecon\u00f4micos locais e aumentando o apoio p\u00fablico \u00e0s transi\u00e7\u00f5es energ\u00e9ticas locais.\u201d<\/p>\n<p>Para a Irena, os formuladores de pol\u00edticas p\u00fablicas deveriam facilitar a execu\u00e7\u00e3o de projetos comunit\u00e1rios de energia, criar medidas financeiras para reduzir o risco de atividades iniciais e compensar os custos de capital. Tamb\u00e9m poderiam fornecer \u00e0s comunidades acesso a financiamento acess\u00edvel e de baixo custo. O relat\u00f3rio destaca que pa\u00edses como Alemanha, Dinamarca e Jap\u00e3o j\u00e1 contam com diversas formas de energia comunit\u00e1ria que incentivam a participa\u00e7\u00e3o em projetos de energia renov\u00e1vel ao mesmo tempo que aceleram o desenvolvimento socioecon\u00f4mico local.<\/p>\n<p>Clique aqui para saber mais sobre o que chamamos de <a href=\"https:\/\/www2.energia.coop\/brasil\"><span style=\"text-decoration: underline; color: #008080;\">Energia Cooperativa<\/span><\/a>.<\/p>\n<h4>A\u00e7\u00f5es adequadas at\u00e9 2030<\/h4>\n<p><span style=\"font-weight: 400;\">O Outlook 2022 alerta para a import\u00e2ncia dos pr\u00f3ximos oito anos para atingir o objetivo:<\/span><\/p>\n<blockquote><p><span style=\"font-weight: 400;\"><strong><span style=\"color: #008080;\">\u201cPara alcan\u00e7ar a meta clim\u00e1tica de 2050 s\u00e3o necess\u00e1rias a\u00e7\u00f5es adequadas at\u00e9 2030, com os pr\u00f3ximos oito anos sendo cr\u00edticos para acelerar a transi\u00e7\u00e3o baseada em energias renov\u00e1veis. Qualquer falha de curto prazo na a\u00e7\u00e3o reduzir\u00e1 ainda mais a chance de permanecer no caminho para a meta clim\u00e1tica de 1,5\u00b0C. A a\u00e7\u00e3o acelerada \u00e9 uma estrat\u00e9gia sem arrependimentos e, quando cuidadosamente implementada, resultar\u00e1 em benef\u00edcios de uma transi\u00e7\u00e3o energ\u00e9tica justa e inclusiva\u201d<\/span><\/strong>\u00a0<\/span><\/p><\/blockquote>\n<p><span style=\"font-weight: 400;\">As crises pelas quais o mundo passa, agravadas em 2022, s\u00e3o ressaltadas pela Irena para mostrar a import\u00e2ncia da a\u00e7\u00e3o. Com a guerra na Ucr\u00e2nia, por exemplo, os pre\u00e7os de \u00f3leo e g\u00e1s passaram a subir ainda mais. A pandemia de Covid-19 tamb\u00e9m tem dificultado os esfor\u00e7os de recupera\u00e7\u00e3o econ\u00f4mica, com os cidad\u00e3os cada vez mais preocupados com suas contas de energia. Al\u00e9m disso, o Painel Intergovernamental sobre Mudan\u00e7as Clim\u00e1ticas (IPCC) aponta que entre 3,3 e 3,6 bilh\u00f5es de pessoas vivem em ambientes altamente vulner\u00e1veis \u00e0s mudan\u00e7as clim\u00e1ticas.\u00a0<\/span><\/p>\n<p><span style=\"font-weight: 400;\">\u201cEsse caminho, que requer uma mudan\u00e7a maci\u00e7a na forma como as sociedades produzem e consomem energia, resultaria em um corte de quase 37 gigatoneladas de emiss\u00f5es de CO2 por ano at\u00e9 2050. Essas redu\u00e7\u00f5es podem ser alcan\u00e7adas da seguinte forma: 1) aumentos significativos na gera\u00e7\u00e3o e uso direto de energias renov\u00e1veis baseados em eletricidade; 2) melhorias substanciais na efici\u00eancia energ\u00e9tica; 3) a eletrifica\u00e7\u00e3o de setores de uso final \u2013 por exemplo, ve\u00edculos el\u00e9tricos<\/span><span style=\"font-weight: 400;\"> e bombas de calor<\/span><span style=\"font-weight: 400;\">; 4) hidrog\u00eanio limpo e seus derivados; 5) bioenergia aliada \u00e0 captura e armazenamento de carbono; e 6) uso de \u00faltima milha de captura e armazenamento de carbono\u201d. (Confira no gr\u00e1fico abaixo).<\/span><\/p>\n<p><img loading=\"lazy\" decoding=\"async\" class=\" wp-image-1655 aligncenter\" src=\"https:\/\/www2.energia.coop\/brasil\/wp-content\/uploads\/2022\/05\/881.png\" alt=\"\" width=\"1096\" height=\"617\" srcset=\"https:\/\/www2.energia.coop\/brasil\/wp-content\/uploads\/2022\/05\/881.png 1226w, https:\/\/www2.energia.coop\/brasil\/wp-content\/uploads\/2022\/05\/881-300x169.png 300w, https:\/\/www2.energia.coop\/brasil\/wp-content\/uploads\/2022\/05\/881-1024x576.png 1024w, https:\/\/www2.energia.coop\/brasil\/wp-content\/uploads\/2022\/05\/881-768x432.png 768w\" sizes=\"auto, (max-width: 1096px) 100vw, 1096px\" \/><\/p>\n<p><span style=\"font-weight: 400;\">De acordo com o relat\u00f3rio, as energias renov\u00e1veis deveriam ser escaladas massivamente por todos os setores, dos atuais 14% da energia total atual at\u00e9 cerca de 40% em 2030. Dessa forma, as adi\u00e7\u00f5es globais anuais de energia renov\u00e1vel triplicariam at\u00e9 2030, conforme recomendado pelo Painel Intergovernamental sobre Mudan\u00e7as Clim\u00e1ticas (IPCC). Ao mesmo tempo, a energia do carv\u00e3o deveria ser substitu\u00edda, os ativos dos combust\u00edveis f\u00f3sseis eliminados e a infraestrutura atualizada.<\/span><\/p>\n<h4>Investimento de US$ 5,7 trilh\u00f5es por ano<\/h4>\n<p><span style=\"font-weight: 400;\">Para manter a temperatura nos n\u00edveis propostos, o relat\u00f3rio prev\u00ea necessidades de investimento de 5,7 trilh\u00f5es de d\u00f3lares por ano at\u00e9 2030. \u201cAs decis\u00f5es de investimento s\u00e3o de longa dura\u00e7\u00e3o, e os riscos de ativos retidos s\u00e3o altos, portanto, as decis\u00f5es devem ser guiadas pela l\u00f3gica de longo prazo\u201d, diz o documento. Al\u00e9m disso, a Irena aponta que 0,7 trilh\u00f5es de d\u00f3lares devem ser retirados dos combust\u00edveis f\u00f3sseis e redirecionados para tecnologias de transi\u00e7\u00e3o energ\u00e9tica.\u00a0<\/span><\/p>\n<p><span style=\"font-weight: 400;\">Os n\u00fameros podem ser considerados altos, mas devem trazer n\u00e3o s\u00f3 uma melhora energ\u00e9tica como bem estar e benef\u00edcios para a popula\u00e7\u00e3o. Segundo o relat\u00f3rio, at\u00e9 2030, a transi\u00e7\u00e3o energ\u00e9tica promete criar 85 milh\u00f5es de empregos adicionais em rela\u00e7\u00e3o a 2019 e resultar\u00e1 em aumento no Produto Interno Bruto (PIB) global. Isso compensaria as perdas de 12 milh\u00f5es de empregos nas ind\u00fastrias de combust\u00edvel f\u00f3ssil e nuclear.<\/span><\/p>\n<p><span style=\"font-weight: 400;\">Para isso tamb\u00e9m ser\u00e1 fundamental investir em educa\u00e7\u00e3o. \u201cAtender \u00e0 capacidade de recursos humanos necess\u00e1ria para preencher esses empregos rec\u00e9m-criados exige uma amplia\u00e7\u00e3o dos programas de educa\u00e7\u00e3o e treinamento, bem como medidas destinadas a construir uma for\u00e7a de trabalho de transi\u00e7\u00e3o inclusiva e equilibrada em termos de g\u00eanero. Embora o PIB global seja impulsionado sob a trajet\u00f3ria de 1,5\u00b0C, a an\u00e1lise apresentada no relat\u00f3rio revela que as varia\u00e7\u00f5es regionais e nacionais depender\u00e3o muito de pol\u00edticas e medidas regulat\u00f3rias e fluxos cooperativos internacionais de assist\u00eancia financeira e conhecimento.\u201d<\/span><\/p>\n<h4>A Irena<\/h4>\n<p><span style=\"font-weight: 400;\">A IRENA \u00e9 a Ag\u00eancia Intergovernamental para a Transforma\u00e7\u00e3o Energ\u00e9tica global. Ela apoia os pa\u00edses em sua transi\u00e7\u00e3o para um futuro energ\u00e9tico sustent\u00e1vel e atua como a principal plataforma para a coopera\u00e7\u00e3o internacional, um centro de excel\u00eancia e um reposit\u00f3rio de conhecimento das pol\u00edticas, tecnologia, recursos e conhecimento financeiro de energias renov\u00e1veis. Tem 167 membros (166 estados e a Uni\u00e3o Europeia) e 17 pa\u00edses adicionais em processo de ades\u00e3o.\u00a0<\/span><\/p>\n<p>&nbsp;<\/p>\n<p><span data-contrast=\"none\">Autor: <span style=\"font-weight: 400;\">Maur\u00edcio Frighetto<\/span> (Instituto Ideal) <\/span><span data-ccp-props=\"{&quot;201341983&quot;:0,&quot;335551550&quot;:6,&quot;335551620&quot;:6,&quot;335559740&quot;:276}\">\u00a0<\/span><\/p>\n<p>Colabora\u00e7\u00e3o: <span style=\"font-weight: 400;\">Kathlen Schneider <span data-contrast=\"none\">(Instituto Ideal)<\/span> e <\/span>Camila Japp (DGRV)<\/p>\n<p><i><span data-contrast=\"none\">Publicado em 06<\/span><\/i><i><span data-contrast=\"none\">\/05<\/span><\/i><i><span data-contrast=\"none\">\/2022<\/span><\/i><span data-ccp-props=\"{&quot;201341983&quot;:0,&quot;335551550&quot;:6,&quot;335551620&quot;:6,&quot;335559740&quot;:276}\">\u00a0<\/span><\/p>\n<hr \/>\n<h3><span data-ccp-props=\"{&quot;201341983&quot;:0,&quot;335551550&quot;:6,&quot;335551620&quot;:6,&quot;335559740&quot;:276}\">\u00a0<\/span><b><span data-contrast=\"none\">Saiba mais<\/span><\/b><span data-ccp-props=\"{&quot;201341983&quot;:0,&quot;335551550&quot;:6,&quot;335551620&quot;:6,&quot;335559740&quot;:276}\">\u00a0<\/span><\/h3>\n<p><span style=\"text-decoration: underline; color: #008080;\"><a style=\"color: #008080; text-decoration: underline;\" href=\"https:\/\/irena.org\/publications\/2022\/Mar\/World-Energy-Transitions-Outlook-2022\"><span style=\"font-weight: 400;\">World Energy Transitions Outlook 2022 \u2013 1.5\u00b0 C Pathway<\/span><\/a><\/span><\/p>\n<p><span style=\"text-decoration: underline; color: #008080;\"><a style=\"color: #008080; text-decoration: underline;\" href=\"https:\/\/www.irena.org\/\"><span style=\"font-weight: 400;\">Portal da Irena<\/span><\/a><\/span><\/p>\n<p><span style=\"text-decoration: underline; color: #008080;\"><a style=\"color: #008080; text-decoration: underline;\" href=\"https:\/\/www.irena.org\/-\/media\/Files\/IRENA\/Agency\/Press-Release\/2022\/Mar\/WETO\/WETO_2022_Press_Release_PT.pdf?la=en&amp;hash=EA67901C5C9D272BCB2B32DB207413E6BD6DBFC3\"><span style=\"font-weight: 400;\">Release da Irena em Portugu\u00eas <\/span><\/a><\/span><\/p>\n","protected":false},"excerpt":{"rendered":"<p>Saiba mais sobre o caminho proposto para superar as crises energ\u00e9tica e clim\u00e1tica pela Ag\u00eancia Internacional para as Energias Renov\u00e1veis (Irena) no relat\u00f3rio World Energy Transitions Outlook 2022 \u2013 1.5\u00b0 C Pathway.<\/p>\n","protected":false},"author":2,"featured_media":1654,"comment_status":"open","ping_status":"open","sticky":false,"template":"","format":"standard","meta":{"_acf_changed":false,"footnotes":""},"categories":[44],"tags":[55],"class_list":["post-1652","post","type-post","status-publish","format-standard","has-post-thumbnail","hentry","category-blog","tag-energia-cooperativa"],"acf":[],"yoast_head":"<!-- This site is optimized with the Yoast SEO plugin v27.4 - https:\/\/yoast.com\/product\/yoast-seo-wordpress\/ -->\n<title>Ag\u00eancia Internacional de Energias Renov\u00e1veis prop\u00f5e acelera\u00e7\u00e3o da transi\u00e7\u00e3o energ\u00e9tica e destaca import\u00e2ncia da energia cooperativa - Energia Cooperativa<\/title>\n<meta name=\"robots\" content=\"index, follow, max-snippet:-1, max-image-preview:large, max-video-preview:-1\" \/>\n<link rel=\"canonical\" href=\"https:\/\/www2.energia.coop\/brasil\/blog\/agencia-internacional-de-energias-renovaveis-propoe-aceleracao-da-transicao-energetica-e-destaca-importancia-da-energia-cooperativa\/\" \/>\n<meta property=\"og:locale\" content=\"pt_BR\" \/>\n<meta property=\"og:type\" content=\"article\" \/>\n<meta property=\"og:title\" content=\"Ag\u00eancia Internacional de Energias Renov\u00e1veis prop\u00f5e acelera\u00e7\u00e3o da transi\u00e7\u00e3o energ\u00e9tica e destaca import\u00e2ncia da energia cooperativa - Energia Cooperativa\" \/>\n<meta property=\"og:description\" content=\"Saiba mais sobre o caminho proposto para superar as crises energ\u00e9tica e clim\u00e1tica pela Ag\u00eancia Internacional para as Energias Renov\u00e1veis (Irena) no relat\u00f3rio World Energy Transitions Outlook 2022 \u2013 1.5\u00b0 C Pathway.\" \/>\n<meta property=\"og:url\" content=\"https:\/\/www2.energia.coop\/brasil\/blog\/agencia-internacional-de-energias-renovaveis-propoe-aceleracao-da-transicao-energetica-e-destaca-importancia-da-energia-cooperativa\/\" \/>\n<meta property=\"og:site_name\" content=\"Energia Cooperativa\" \/>\n<meta property=\"article:published_time\" content=\"2022-05-06T19:23:08+00:00\" \/>\n<meta property=\"article:modified_time\" content=\"2022-08-16T11:45:58+00:00\" \/>\n<meta property=\"og:image\" content=\"https:\/\/www2.energia.coop\/brasil\/wp-content\/uploads\/2022\/05\/88.jpg\" \/>\n\t<meta property=\"og:image:width\" content=\"1200\" \/>\n\t<meta property=\"og:image:height\" content=\"627\" \/>\n\t<meta property=\"og:image:type\" content=\"image\/jpeg\" \/>\n<meta name=\"author\" content=\"energia\" \/>\n<meta name=\"twitter:card\" content=\"summary_large_image\" \/>\n<meta name=\"twitter:label1\" content=\"Escrito por\" \/>\n\t<meta name=\"twitter:data1\" content=\"energia\" \/>\n\t<meta name=\"twitter:label2\" content=\"Est. tempo de leitura\" \/>\n\t<meta name=\"twitter:data2\" content=\"6 minutos\" \/>\n<script type=\"application\/ld+json\" class=\"yoast-schema-graph\">{\"@context\":\"https:\\\/\\\/schema.org\",\"@graph\":[{\"@type\":\"Article\",\"@id\":\"https:\\\/\\\/www2.energia.coop\\\/brasil\\\/blog\\\/agencia-internacional-de-energias-renovaveis-propoe-aceleracao-da-transicao-energetica-e-destaca-importancia-da-energia-cooperativa\\\/#article\",\"isPartOf\":{\"@id\":\"https:\\\/\\\/www2.energia.coop\\\/brasil\\\/blog\\\/agencia-internacional-de-energias-renovaveis-propoe-aceleracao-da-transicao-energetica-e-destaca-importancia-da-energia-cooperativa\\\/\"},\"author\":{\"name\":\"energia\",\"@id\":\"https:\\\/\\\/www2.energia.coop\\\/brasil\\\/#\\\/schema\\\/person\\\/697a7871a4ef9404cd3df0f0d84f2ccd\"},\"headline\":\"Ag\u00eancia Internacional de Energias Renov\u00e1veis prop\u00f5e acelera\u00e7\u00e3o da transi\u00e7\u00e3o energ\u00e9tica e destaca import\u00e2ncia da energia cooperativa\",\"datePublished\":\"2022-05-06T19:23:08+00:00\",\"dateModified\":\"2022-08-16T11:45:58+00:00\",\"mainEntityOfPage\":{\"@id\":\"https:\\\/\\\/www2.energia.coop\\\/brasil\\\/blog\\\/agencia-internacional-de-energias-renovaveis-propoe-aceleracao-da-transicao-energetica-e-destaca-importancia-da-energia-cooperativa\\\/\"},\"wordCount\":1219,\"commentCount\":0,\"image\":{\"@id\":\"https:\\\/\\\/www2.energia.coop\\\/brasil\\\/blog\\\/agencia-internacional-de-energias-renovaveis-propoe-aceleracao-da-transicao-energetica-e-destaca-importancia-da-energia-cooperativa\\\/#primaryimage\"},\"thumbnailUrl\":\"https:\\\/\\\/www2.energia.coop\\\/brasil\\\/wp-content\\\/uploads\\\/2022\\\/05\\\/88.jpg\",\"keywords\":[\"Energia Cooperativa\"],\"articleSection\":[\"Blog\"],\"inLanguage\":\"pt-BR\",\"potentialAction\":[{\"@type\":\"CommentAction\",\"name\":\"Comment\",\"target\":[\"https:\\\/\\\/www2.energia.coop\\\/brasil\\\/blog\\\/agencia-internacional-de-energias-renovaveis-propoe-aceleracao-da-transicao-energetica-e-destaca-importancia-da-energia-cooperativa\\\/#respond\"]}]},{\"@type\":\"WebPage\",\"@id\":\"https:\\\/\\\/www2.energia.coop\\\/brasil\\\/blog\\\/agencia-internacional-de-energias-renovaveis-propoe-aceleracao-da-transicao-energetica-e-destaca-importancia-da-energia-cooperativa\\\/\",\"url\":\"https:\\\/\\\/www2.energia.coop\\\/brasil\\\/blog\\\/agencia-internacional-de-energias-renovaveis-propoe-aceleracao-da-transicao-energetica-e-destaca-importancia-da-energia-cooperativa\\\/\",\"name\":\"Ag\u00eancia Internacional de Energias Renov\u00e1veis prop\u00f5e acelera\u00e7\u00e3o da transi\u00e7\u00e3o energ\u00e9tica e destaca import\u00e2ncia da energia cooperativa - Energia Cooperativa\",\"isPartOf\":{\"@id\":\"https:\\\/\\\/www2.energia.coop\\\/brasil\\\/#website\"},\"primaryImageOfPage\":{\"@id\":\"https:\\\/\\\/www2.energia.coop\\\/brasil\\\/blog\\\/agencia-internacional-de-energias-renovaveis-propoe-aceleracao-da-transicao-energetica-e-destaca-importancia-da-energia-cooperativa\\\/#primaryimage\"},\"image\":{\"@id\":\"https:\\\/\\\/www2.energia.coop\\\/brasil\\\/blog\\\/agencia-internacional-de-energias-renovaveis-propoe-aceleracao-da-transicao-energetica-e-destaca-importancia-da-energia-cooperativa\\\/#primaryimage\"},\"thumbnailUrl\":\"https:\\\/\\\/www2.energia.coop\\\/brasil\\\/wp-content\\\/uploads\\\/2022\\\/05\\\/88.jpg\",\"datePublished\":\"2022-05-06T19:23:08+00:00\",\"dateModified\":\"2022-08-16T11:45:58+00:00\",\"author\":{\"@id\":\"https:\\\/\\\/www2.energia.coop\\\/brasil\\\/#\\\/schema\\\/person\\\/697a7871a4ef9404cd3df0f0d84f2ccd\"},\"inLanguage\":\"pt-BR\",\"potentialAction\":[{\"@type\":\"ReadAction\",\"target\":[\"https:\\\/\\\/www2.energia.coop\\\/brasil\\\/blog\\\/agencia-internacional-de-energias-renovaveis-propoe-aceleracao-da-transicao-energetica-e-destaca-importancia-da-energia-cooperativa\\\/\"]}]},{\"@type\":\"ImageObject\",\"inLanguage\":\"pt-BR\",\"@id\":\"https:\\\/\\\/www2.energia.coop\\\/brasil\\\/blog\\\/agencia-internacional-de-energias-renovaveis-propoe-aceleracao-da-transicao-energetica-e-destaca-importancia-da-energia-cooperativa\\\/#primaryimage\",\"url\":\"https:\\\/\\\/www2.energia.coop\\\/brasil\\\/wp-content\\\/uploads\\\/2022\\\/05\\\/88.jpg\",\"contentUrl\":\"https:\\\/\\\/www2.energia.coop\\\/brasil\\\/wp-content\\\/uploads\\\/2022\\\/05\\\/88.jpg\",\"width\":1200,\"height\":627},{\"@type\":\"WebSite\",\"@id\":\"https:\\\/\\\/www2.energia.coop\\\/brasil\\\/#website\",\"url\":\"https:\\\/\\\/www2.energia.coop\\\/brasil\\\/\",\"name\":\"Energia Cooperativa\",\"description\":\"\",\"potentialAction\":[{\"@type\":\"SearchAction\",\"target\":{\"@type\":\"EntryPoint\",\"urlTemplate\":\"https:\\\/\\\/www2.energia.coop\\\/brasil\\\/?s={search_term_string}\"},\"query-input\":{\"@type\":\"PropertyValueSpecification\",\"valueRequired\":true,\"valueName\":\"search_term_string\"}}],\"inLanguage\":\"pt-BR\"},{\"@type\":\"Person\",\"@id\":\"https:\\\/\\\/www2.energia.coop\\\/brasil\\\/#\\\/schema\\\/person\\\/697a7871a4ef9404cd3df0f0d84f2ccd\",\"name\":\"energia\",\"image\":{\"@type\":\"ImageObject\",\"inLanguage\":\"pt-BR\",\"@id\":\"https:\\\/\\\/secure.gravatar.com\\\/avatar\\\/1f8d6461d2fb019dc81242feecb0c723ed1144bb91b43857997f664435ea5c52?s=96&d=mm&r=g\",\"url\":\"https:\\\/\\\/secure.gravatar.com\\\/avatar\\\/1f8d6461d2fb019dc81242feecb0c723ed1144bb91b43857997f664435ea5c52?s=96&d=mm&r=g\",\"contentUrl\":\"https:\\\/\\\/secure.gravatar.com\\\/avatar\\\/1f8d6461d2fb019dc81242feecb0c723ed1144bb91b43857997f664435ea5c52?s=96&d=mm&r=g\",\"caption\":\"energia\"},\"url\":\"https:\\\/\\\/www2.energia.coop\\\/brasil\\\/author\\\/energia\\\/\"}]}<\/script>\n<!-- \/ Yoast SEO plugin. -->","yoast_head_json":{"title":"Ag\u00eancia Internacional de Energias Renov\u00e1veis prop\u00f5e acelera\u00e7\u00e3o da transi\u00e7\u00e3o energ\u00e9tica e destaca import\u00e2ncia da energia cooperativa - Energia Cooperativa","robots":{"index":"index","follow":"follow","max-snippet":"max-snippet:-1","max-image-preview":"max-image-preview:large","max-video-preview":"max-video-preview:-1"},"canonical":"https:\/\/www2.energia.coop\/brasil\/blog\/agencia-internacional-de-energias-renovaveis-propoe-aceleracao-da-transicao-energetica-e-destaca-importancia-da-energia-cooperativa\/","og_locale":"pt_BR","og_type":"article","og_title":"Ag\u00eancia Internacional de Energias Renov\u00e1veis prop\u00f5e acelera\u00e7\u00e3o da transi\u00e7\u00e3o energ\u00e9tica e destaca import\u00e2ncia da energia cooperativa - Energia Cooperativa","og_description":"Saiba mais sobre o caminho proposto para superar as crises energ\u00e9tica e clim\u00e1tica pela Ag\u00eancia Internacional para as Energias Renov\u00e1veis (Irena) no relat\u00f3rio World Energy Transitions Outlook 2022 \u2013 1.5\u00b0 C Pathway.","og_url":"https:\/\/www2.energia.coop\/brasil\/blog\/agencia-internacional-de-energias-renovaveis-propoe-aceleracao-da-transicao-energetica-e-destaca-importancia-da-energia-cooperativa\/","og_site_name":"Energia Cooperativa","article_published_time":"2022-05-06T19:23:08+00:00","article_modified_time":"2022-08-16T11:45:58+00:00","og_image":[{"width":1200,"height":627,"url":"https:\/\/www2.energia.coop\/brasil\/wp-content\/uploads\/2022\/05\/88.jpg","type":"image\/jpeg"}],"author":"energia","twitter_card":"summary_large_image","twitter_misc":{"Escrito por":"energia","Est. tempo de leitura":"6 minutos"},"schema":{"@context":"https:\/\/schema.org","@graph":[{"@type":"Article","@id":"https:\/\/www2.energia.coop\/brasil\/blog\/agencia-internacional-de-energias-renovaveis-propoe-aceleracao-da-transicao-energetica-e-destaca-importancia-da-energia-cooperativa\/#article","isPartOf":{"@id":"https:\/\/www2.energia.coop\/brasil\/blog\/agencia-internacional-de-energias-renovaveis-propoe-aceleracao-da-transicao-energetica-e-destaca-importancia-da-energia-cooperativa\/"},"author":{"name":"energia","@id":"https:\/\/www2.energia.coop\/brasil\/#\/schema\/person\/697a7871a4ef9404cd3df0f0d84f2ccd"},"headline":"Ag\u00eancia Internacional de Energias Renov\u00e1veis prop\u00f5e acelera\u00e7\u00e3o da transi\u00e7\u00e3o energ\u00e9tica e destaca import\u00e2ncia da energia cooperativa","datePublished":"2022-05-06T19:23:08+00:00","dateModified":"2022-08-16T11:45:58+00:00","mainEntityOfPage":{"@id":"https:\/\/www2.energia.coop\/brasil\/blog\/agencia-internacional-de-energias-renovaveis-propoe-aceleracao-da-transicao-energetica-e-destaca-importancia-da-energia-cooperativa\/"},"wordCount":1219,"commentCount":0,"image":{"@id":"https:\/\/www2.energia.coop\/brasil\/blog\/agencia-internacional-de-energias-renovaveis-propoe-aceleracao-da-transicao-energetica-e-destaca-importancia-da-energia-cooperativa\/#primaryimage"},"thumbnailUrl":"https:\/\/www2.energia.coop\/brasil\/wp-content\/uploads\/2022\/05\/88.jpg","keywords":["Energia Cooperativa"],"articleSection":["Blog"],"inLanguage":"pt-BR","potentialAction":[{"@type":"CommentAction","name":"Comment","target":["https:\/\/www2.energia.coop\/brasil\/blog\/agencia-internacional-de-energias-renovaveis-propoe-aceleracao-da-transicao-energetica-e-destaca-importancia-da-energia-cooperativa\/#respond"]}]},{"@type":"WebPage","@id":"https:\/\/www2.energia.coop\/brasil\/blog\/agencia-internacional-de-energias-renovaveis-propoe-aceleracao-da-transicao-energetica-e-destaca-importancia-da-energia-cooperativa\/","url":"https:\/\/www2.energia.coop\/brasil\/blog\/agencia-internacional-de-energias-renovaveis-propoe-aceleracao-da-transicao-energetica-e-destaca-importancia-da-energia-cooperativa\/","name":"Ag\u00eancia Internacional de Energias Renov\u00e1veis prop\u00f5e acelera\u00e7\u00e3o da transi\u00e7\u00e3o energ\u00e9tica e destaca import\u00e2ncia da energia cooperativa - Energia Cooperativa","isPartOf":{"@id":"https:\/\/www2.energia.coop\/brasil\/#website"},"primaryImageOfPage":{"@id":"https:\/\/www2.energia.coop\/brasil\/blog\/agencia-internacional-de-energias-renovaveis-propoe-aceleracao-da-transicao-energetica-e-destaca-importancia-da-energia-cooperativa\/#primaryimage"},"image":{"@id":"https:\/\/www2.energia.coop\/brasil\/blog\/agencia-internacional-de-energias-renovaveis-propoe-aceleracao-da-transicao-energetica-e-destaca-importancia-da-energia-cooperativa\/#primaryimage"},"thumbnailUrl":"https:\/\/www2.energia.coop\/brasil\/wp-content\/uploads\/2022\/05\/88.jpg","datePublished":"2022-05-06T19:23:08+00:00","dateModified":"2022-08-16T11:45:58+00:00","author":{"@id":"https:\/\/www2.energia.coop\/brasil\/#\/schema\/person\/697a7871a4ef9404cd3df0f0d84f2ccd"},"inLanguage":"pt-BR","potentialAction":[{"@type":"ReadAction","target":["https:\/\/www2.energia.coop\/brasil\/blog\/agencia-internacional-de-energias-renovaveis-propoe-aceleracao-da-transicao-energetica-e-destaca-importancia-da-energia-cooperativa\/"]}]},{"@type":"ImageObject","inLanguage":"pt-BR","@id":"https:\/\/www2.energia.coop\/brasil\/blog\/agencia-internacional-de-energias-renovaveis-propoe-aceleracao-da-transicao-energetica-e-destaca-importancia-da-energia-cooperativa\/#primaryimage","url":"https:\/\/www2.energia.coop\/brasil\/wp-content\/uploads\/2022\/05\/88.jpg","contentUrl":"https:\/\/www2.energia.coop\/brasil\/wp-content\/uploads\/2022\/05\/88.jpg","width":1200,"height":627},{"@type":"WebSite","@id":"https:\/\/www2.energia.coop\/brasil\/#website","url":"https:\/\/www2.energia.coop\/brasil\/","name":"Energia Cooperativa","description":"","potentialAction":[{"@type":"SearchAction","target":{"@type":"EntryPoint","urlTemplate":"https:\/\/www2.energia.coop\/brasil\/?s={search_term_string}"},"query-input":{"@type":"PropertyValueSpecification","valueRequired":true,"valueName":"search_term_string"}}],"inLanguage":"pt-BR"},{"@type":"Person","@id":"https:\/\/www2.energia.coop\/brasil\/#\/schema\/person\/697a7871a4ef9404cd3df0f0d84f2ccd","name":"energia","image":{"@type":"ImageObject","inLanguage":"pt-BR","@id":"https:\/\/secure.gravatar.com\/avatar\/1f8d6461d2fb019dc81242feecb0c723ed1144bb91b43857997f664435ea5c52?s=96&d=mm&r=g","url":"https:\/\/secure.gravatar.com\/avatar\/1f8d6461d2fb019dc81242feecb0c723ed1144bb91b43857997f664435ea5c52?s=96&d=mm&r=g","contentUrl":"https:\/\/secure.gravatar.com\/avatar\/1f8d6461d2fb019dc81242feecb0c723ed1144bb91b43857997f664435ea5c52?s=96&d=mm&r=g","caption":"energia"},"url":"https:\/\/www2.energia.coop\/brasil\/author\/energia\/"}]}},"_links":{"self":[{"href":"https:\/\/www2.energia.coop\/brasil\/wp-json\/wp\/v2\/posts\/1652","targetHints":{"allow":["GET"]}}],"collection":[{"href":"https:\/\/www2.energia.coop\/brasil\/wp-json\/wp\/v2\/posts"}],"about":[{"href":"https:\/\/www2.energia.coop\/brasil\/wp-json\/wp\/v2\/types\/post"}],"author":[{"embeddable":true,"href":"https:\/\/www2.energia.coop\/brasil\/wp-json\/wp\/v2\/users\/2"}],"replies":[{"embeddable":true,"href":"https:\/\/www2.energia.coop\/brasil\/wp-json\/wp\/v2\/comments?post=1652"}],"version-history":[{"count":0,"href":"https:\/\/www2.energia.coop\/brasil\/wp-json\/wp\/v2\/posts\/1652\/revisions"}],"wp:featuredmedia":[{"embeddable":true,"href":"https:\/\/www2.energia.coop\/brasil\/wp-json\/wp\/v2\/media\/1654"}],"wp:attachment":[{"href":"https:\/\/www2.energia.coop\/brasil\/wp-json\/wp\/v2\/media?parent=1652"}],"wp:term":[{"taxonomy":"category","embeddable":true,"href":"https:\/\/www2.energia.coop\/brasil\/wp-json\/wp\/v2\/categories?post=1652"},{"taxonomy":"post_tag","embeddable":true,"href":"https:\/\/www2.energia.coop\/brasil\/wp-json\/wp\/v2\/tags?post=1652"}],"curies":[{"name":"wp","href":"https:\/\/api.w.org\/{rel}","templated":true}]}}