

{"id":1624,"date":"2022-04-19T08:48:51","date_gmt":"2022-04-19T11:48:51","guid":{"rendered":"https:\/\/www2.energia.coop\/brasil\/biblioteca\/as-comunidades-na-lideranca-da-transicao-energetica-2\/"},"modified":"2022-05-04T10:49:56","modified_gmt":"2022-05-04T13:49:56","slug":"marco-legal-da-gd-o-que-muda-para-as-cooperativas","status":"publish","type":"post","link":"https:\/\/www2.energia.coop\/brasil\/blog\/marco-legal-da-gd-o-que-muda-para-as-cooperativas\/","title":{"rendered":"Marco Legal da GD: o que muda para as cooperativas?"},"content":{"rendered":"<p>Em janeiro de 2022 foi sancionado o novo marco legal da Micro e Mini Gera\u00e7\u00e3o Distribu\u00edda. O Sistema OCB acompanhou os debates, defendeu premissas que resultaram em maior seguran\u00e7a jur\u00eddica, melhor aloca\u00e7\u00e3o de custos e manuten\u00e7\u00e3o de benef\u00edcios para o desenvolvimento da atividade.<\/p>\n<p>O cooperativismo continua fazendo sua parte na divulga\u00e7\u00e3o dos benef\u00edcios do protagonismo dos consumidores na gera\u00e7\u00e3o da sua pr\u00f3pria energia. Para isso, fizemos um resumo com os principais pontos do novo marco legal (Lei 14.300\/2022).<\/p>\n<p>&nbsp;<\/p>\n<p><img loading=\"lazy\" decoding=\"async\" class=\"aligncenter wp-image-1631 size-full\" src=\"https:\/\/www2.energia.coop\/brasil\/wp-content\/uploads\/2022\/04\/Sem-titulo-1-e1650374251791.png\" alt=\"\" width=\"1790\" height=\"630\" srcset=\"https:\/\/www2.energia.coop\/brasil\/wp-content\/uploads\/2022\/04\/Sem-titulo-1-e1650374251791.png 1790w, https:\/\/www2.energia.coop\/brasil\/wp-content\/uploads\/2022\/04\/Sem-titulo-1-e1650374251791-300x106.png 300w, https:\/\/www2.energia.coop\/brasil\/wp-content\/uploads\/2022\/04\/Sem-titulo-1-e1650374251791-1024x360.png 1024w, https:\/\/www2.energia.coop\/brasil\/wp-content\/uploads\/2022\/04\/Sem-titulo-1-e1650374251791-768x270.png 768w, https:\/\/www2.energia.coop\/brasil\/wp-content\/uploads\/2022\/04\/Sem-titulo-1-e1650374251791-1536x541.png 1536w\" sizes=\"auto, (max-width: 1790px) 100vw, 1790px\" \/><\/p>\n<p>&nbsp;<\/p>\n<h4>Destaques<\/h4>\n<p style=\"padding-left: 40px;\"><strong><span style=\"color: #ff9900;\">\u25cf<\/span><\/strong> Confere seguran\u00e7a jur\u00eddica para o modelo;<\/p>\n<p style=\"padding-left: 40px;\"><strong><span style=\"color: #ff9900;\">\u25cf<\/span> <\/strong>Oficializa o Sistema de Compensa\u00e7\u00e3o de Energia El\u00e9trica;<\/p>\n<p style=\"padding-left: 40px;\"><strong><span style=\"color: #ff9900;\">\u25cf<\/span><\/strong>\u00a0Mantem os benef\u00edcios atuais at\u00e9 2045 para as unidades consumidoras que solicitarem o parecer de acesso de seus projetos de gera\u00e7\u00e3o de energia at\u00e9 06\/01\/2023;<\/p>\n<p style=\"padding-left: 40px;\"><strong><span style=\"color: #ff9900;\">\u25cf<\/span><\/strong> Cria uma transi\u00e7\u00e3o para a redu\u00e7\u00e3o de subs\u00eddios.<\/p>\n<p>&nbsp;<\/p>\n<h4>Componentes da conta de luz<\/h4>\n<p>Para entender melhor estes benef\u00edcios, precisamos conhecer as componentes da conta de luz*:<\/p>\n<p>&nbsp;<\/p>\n<p><span data-ccp-props=\"{&quot;201341983&quot;:0,&quot;335551550&quot;:6,&quot;335551620&quot;:6,&quot;335559740&quot;:276}\"> <img loading=\"lazy\" decoding=\"async\" class=\"size-full wp-image-1626 aligncenter\" src=\"https:\/\/www2.energia.coop\/brasil\/wp-content\/uploads\/2022\/04\/Captura-de-tela-2022-04-19-090144.png\" alt=\"\" width=\"1062\" height=\"498\" srcset=\"https:\/\/www2.energia.coop\/brasil\/wp-content\/uploads\/2022\/04\/Captura-de-tela-2022-04-19-090144.png 1062w, https:\/\/www2.energia.coop\/brasil\/wp-content\/uploads\/2022\/04\/Captura-de-tela-2022-04-19-090144-300x141.png 300w, https:\/\/www2.energia.coop\/brasil\/wp-content\/uploads\/2022\/04\/Captura-de-tela-2022-04-19-090144-1024x480.png 1024w, https:\/\/www2.energia.coop\/brasil\/wp-content\/uploads\/2022\/04\/Captura-de-tela-2022-04-19-090144-768x360.png 768w\" sizes=\"auto, (max-width: 1062px) 100vw, 1062px\" \/>* A % das componentes tarif\u00e1rias apresentadas \u00e9 a m\u00e9dia observada no Brasil em 2021.<br \/>\n<\/span><\/p>\n<p>&nbsp;<\/p>\n<h4>Cen\u00e1rios com a nova lei<\/h4>\n<p><em><strong><span style=\"color: #008080;\">Caso 1 &#8211; Manuten\u00e7\u00e3o dos benef\u00edcios atuais<\/span><\/strong><\/em><\/p>\n<p>As atuais unidades consumidoras e aquelas que protocolarem solicita\u00e7\u00e3o de acesso at\u00e9 o dia 06\/01\/2023, ficam dispensadas de pagar as seguintes componentes at\u00e9 2045: custos de gera\u00e7\u00e3o de energia, transmiss\u00e3o, encargos setoriais, impostos** e perdas.<\/p>\n<p><img loading=\"lazy\" decoding=\"async\" class=\"size-full wp-image-1627 aligncenter\" src=\"https:\/\/www2.energia.coop\/brasil\/wp-content\/uploads\/2022\/04\/Captura-de-tela-2022-04-19-091635.png\" alt=\"\" width=\"1016\" height=\"438\" srcset=\"https:\/\/www2.energia.coop\/brasil\/wp-content\/uploads\/2022\/04\/Captura-de-tela-2022-04-19-091635.png 1016w, https:\/\/www2.energia.coop\/brasil\/wp-content\/uploads\/2022\/04\/Captura-de-tela-2022-04-19-091635-300x129.png 300w, https:\/\/www2.energia.coop\/brasil\/wp-content\/uploads\/2022\/04\/Captura-de-tela-2022-04-19-091635-768x331.png 768w\" sizes=\"auto, (max-width: 1016px) 100vw, 1016px\" \/><\/p>\n<p>&nbsp;<\/p>\n<p>** Ressalta-se que a componente \u201cIMPOSTOS\u201d tem uma grande influ\u00eancia do ICMS, que \u00e9 de compet\u00eancia Estadual e, por isso, um benef\u00edcio pouco representativo.<br \/>\nExistem estados que conferem a isen\u00e7\u00e3o total, estados que s\u00f3 isentam o custo de gera\u00e7\u00e3o (TE-Tarifa de Energia) e estados que n\u00e3o isentam a gera\u00e7\u00e3o realizada de forma compartilhada.<\/p>\n<p>&nbsp;<\/p>\n<p><em><strong><span style=\"color: #008080;\">Caso 2 &#8211; Transi\u00e7\u00e3o para a redu\u00e7\u00e3o de subs\u00eddios<\/span><\/strong><\/em><\/p>\n<p>Em projetos que protocolarem solicita\u00e7\u00e3o de acesso na distribui\u00e7\u00e3o ap\u00f3s 06\/01\/2023, os consumidores arcar\u00e3o progressivamente com as componentes de custo de transmiss\u00e3o, distribui\u00e7\u00e3o e perdas na conta de<br \/>\nenergia na propor\u00e7\u00e3o:<\/p>\n<p><img loading=\"lazy\" decoding=\"async\" class=\"size-full wp-image-1628 aligncenter\" src=\"https:\/\/www2.energia.coop\/brasil\/wp-content\/uploads\/2022\/04\/Captura-de-tela-2022-04-19-091838.png\" alt=\"\" width=\"1094\" height=\"565\" srcset=\"https:\/\/www2.energia.coop\/brasil\/wp-content\/uploads\/2022\/04\/Captura-de-tela-2022-04-19-091838.png 1094w, https:\/\/www2.energia.coop\/brasil\/wp-content\/uploads\/2022\/04\/Captura-de-tela-2022-04-19-091838-300x155.png 300w, https:\/\/www2.energia.coop\/brasil\/wp-content\/uploads\/2022\/04\/Captura-de-tela-2022-04-19-091838-1024x529.png 1024w, https:\/\/www2.energia.coop\/brasil\/wp-content\/uploads\/2022\/04\/Captura-de-tela-2022-04-19-091838-768x397.png 768w\" sizes=\"auto, (max-width: 1094px) 100vw, 1094px\" \/><\/p>\n<p>&nbsp;<\/p>\n<p>Desta forma, os consumidores que se enquadrarem no prazo do caso 2 pagar\u00e3o a totalidade dos seguintes componentes a partir de 2029 (em destaque):<\/p>\n<p>&nbsp;<\/p>\n<p><img loading=\"lazy\" decoding=\"async\" class=\"size-full wp-image-1629 aligncenter\" src=\"https:\/\/www2.energia.coop\/brasil\/wp-content\/uploads\/2022\/04\/2222.png\" alt=\"\" width=\"953\" height=\"458\" srcset=\"https:\/\/www2.energia.coop\/brasil\/wp-content\/uploads\/2022\/04\/2222.png 953w, https:\/\/www2.energia.coop\/brasil\/wp-content\/uploads\/2022\/04\/2222-300x144.png 300w, https:\/\/www2.energia.coop\/brasil\/wp-content\/uploads\/2022\/04\/2222-768x369.png 768w\" sizes=\"auto, (max-width: 953px) 100vw, 953px\" \/><\/p>\n<h4>A nova lei e o cooperativismo<\/h4>\n<p>A lei mant\u00e9m o cooperativismo entre as op\u00e7\u00f5es para gera\u00e7\u00e3o compartilhada, por\u00e9m amplia o rol de op\u00e7\u00f5es:<\/p>\n<blockquote><p><strong><span style=\"color: #008080;\">\u201cArt 1\u00b0 Inciso X &#8211; gera\u00e7\u00e3o compartilhada: modalidade caracterizada pela reuni\u00e3o de consumidores, por meio de cons\u00f3rcio, cooperativa, condom\u00ednio civil volunt\u00e1rio ou edil\u00edcio ou qualquer outra forma de associa\u00e7\u00e3o civil, institu\u00edda para esse fim, composta por pessoas f\u00edsicas ou jur\u00eddicas que possuam unidade consumidora com microgera\u00e7\u00e3o ou minigera\u00e7\u00e3o distribu\u00edda, com atendimento de todas as unidades consumidoras pela mesma distribuidora;\u201d<\/span><\/strong><\/p><\/blockquote>\n<h4>Incentivo<\/h4>\n<p>O incentivo \u00e0s componentes n\u00e3o pagas pelos consumidores com GD ser\u00e3o custeados, a partir de 06\/01\/2023, pela Conta de Desenvolvimento Energ\u00e9tico.<\/p>\n<p>O Conselho Nacional de Pol\u00edtica Energ\u00e9tica (CNPE) e a Ag\u00eancia Nacional de Energia El\u00e9trica (ANEEL) t\u00eam at\u00e9 06\/07\/2023 para estabelecer as diretrizes para valora\u00e7\u00e3o dos custos e dos benef\u00edcios da microgera\u00e7\u00e3o e minigera\u00e7\u00e3o distribu\u00edda.<\/p>\n<h4>Prote\u00e7\u00e3o a pequenos agentes<\/h4>\n<p>A lei cria mecanismo de prote\u00e7\u00e3o aos pequenos agentes de distribui\u00e7\u00e3o (at\u00e9 700GW) para mitigar o impacto dos custos n\u00e3o pagos pela GD, inclusive cooperativas.<\/p>\n<h4>Continua proibido<\/h4>\n<p>Comercializa\u00e7\u00e3o de energia, com exce\u00e7\u00e3o para o agente distribuidor e a convers\u00e3o de unidades geradoras pr\u00e9-existentes &#8211; que j\u00e1 realizaram opera\u00e7\u00f5es de venda de energia, seja no mercado livre (ACL) ou no mercado regulado (ACR) &#8211; de participar do Sistema de Compensa\u00e7\u00e3o.<\/p>\n<h4>Inova\u00e7\u00e3o<\/h4>\n<p>O novo marco legal incorpora o conceito de microrrede; prev\u00ea a possibilidade de venda de excedentes para o agente de distribui\u00e7\u00e3o de energia; e a ado\u00e7\u00e3o de projetos com recursos de efici\u00eancia energ\u00e9tica para gerar energia referente \u00e0 baixa renda.<\/p>\n<p>Permite, tamb\u00e9m, que as unidades consumidoras vinculadas \u00e0 gera\u00e7\u00e3o compartilhada troquem a titularidade de suas contas para o CNPJ da unidade geradora.<\/p>\n<h4>O que falta?<\/h4>\n<p>Ainda existem lacunas regulat\u00f3rias significativas relativas ao custo dos investimentos nas redes de distribui\u00e7\u00e3o para atender \u00e0 demanda gerada pela entrada da GD, e qual a rela\u00e7\u00e3o e v\u00ednculo com os investimentos prudentes previstos nos contratos de concess\u00e3o e permiss\u00e3o, al\u00e9m da equaliza\u00e7\u00e3o do fluxo reverso de energia nas redes dos diferentes agentes. Essas quest\u00f5es ser\u00e3o debatidas e regulamentadas pela ANEEL.<\/p>\n<h4>Oportunidade &#8211; tributa\u00e7\u00e3o<\/h4>\n<p>Define a atividade como produ\u00e7\u00e3o de energia para consumo pr\u00f3prio, o que abre a <strong>oportunidade para o cooperativismo (gera\u00e7\u00e3o compartilhada) pleitear novamente a <span style=\"text-decoration: underline;\"><span style=\"color: #008080;\"><a style=\"color: #008080; text-decoration: underline;\" href=\"https:\/\/www2.energia.coop\/brasil\/blog\/destaque-principal\/panorama-nacional-da-incidencia-do-icms-para-cooperativas-de-energia\/\">isen\u00e7\u00e3o de ICMS<\/a><\/span><\/span>.<\/strong><\/p>\n<h4>Benef\u00edcio importante<\/h4>\n<p>Consumidores com GD pagam bandeira tarif\u00e1ria somente sobre o saldo positivo da rela\u00e7\u00e3o energia gerada e energia consumida.<\/p>\n<h4>Resumindo<\/h4>\n<p>Foram mantidos instrumentos de incentivo ao desenvolvimento da gera\u00e7\u00e3o distribu\u00edda e inclu\u00eddos mecanismos para que o equil\u00edbrio na distribui\u00e7\u00e3o de custos aconte\u00e7a de maneira justa e sustent\u00e1vel, ao menos em longo prazo. Quanto aos aspectos regulat\u00f3rios, os dispositivos a serem implementados n\u00e3o ir\u00e3o impactar significativamente os benef\u00edcios econ\u00f4micos dos consumidores que realizam a GD, inclusive cooperativas.<\/p>\n<p>&nbsp;<\/p>\n<p><span data-contrast=\"none\">Autor: Marco Morato (OCB) <\/span><span data-ccp-props=\"{&quot;201341983&quot;:0,&quot;335551550&quot;:6,&quot;335551620&quot;:6,&quot;335559740&quot;:276}\">\u00a0<\/span><\/p>\n<p>Colabora\u00e7\u00e3o: Camila Japp (DGRV), Clara Pedroso Maffia (OCB) e Alice Roberte (OCB)<\/p>\n<p><i><span data-contrast=\"none\">Publicado em 19<\/span><\/i><i><span data-contrast=\"none\">\/04\/2022<\/span><\/i><span data-ccp-props=\"{&quot;201341983&quot;:0,&quot;335551550&quot;:6,&quot;335551620&quot;:6,&quot;335559740&quot;:276}\">\u00a0<\/span><\/p>\n<hr \/>\n<h3><span data-ccp-props=\"{&quot;201341983&quot;:0,&quot;335551550&quot;:6,&quot;335551620&quot;:6,&quot;335559740&quot;:276}\">\u00a0<\/span><b><span data-contrast=\"none\">Saiba mais<\/span><\/b><span data-ccp-props=\"{&quot;201341983&quot;:0,&quot;335551550&quot;:6,&quot;335551620&quot;:6,&quot;335559740&quot;:276}\">\u00a0<\/span><\/h3>\n<p><span data-contrast=\"none\">Sistema OCB: <a href=\"https:\/\/www.somoscooperativismo.coop.br\/\"><span style=\"color: #008080;\"><u>W<span style=\"color: #008080;\">ebsi<\/span>te<\/u><\/span><\/a><\/span><\/p>\n<p><span data-contrast=\"none\">Lei completa &#8211; Marco legal da GD: <a href=\"https:\/\/in.gov.br\/en\/web\/dou\/-\/lei-n-14.300-de-6-de-janeiro-de-2022-372467821\"><span style=\"color: #008080;\"><u>Lei 14.00\/2022<\/u><\/span><\/a><\/span><\/p>\n","protected":false},"excerpt":{"rendered":"<p>Confira os principais pontos do novo marco legal da Micro e Mini Gera\u00e7\u00e3o Distribu\u00edda (14.300\/2022) para as cooperativas de energia!<\/p>\n","protected":false},"author":2,"featured_media":1643,"comment_status":"open","ping_status":"open","sticky":false,"template":"","format":"standard","meta":{"_acf_changed":false,"footnotes":""},"categories":[44,45],"tags":[55],"class_list":["post-1624","post","type-post","status-publish","format-standard","has-post-thumbnail","hentry","category-blog","category-destaque-principal","tag-energia-cooperativa"],"acf":[],"yoast_head":"<!-- This site is optimized with the Yoast SEO plugin v27.4 - https:\/\/yoast.com\/product\/yoast-seo-wordpress\/ -->\n<title>Marco Legal da GD: o que muda para as cooperativas? - Energia Cooperativa<\/title>\n<meta name=\"robots\" content=\"index, follow, max-snippet:-1, max-image-preview:large, max-video-preview:-1\" \/>\n<link rel=\"canonical\" href=\"https:\/\/www2.energia.coop\/brasil\/blog\/marco-legal-da-gd-o-que-muda-para-as-cooperativas\/\" \/>\n<meta property=\"og:locale\" content=\"pt_BR\" \/>\n<meta property=\"og:type\" content=\"article\" \/>\n<meta property=\"og:title\" content=\"Marco Legal da GD: o que muda para as cooperativas? - Energia Cooperativa\" \/>\n<meta property=\"og:description\" content=\"Confira os principais pontos do novo marco legal da Micro e Mini Gera\u00e7\u00e3o Distribu\u00edda (14.300\/2022) para as cooperativas de energia!\" \/>\n<meta property=\"og:url\" content=\"https:\/\/www2.energia.coop\/brasil\/blog\/marco-legal-da-gd-o-que-muda-para-as-cooperativas\/\" \/>\n<meta property=\"og:site_name\" content=\"Energia Cooperativa\" \/>\n<meta property=\"article:published_time\" content=\"2022-04-19T11:48:51+00:00\" \/>\n<meta property=\"article:modified_time\" content=\"2022-05-04T13:49:56+00:00\" \/>\n<meta property=\"og:image\" content=\"https:\/\/www2.energia.coop\/brasil\/wp-content\/uploads\/2022\/04\/fa-1-e1651672180133.png\" \/>\n\t<meta property=\"og:image:width\" content=\"1500\" \/>\n\t<meta property=\"og:image:height\" content=\"712\" \/>\n\t<meta property=\"og:image:type\" content=\"image\/png\" \/>\n<meta name=\"author\" content=\"energia\" \/>\n<meta name=\"twitter:card\" content=\"summary_large_image\" \/>\n<meta name=\"twitter:label1\" content=\"Escrito por\" \/>\n\t<meta name=\"twitter:data1\" content=\"energia\" \/>\n\t<meta name=\"twitter:label2\" content=\"Est. tempo de leitura\" \/>\n\t<meta name=\"twitter:data2\" content=\"8 minutos\" \/>\n<script type=\"application\/ld+json\" class=\"yoast-schema-graph\">{\"@context\":\"https:\\\/\\\/schema.org\",\"@graph\":[{\"@type\":\"Article\",\"@id\":\"https:\\\/\\\/www2.energia.coop\\\/brasil\\\/blog\\\/marco-legal-da-gd-o-que-muda-para-as-cooperativas\\\/#article\",\"isPartOf\":{\"@id\":\"https:\\\/\\\/www2.energia.coop\\\/brasil\\\/blog\\\/marco-legal-da-gd-o-que-muda-para-as-cooperativas\\\/\"},\"author\":{\"name\":\"energia\",\"@id\":\"https:\\\/\\\/www2.energia.coop\\\/brasil\\\/#\\\/schema\\\/person\\\/697a7871a4ef9404cd3df0f0d84f2ccd\"},\"headline\":\"Marco Legal da GD: o que muda para as cooperativas?\",\"datePublished\":\"2022-04-19T11:48:51+00:00\",\"dateModified\":\"2022-05-04T13:49:56+00:00\",\"mainEntityOfPage\":{\"@id\":\"https:\\\/\\\/www2.energia.coop\\\/brasil\\\/blog\\\/marco-legal-da-gd-o-que-muda-para-as-cooperativas\\\/\"},\"wordCount\":921,\"commentCount\":0,\"image\":{\"@id\":\"https:\\\/\\\/www2.energia.coop\\\/brasil\\\/blog\\\/marco-legal-da-gd-o-que-muda-para-as-cooperativas\\\/#primaryimage\"},\"thumbnailUrl\":\"https:\\\/\\\/www2.energia.coop\\\/brasil\\\/wp-content\\\/uploads\\\/2022\\\/04\\\/fa-1-e1651672180133.png\",\"keywords\":[\"Energia Cooperativa\"],\"articleSection\":[\"Blog\",\"Destaque Principal\"],\"inLanguage\":\"pt-BR\",\"potentialAction\":[{\"@type\":\"CommentAction\",\"name\":\"Comment\",\"target\":[\"https:\\\/\\\/www2.energia.coop\\\/brasil\\\/blog\\\/marco-legal-da-gd-o-que-muda-para-as-cooperativas\\\/#respond\"]}]},{\"@type\":\"WebPage\",\"@id\":\"https:\\\/\\\/www2.energia.coop\\\/brasil\\\/blog\\\/marco-legal-da-gd-o-que-muda-para-as-cooperativas\\\/\",\"url\":\"https:\\\/\\\/www2.energia.coop\\\/brasil\\\/blog\\\/marco-legal-da-gd-o-que-muda-para-as-cooperativas\\\/\",\"name\":\"Marco Legal da GD: o que muda para as cooperativas? - Energia Cooperativa\",\"isPartOf\":{\"@id\":\"https:\\\/\\\/www2.energia.coop\\\/brasil\\\/#website\"},\"primaryImageOfPage\":{\"@id\":\"https:\\\/\\\/www2.energia.coop\\\/brasil\\\/blog\\\/marco-legal-da-gd-o-que-muda-para-as-cooperativas\\\/#primaryimage\"},\"image\":{\"@id\":\"https:\\\/\\\/www2.energia.coop\\\/brasil\\\/blog\\\/marco-legal-da-gd-o-que-muda-para-as-cooperativas\\\/#primaryimage\"},\"thumbnailUrl\":\"https:\\\/\\\/www2.energia.coop\\\/brasil\\\/wp-content\\\/uploads\\\/2022\\\/04\\\/fa-1-e1651672180133.png\",\"datePublished\":\"2022-04-19T11:48:51+00:00\",\"dateModified\":\"2022-05-04T13:49:56+00:00\",\"author\":{\"@id\":\"https:\\\/\\\/www2.energia.coop\\\/brasil\\\/#\\\/schema\\\/person\\\/697a7871a4ef9404cd3df0f0d84f2ccd\"},\"inLanguage\":\"pt-BR\",\"potentialAction\":[{\"@type\":\"ReadAction\",\"target\":[\"https:\\\/\\\/www2.energia.coop\\\/brasil\\\/blog\\\/marco-legal-da-gd-o-que-muda-para-as-cooperativas\\\/\"]}]},{\"@type\":\"ImageObject\",\"inLanguage\":\"pt-BR\",\"@id\":\"https:\\\/\\\/www2.energia.coop\\\/brasil\\\/blog\\\/marco-legal-da-gd-o-que-muda-para-as-cooperativas\\\/#primaryimage\",\"url\":\"https:\\\/\\\/www2.energia.coop\\\/brasil\\\/wp-content\\\/uploads\\\/2022\\\/04\\\/fa-1-e1651672180133.png\",\"contentUrl\":\"https:\\\/\\\/www2.energia.coop\\\/brasil\\\/wp-content\\\/uploads\\\/2022\\\/04\\\/fa-1-e1651672180133.png\",\"width\":1500,\"height\":712},{\"@type\":\"WebSite\",\"@id\":\"https:\\\/\\\/www2.energia.coop\\\/brasil\\\/#website\",\"url\":\"https:\\\/\\\/www2.energia.coop\\\/brasil\\\/\",\"name\":\"Energia Cooperativa\",\"description\":\"\",\"potentialAction\":[{\"@type\":\"SearchAction\",\"target\":{\"@type\":\"EntryPoint\",\"urlTemplate\":\"https:\\\/\\\/www2.energia.coop\\\/brasil\\\/?s={search_term_string}\"},\"query-input\":{\"@type\":\"PropertyValueSpecification\",\"valueRequired\":true,\"valueName\":\"search_term_string\"}}],\"inLanguage\":\"pt-BR\"},{\"@type\":\"Person\",\"@id\":\"https:\\\/\\\/www2.energia.coop\\\/brasil\\\/#\\\/schema\\\/person\\\/697a7871a4ef9404cd3df0f0d84f2ccd\",\"name\":\"energia\",\"image\":{\"@type\":\"ImageObject\",\"inLanguage\":\"pt-BR\",\"@id\":\"https:\\\/\\\/secure.gravatar.com\\\/avatar\\\/1f8d6461d2fb019dc81242feecb0c723ed1144bb91b43857997f664435ea5c52?s=96&d=mm&r=g\",\"url\":\"https:\\\/\\\/secure.gravatar.com\\\/avatar\\\/1f8d6461d2fb019dc81242feecb0c723ed1144bb91b43857997f664435ea5c52?s=96&d=mm&r=g\",\"contentUrl\":\"https:\\\/\\\/secure.gravatar.com\\\/avatar\\\/1f8d6461d2fb019dc81242feecb0c723ed1144bb91b43857997f664435ea5c52?s=96&d=mm&r=g\",\"caption\":\"energia\"},\"url\":\"https:\\\/\\\/www2.energia.coop\\\/brasil\\\/author\\\/energia\\\/\"}]}<\/script>\n<!-- \/ Yoast SEO plugin. -->","yoast_head_json":{"title":"Marco Legal da GD: o que muda para as cooperativas? - Energia Cooperativa","robots":{"index":"index","follow":"follow","max-snippet":"max-snippet:-1","max-image-preview":"max-image-preview:large","max-video-preview":"max-video-preview:-1"},"canonical":"https:\/\/www2.energia.coop\/brasil\/blog\/marco-legal-da-gd-o-que-muda-para-as-cooperativas\/","og_locale":"pt_BR","og_type":"article","og_title":"Marco Legal da GD: o que muda para as cooperativas? - Energia Cooperativa","og_description":"Confira os principais pontos do novo marco legal da Micro e Mini Gera\u00e7\u00e3o Distribu\u00edda (14.300\/2022) para as cooperativas de energia!","og_url":"https:\/\/www2.energia.coop\/brasil\/blog\/marco-legal-da-gd-o-que-muda-para-as-cooperativas\/","og_site_name":"Energia Cooperativa","article_published_time":"2022-04-19T11:48:51+00:00","article_modified_time":"2022-05-04T13:49:56+00:00","og_image":[{"width":1500,"height":712,"url":"https:\/\/www2.energia.coop\/brasil\/wp-content\/uploads\/2022\/04\/fa-1-e1651672180133.png","type":"image\/png"}],"author":"energia","twitter_card":"summary_large_image","twitter_misc":{"Escrito por":"energia","Est. tempo de leitura":"8 minutos"},"schema":{"@context":"https:\/\/schema.org","@graph":[{"@type":"Article","@id":"https:\/\/www2.energia.coop\/brasil\/blog\/marco-legal-da-gd-o-que-muda-para-as-cooperativas\/#article","isPartOf":{"@id":"https:\/\/www2.energia.coop\/brasil\/blog\/marco-legal-da-gd-o-que-muda-para-as-cooperativas\/"},"author":{"name":"energia","@id":"https:\/\/www2.energia.coop\/brasil\/#\/schema\/person\/697a7871a4ef9404cd3df0f0d84f2ccd"},"headline":"Marco Legal da GD: o que muda para as cooperativas?","datePublished":"2022-04-19T11:48:51+00:00","dateModified":"2022-05-04T13:49:56+00:00","mainEntityOfPage":{"@id":"https:\/\/www2.energia.coop\/brasil\/blog\/marco-legal-da-gd-o-que-muda-para-as-cooperativas\/"},"wordCount":921,"commentCount":0,"image":{"@id":"https:\/\/www2.energia.coop\/brasil\/blog\/marco-legal-da-gd-o-que-muda-para-as-cooperativas\/#primaryimage"},"thumbnailUrl":"https:\/\/www2.energia.coop\/brasil\/wp-content\/uploads\/2022\/04\/fa-1-e1651672180133.png","keywords":["Energia Cooperativa"],"articleSection":["Blog","Destaque Principal"],"inLanguage":"pt-BR","potentialAction":[{"@type":"CommentAction","name":"Comment","target":["https:\/\/www2.energia.coop\/brasil\/blog\/marco-legal-da-gd-o-que-muda-para-as-cooperativas\/#respond"]}]},{"@type":"WebPage","@id":"https:\/\/www2.energia.coop\/brasil\/blog\/marco-legal-da-gd-o-que-muda-para-as-cooperativas\/","url":"https:\/\/www2.energia.coop\/brasil\/blog\/marco-legal-da-gd-o-que-muda-para-as-cooperativas\/","name":"Marco Legal da GD: o que muda para as cooperativas? - Energia Cooperativa","isPartOf":{"@id":"https:\/\/www2.energia.coop\/brasil\/#website"},"primaryImageOfPage":{"@id":"https:\/\/www2.energia.coop\/brasil\/blog\/marco-legal-da-gd-o-que-muda-para-as-cooperativas\/#primaryimage"},"image":{"@id":"https:\/\/www2.energia.coop\/brasil\/blog\/marco-legal-da-gd-o-que-muda-para-as-cooperativas\/#primaryimage"},"thumbnailUrl":"https:\/\/www2.energia.coop\/brasil\/wp-content\/uploads\/2022\/04\/fa-1-e1651672180133.png","datePublished":"2022-04-19T11:48:51+00:00","dateModified":"2022-05-04T13:49:56+00:00","author":{"@id":"https:\/\/www2.energia.coop\/brasil\/#\/schema\/person\/697a7871a4ef9404cd3df0f0d84f2ccd"},"inLanguage":"pt-BR","potentialAction":[{"@type":"ReadAction","target":["https:\/\/www2.energia.coop\/brasil\/blog\/marco-legal-da-gd-o-que-muda-para-as-cooperativas\/"]}]},{"@type":"ImageObject","inLanguage":"pt-BR","@id":"https:\/\/www2.energia.coop\/brasil\/blog\/marco-legal-da-gd-o-que-muda-para-as-cooperativas\/#primaryimage","url":"https:\/\/www2.energia.coop\/brasil\/wp-content\/uploads\/2022\/04\/fa-1-e1651672180133.png","contentUrl":"https:\/\/www2.energia.coop\/brasil\/wp-content\/uploads\/2022\/04\/fa-1-e1651672180133.png","width":1500,"height":712},{"@type":"WebSite","@id":"https:\/\/www2.energia.coop\/brasil\/#website","url":"https:\/\/www2.energia.coop\/brasil\/","name":"Energia Cooperativa","description":"","potentialAction":[{"@type":"SearchAction","target":{"@type":"EntryPoint","urlTemplate":"https:\/\/www2.energia.coop\/brasil\/?s={search_term_string}"},"query-input":{"@type":"PropertyValueSpecification","valueRequired":true,"valueName":"search_term_string"}}],"inLanguage":"pt-BR"},{"@type":"Person","@id":"https:\/\/www2.energia.coop\/brasil\/#\/schema\/person\/697a7871a4ef9404cd3df0f0d84f2ccd","name":"energia","image":{"@type":"ImageObject","inLanguage":"pt-BR","@id":"https:\/\/secure.gravatar.com\/avatar\/1f8d6461d2fb019dc81242feecb0c723ed1144bb91b43857997f664435ea5c52?s=96&d=mm&r=g","url":"https:\/\/secure.gravatar.com\/avatar\/1f8d6461d2fb019dc81242feecb0c723ed1144bb91b43857997f664435ea5c52?s=96&d=mm&r=g","contentUrl":"https:\/\/secure.gravatar.com\/avatar\/1f8d6461d2fb019dc81242feecb0c723ed1144bb91b43857997f664435ea5c52?s=96&d=mm&r=g","caption":"energia"},"url":"https:\/\/www2.energia.coop\/brasil\/author\/energia\/"}]}},"_links":{"self":[{"href":"https:\/\/www2.energia.coop\/brasil\/wp-json\/wp\/v2\/posts\/1624","targetHints":{"allow":["GET"]}}],"collection":[{"href":"https:\/\/www2.energia.coop\/brasil\/wp-json\/wp\/v2\/posts"}],"about":[{"href":"https:\/\/www2.energia.coop\/brasil\/wp-json\/wp\/v2\/types\/post"}],"author":[{"embeddable":true,"href":"https:\/\/www2.energia.coop\/brasil\/wp-json\/wp\/v2\/users\/2"}],"replies":[{"embeddable":true,"href":"https:\/\/www2.energia.coop\/brasil\/wp-json\/wp\/v2\/comments?post=1624"}],"version-history":[{"count":0,"href":"https:\/\/www2.energia.coop\/brasil\/wp-json\/wp\/v2\/posts\/1624\/revisions"}],"wp:featuredmedia":[{"embeddable":true,"href":"https:\/\/www2.energia.coop\/brasil\/wp-json\/wp\/v2\/media\/1643"}],"wp:attachment":[{"href":"https:\/\/www2.energia.coop\/brasil\/wp-json\/wp\/v2\/media?parent=1624"}],"wp:term":[{"taxonomy":"category","embeddable":true,"href":"https:\/\/www2.energia.coop\/brasil\/wp-json\/wp\/v2\/categories?post=1624"},{"taxonomy":"post_tag","embeddable":true,"href":"https:\/\/www2.energia.coop\/brasil\/wp-json\/wp\/v2\/tags?post=1624"}],"curies":[{"name":"wp","href":"https:\/\/api.w.org\/{rel}","templated":true}]}}