

{"id":1554,"date":"2022-02-04T09:23:07","date_gmt":"2022-02-04T12:23:07","guid":{"rendered":"https:\/\/www2.energia.coop\/brasil\/biblioteca\/energia-renovavel-gera-empregos-e-possui-custos-cada-vez-menores-3\/"},"modified":"2022-06-24T14:39:37","modified_gmt":"2022-06-24T17:39:37","slug":"as-comunidades-na-lideranca-da-transicao-energetica","status":"publish","type":"post","link":"https:\/\/www2.energia.coop\/brasil\/blog\/as-comunidades-na-lideranca-da-transicao-energetica\/","title":{"rendered":"As comunidades na lideran\u00e7a da transi\u00e7\u00e3o energ\u00e9tica"},"content":{"rendered":"<p><strong>Sabia que existem iniciativas de energia comunit\u00e1ria que est\u00e3o fazendo a diferen\u00e7a em v\u00e1rios pa\u00edses do mundo?\u00a0\u00a0<\/strong><\/p>\n<p><span data-contrast=\"none\">O <\/span><a href=\"https:\/\/www2.energia.coop\/brasil\/wp-content\/uploads\/2021\/11\/let-communities-lead-report_2021.pdf\"><span data-contrast=\"none\"><span style=\"text-decoration: underline;\"><span style=\"color: #008080; text-decoration: underline;\">relat\u00f3rio Let Communities Lead<\/span><\/span><\/span><\/a><span data-contrast=\"none\"> (Deixe as comunidades liderarem, em tradu\u00e7\u00e3o livre), publicado em novembro de 2021 re\u00fane hist\u00f3rias e li\u00e7\u00f5es aprendidas por diversas comunidades pelo mundo cujas iniciativas visam a cria\u00e7\u00e3o de um futuro mais sustent\u00e1vel atrav\u00e9s de uma mudan\u00e7a transformadora protagonizada por comunidades marginalizadas.<\/span><span data-ccp-props=\"{&quot;201341983&quot;:0,&quot;335551550&quot;:6,&quot;335551620&quot;:6,&quot;335559740&quot;:276}\">\u00a0<\/span><\/p>\n<blockquote><p><span style=\"color: #008080;\"><strong>\u201cA mudan\u00e7a transformadora acontece quando os marginalizados lideram a marcha para o futuro\u201d\u00a0<\/strong><\/span><\/p><\/blockquote>\n<p><span data-contrast=\"none\">Conforme mostra a cita\u00e7\u00e3o, os autores do relat\u00f3rio acreditam que os objetivos de desenvolvimento sustent\u00e1vel s\u00f3 poder\u00e3o ser atingidos quando essas comunidades estiverem envolvidas ativamente em a\u00e7\u00f5es que buscam alcan\u00e7\u00e1-los.<\/span><span data-ccp-props=\"{&quot;201341983&quot;:0,&quot;335551550&quot;:6,&quot;335551620&quot;:6,&quot;335559740&quot;:276}\">\u00a0<\/span><\/p>\n<p><span data-contrast=\"none\">De acordo com os relatos das <\/span><b><span data-contrast=\"none\">16 iniciativas presentes no relat\u00f3rio<\/span><\/b><span data-contrast=\"none\">, fica evidenciado que investimentos em sistemas de energia renov\u00e1vel comunit\u00e1rios e planejados localmente podem trazer benef\u00edcios relevantes a longo prazo para muitas outras \u00e1reas, como seguran\u00e7a alimentar, oportunidades socioecon\u00f4micas, sa\u00fade e abrigo, adapta\u00e7\u00e3o clim\u00e1tica, resili\u00eancia comunit\u00e1ria, seguran\u00e7a, direitos humanos e democracia.<\/span><span data-ccp-props=\"{&quot;201341983&quot;:0,&quot;335551550&quot;:6,&quot;335551620&quot;:6,&quot;335559740&quot;:276}\">\u00a0<\/span><\/p>\n<p><span data-contrast=\"none\">Muitas das comunidades mais atingidas pelos efeitos das mudan\u00e7as clim\u00e1ticas e desastres naturais possuem baixa capacidade de se reconstruir e sofrem com impactos negativos por longos per\u00edodos. Dessa forma, as comunidades energ\u00e9ticas desempenham um papel muito relevante de um ponto de vista de justi\u00e7a clim\u00e1tica. <\/span><span data-ccp-props=\"{&quot;201341983&quot;:0,&quot;335551550&quot;:6,&quot;335551620&quot;:6,&quot;335559740&quot;:276}\">\u00a0<\/span><\/p>\n<p><span data-contrast=\"none\">Estes modelos de gera\u00e7\u00e3o comunit\u00e1ria de energia renov\u00e1vel representam um passo em dire\u00e7\u00e3o \u00e0 legitima\u00e7\u00e3o do direito de autodetermina\u00e7\u00e3o do desenvolvimento sustent\u00e1vel para comunidades que historicamente foram deixadas de lado e sofrem desproporcionalmente as consequ\u00eancias negativas da industrializa\u00e7\u00e3o liderada por combust\u00edveis f\u00f3sseis.<\/span><span data-ccp-props=\"{&quot;201341983&quot;:0,&quot;335551550&quot;:6,&quot;335551620&quot;:6,&quot;335559740&quot;:276}\">\u00a0<\/span><\/p>\n<p><span data-contrast=\"none\">Dentre as iniciativas presentes no relat\u00f3rio, localizadas na Am\u00e9rica Latina, \u00c1frica e \u00c1sia, algumas s\u00e3o brasileiras e atuam gerando e distribuindo energia solar para comunidades.<\/span><span data-ccp-props=\"{&quot;201341983&quot;:0,&quot;335551550&quot;:6,&quot;335551620&quot;:6,&quot;335559740&quot;:276}\">\u00a0<\/span><\/p>\n<p><span data-ccp-props=\"{&quot;201341983&quot;:0,&quot;335551550&quot;:6,&quot;335551620&quot;:6,&quot;335559740&quot;:276}\">\u00a0<\/span><\/p>\n<h4><b><span data-contrast=\"none\">Comunidade Ilha das Cinzas &#8211; Par\u00e1<\/span><\/b><span data-ccp-props=\"{&quot;201341983&quot;:0,&quot;335551550&quot;:6,&quot;335551620&quot;:6,&quot;335559740&quot;:276}\">\u00a0<\/span><\/h4>\n<p><span data-contrast=\"none\">A Ilha das Cinzas \u00e9 uma comunidade cercada pelo rio Amazonas localizada no estado do Par\u00e1. Os pr\u00f3prios membros da comunidade, junto com a Associa\u00e7\u00e3o dos Trabalhadores Agroextrativistas da Ilha das Cinzas (ATAIC) se organizaram para a cria\u00e7\u00e3o de um projeto de implementa\u00e7\u00e3o de sistemas de energia solar que ser\u00e1 financiado pela Honnold Foundation. <\/span><span data-ccp-props=\"{&quot;201341983&quot;:0,&quot;335551550&quot;:6,&quot;335551620&quot;:6,&quot;335559740&quot;:276}\">\u00a0<\/span><\/p>\n<p><span data-contrast=\"none\">As fam\u00edlias que moram na ilha possuem acesso limitado a recursos como \u00e1gua pot\u00e1vel e saneamento e o local n\u00e3o disp\u00f5e de rede de energia el\u00e9trica centralizada. Dessa forma, a energia solar possui um potencial de <\/span><b><span data-contrast=\"none\">aumentar de forma significativa a qualidade de vida<\/span><\/b><span data-contrast=\"none\">, assim como a <\/span><b><span data-contrast=\"none\">soberania alimentar<\/span><\/b><span data-contrast=\"none\"> para estas fam\u00edlias ribeirinhas.<\/span><span data-ccp-props=\"{&quot;201341983&quot;:0,&quot;335551550&quot;:6,&quot;335551620&quot;:6,&quot;335559740&quot;:276}\">\u00a0<\/span><\/p>\n<p><span data-contrast=\"none\">Um dos objetivos do projeto \u00e9 capacitar e transferir a gest\u00e3o e opera\u00e7\u00e3o do sistema para membros da comunidade. Atrav\u00e9s da capacita\u00e7\u00e3o de pessoas locais, torna-se poss\u00edvel trazer melhorias cont\u00ednuas para o sistema produtivo local sem depender de agentes externos.<\/span><span data-ccp-props=\"{&quot;201341983&quot;:0,&quot;335551550&quot;:6,&quot;335551620&quot;:6,&quot;335559740&quot;:276}\">\u00a0<\/span><\/p>\n<p style=\"text-align: center;\"><span data-ccp-props=\"{&quot;201341983&quot;:0,&quot;335551550&quot;:6,&quot;335551620&quot;:6,&quot;335559740&quot;:276}\"> <img loading=\"lazy\" decoding=\"async\" class=\"alignnone wp-image-1556\" src=\"https:\/\/www2.energia.coop\/brasil\/wp-content\/uploads\/2022\/02\/Captura-de-tela-2022-02-01-112806.png\" alt=\"\" width=\"1031\" height=\"522\" srcset=\"https:\/\/www2.energia.coop\/brasil\/wp-content\/uploads\/2022\/02\/Captura-de-tela-2022-02-01-112806.png 1147w, https:\/\/www2.energia.coop\/brasil\/wp-content\/uploads\/2022\/02\/Captura-de-tela-2022-02-01-112806-300x152.png 300w, https:\/\/www2.energia.coop\/brasil\/wp-content\/uploads\/2022\/02\/Captura-de-tela-2022-02-01-112806-1024x519.png 1024w, https:\/\/www2.energia.coop\/brasil\/wp-content\/uploads\/2022\/02\/Captura-de-tela-2022-02-01-112806-768x389.png 768w\" sizes=\"auto, (max-width: 1031px) 100vw, 1031px\" \/><\/span><\/p>\n<p style=\"text-align: center;\"><span data-contrast=\"none\">(Imagem: Centro comunit\u00e1rio com gera\u00e7\u00e3o de energia solar | Fonte: Marcelino Guedes)<\/span><span data-ccp-props=\"{&quot;201341983&quot;:0,&quot;335551550&quot;:2,&quot;335551620&quot;:2,&quot;335559740&quot;:276}\">\u00a0<\/span><\/p>\n<p><span data-ccp-props=\"{&quot;201341983&quot;:0,&quot;335551550&quot;:6,&quot;335551620&quot;:6,&quot;335559740&quot;:276}\">\u00a0<\/span><\/p>\n<h4><b><span data-contrast=\"none\">Comunidades Babil\u00f4nia e Chap\u00e9u Mangueira &#8211; Rio de Janeiro<\/span><\/b><span data-ccp-props=\"{&quot;201341983&quot;:0,&quot;335551550&quot;:6,&quot;335551620&quot;:6,&quot;335559740&quot;:276}\">\u00a0<\/span><\/h4>\n<p><span data-contrast=\"none\">A partir das dificuldades hist\u00f3ricas e problemas recorrentes de acesso \u00e0 eletricidade nas comunidades Babil\u00f4nia e Chap\u00e9u Mangueira, em 2021 foi formada a primeira cooperativa de energia solar em uma favela do Brasil. A constru\u00e7\u00e3o do sistema, que segue o modelo de cooperativa, foi atrav\u00e9s da <\/span><span style=\"text-decoration: underline;\"><span style=\"color: #008080;\"><a style=\"color: #008080; text-decoration: underline;\" href=\"https:\/\/revolusolar.org.br\/\">Revolusolar<\/a><\/span><\/span><span data-contrast=\"none\">, uma organiza\u00e7\u00e3o sem fins lucrativos sediada no Rio de Janeiro que promove o desenvolvimento sustent\u00e1vel de comunidades de baixa renda por meio da energia solar.\u00a0<\/span><span data-ccp-props=\"{&quot;201341983&quot;:0,&quot;335551550&quot;:6,&quot;335551620&quot;:6,&quot;335559740&quot;:276}\">\u00a0<\/span><\/p>\n<p><span data-contrast=\"none\">A primeira iniciativa cooperativa apoiada pela Revolusolar beneficia 35 fam\u00edlias locais de duas comunidades. O <\/span><b><span data-contrast=\"none\">modelo de cooperativa de gera\u00e7\u00e3o distribu\u00edda entra em harmonia com as tradi\u00e7\u00f5es de coletividade, coopera\u00e7\u00e3o e autogest\u00e3o das favelas cariocas<\/span><\/b><span data-contrast=\"none\"> e \u00e9 projetado para ser replic\u00e1vel em outras comunidades do Brasil e da Am\u00e9rica Latina.<\/span><span data-ccp-props=\"{&quot;201341983&quot;:0,&quot;335551550&quot;:6,&quot;335551620&quot;:6,&quot;335559740&quot;:276}\">\u00a0<\/span><\/p>\n<blockquote><p><strong><span style=\"color: #008080;\">\u201cA forma\u00e7\u00e3o de uma equipe local capaz de instalar e manter os sistemas \u00e9 essencial para o sucesso do projeto no longo prazo e para a cria\u00e7\u00e3o de autonomia local.\u201d\u00a0<\/span>\u00a0<\/strong><\/p><\/blockquote>\n<p><span data-contrast=\"none\">Assim como na iniciativa da Ilha das Cinzas, a Revolusolar tamb\u00e9m definiu como parte do projeto a forma\u00e7\u00e3o de membros da comunidade para operar e realizar a manuten\u00e7\u00e3o dos sistemas a longo prazo. Al\u00e9m disso, proporcionaram tamb\u00e9m capacita\u00e7\u00e3o profissional para instaladores solares e educa\u00e7\u00e3o ambiental para crian\u00e7as e jovens.\u00a0<\/span><span data-ccp-props=\"{&quot;201341983&quot;:0,&quot;335551550&quot;:6,&quot;335551620&quot;:6,&quot;335559740&quot;:276}\">\u00a0<\/span><\/p>\n<p><span data-ccp-props=\"{&quot;201341983&quot;:0,&quot;335551550&quot;:6,&quot;335551620&quot;:6,&quot;335559740&quot;:276}\"> <img loading=\"lazy\" decoding=\"async\" class=\"size-full wp-image-1558 aligncenter\" src=\"https:\/\/www2.energia.coop\/brasil\/wp-content\/uploads\/2022\/02\/Sem-titulo-1.png\" alt=\"\" width=\"1182\" height=\"592\" \/><\/span><\/p>\n<p style=\"text-align: center;\"><span data-contrast=\"none\">(Imagem: Pain\u00e9is solares s\u00e3o instalados na primeira cooperativa de energia em uma favela brasileira | Fonte: Revolusolar)<\/span><span data-ccp-props=\"{&quot;201341983&quot;:0,&quot;335551550&quot;:2,&quot;335551620&quot;:2,&quot;335559740&quot;:276}\">\u00a0<\/span><\/p>\n<p><span data-ccp-props=\"{&quot;201341983&quot;:0,&quot;335551550&quot;:6,&quot;335551620&quot;:6,&quot;335559740&quot;:276}\">\u00a0<\/span><\/p>\n<h4><b><span data-contrast=\"none\">Cooperativas de energia enfrentando o desafio da transi\u00e7\u00e3o energ\u00e9tica<\/span><\/b><span data-ccp-props=\"{&quot;201341983&quot;:0,&quot;335551550&quot;:6,&quot;335551620&quot;:6,&quot;335559740&quot;:276}\">\u00a0<\/span><\/h4>\n<p><span data-contrast=\"none\">As cooperativas de energia renov\u00e1vel promovem a gera\u00e7\u00e3o de energia descentralizada de forma participativa no Brasil. A matriz el\u00e9trica brasileira \u00e9 composta majoritariamente por fontes renov\u00e1veis, por\u00e9m, a gera\u00e7\u00e3o hidrel\u00e9trica, respons\u00e1vel por <\/span><span style=\"text-decoration: underline; color: #008080;\"><a style=\"color: #008080; text-decoration: underline;\" href=\"https:\/\/www.epe.gov.br\/sites-pt\/publicacoes-dados-abertos\/publicacoes\/PublicacoesArquivos\/publicacao-601\/topico-588\/BEN_S%C3%ADntese_2021_PT.pdf\">65,2% da oferta interna do pa\u00eds<\/a><\/span><span data-contrast=\"none\">, pode gerar impactos sociais e ambientais significativos.<\/span><span data-ccp-props=\"{&quot;201341983&quot;:0,&quot;335551550&quot;:6,&quot;335551620&quot;:6,&quot;335559740&quot;:276}\">\u00a0<\/span><\/p>\n<p><span data-contrast=\"none\">Ainda, o pa\u00eds se encontra em uma situa\u00e7\u00e3o de depend\u00eancia el\u00e9trica de gera\u00e7\u00e3o em larga escala, assim, esfor\u00e7os em <\/span><b><span data-contrast=\"none\">diversifica\u00e7\u00e3o e descentraliza\u00e7\u00e3o da matriz el\u00e9trica brasileira<\/span><\/b><span data-contrast=\"none\"> s\u00e3o fortemente necess\u00e1rios. Neste contexto, a gera\u00e7\u00e3o distribu\u00edda, caracterizada por ser em pequena escala, conectada \u00e0 rede de distribui\u00e7\u00e3o e pr\u00f3xima ao centro de consumo, entra como uma forte aliada neste processo.\u00a0<\/span><span data-ccp-props=\"{&quot;201341983&quot;:0,&quot;335551550&quot;:6,&quot;335551620&quot;:6,&quot;335559740&quot;:276}\">\u00a0<\/span><\/p>\n<p><span data-contrast=\"none\">Por serem organiza\u00e7\u00f5es muito flex\u00edveis, as cooperativas s\u00e3o uma boa op\u00e7\u00e3o para responder aos atuais desafios sociais e ambientais que incluem a gera\u00e7\u00e3o de energia renov\u00e1vel em n\u00edvel local e descentralizado. Dessa forma, desde que entrou em vigor a resolu\u00e7\u00e3o normativa 687 de 2015, cooperativas de gera\u00e7\u00e3o distribu\u00edda de energias renov\u00e1veis come\u00e7aram a surgir no pa\u00eds. <\/span><span data-ccp-props=\"{&quot;201341983&quot;:0,&quot;335551550&quot;:6,&quot;335551620&quot;:6,&quot;335559740&quot;:276}\">\u00a0<\/span><\/p>\n<p><span data-contrast=\"none\">A primeira cooperativa de energia renov\u00e1vel fundada no Brasil foi a <span style=\"text-decoration: underline;\"><span style=\"color: #008080;\"><a style=\"color: #008080; text-decoration: underline;\" href=\"https:\/\/www2.energia.coop\/brasil\/mapa-de-iniciativas\/cooperativa\/cooperativa-brasileira-de-energia-renovavel-coober\/\">Coober<\/a><\/span><\/span> em 2016, formada por um grupo de 23 amigos de diferentes ocupa\u00e7\u00f5es em Paragominas, Par\u00e1. Inspirados pelos Objetivos do Desenvolvimento Sustent\u00e1vel, em especial o ODS 7 \u201cGarantir acesso \u00e0 energia barata, confi\u00e1vel, sustent\u00e1vel e renov\u00e1vel para todos\u201d, o grupo instalou uma planta de 75 kWp com seus pr\u00f3prios recursos.<\/span><span data-ccp-props=\"{&quot;201341983&quot;:0,&quot;335551550&quot;:6,&quot;335551620&quot;:6,&quot;335559740&quot;:276}\">\u00a0<\/span><\/p>\n<p><span data-contrast=\"none\">Na regi\u00e3o nordeste do pa\u00eds, uma iniciativa de destaque \u00e9 a <span style=\"text-decoration: underline; color: #008080;\"><a style=\"color: #008080; text-decoration: underline;\" href=\"https:\/\/www2.energia.coop\/brasil\/mapa-de-iniciativas\/cooperativa\/coopsolar\/\">Coopsolar<\/a><\/span> (Cooperativa de Energia Solar). Sua hist\u00f3ria come\u00e7ou em um workshop promovido pela OCB em conjunto com a DGRV em 2017, onde um dos participantes viu no cooperativismo a oportunidade de se tornar um agente ativo na transi\u00e7\u00e3o energ\u00e9tica. A partir disso surgiu a motiva\u00e7\u00e3o para ele, junto com outros indiv\u00edduos, fundar a Coopsolar mais tarde em 2019.<\/span><span data-ccp-props=\"{&quot;201341983&quot;:0,&quot;335551550&quot;:6,&quot;335551620&quot;:6,&quot;335559740&quot;:276}\">\u00a0<\/span><\/p>\n<p><span data-contrast=\"none\">Outra cooperativa de energia citada no relat\u00f3rio \u00e9 a Coopervales, que por sua vez surgiu a partir da informa\u00e7\u00e3o da constitui\u00e7\u00e3o da Coober. A Coopervales est\u00e1 localizada no Vale do Taquari, Rio Grande do Sul e possui uma usina solar de 72.5 kWp que gera energia para seus 22 cooperados. <\/span><span data-ccp-props=\"{&quot;201341983&quot;:0,&quot;335551550&quot;:6,&quot;335551620&quot;:6,&quot;335559740&quot;:276}\">\u00a0<\/span><\/p>\n<p><span data-contrast=\"none\">Tanto a Coober quanto a Coopsolar e a Coopervales possuem uma motiva\u00e7\u00e3o em comum: <\/span><b><span data-contrast=\"none\">gerar energia limpa e sustent\u00e1vel coletivamente e a um pre\u00e7o mais acess\u00edvel<\/span><\/b><span data-contrast=\"none\">. Atrav\u00e9s de suas atividades as cooperativas buscam gerar benef\u00edcios para suas comunidades locais e para a sociedade em geral, sendo exemplo e inspira\u00e7\u00e3o para futuras iniciativas.<\/span><span data-ccp-props=\"{&quot;201341983&quot;:0,&quot;335551550&quot;:6,&quot;335551620&quot;:6,&quot;335559740&quot;:276}\">\u00a0<\/span><\/p>\n<p style=\"text-align: center;\"><span data-ccp-props=\"{&quot;201341983&quot;:0,&quot;335551550&quot;:6,&quot;335551620&quot;:6,&quot;335559740&quot;:276}\"> <img loading=\"lazy\" decoding=\"async\" class=\"alignnone size-full wp-image-1557\" src=\"https:\/\/www2.energia.coop\/brasil\/wp-content\/uploads\/2022\/02\/Captura-de-tela-2022-02-01-191823.png\" alt=\"\" width=\"1183\" height=\"595\" srcset=\"https:\/\/www2.energia.coop\/brasil\/wp-content\/uploads\/2022\/02\/Captura-de-tela-2022-02-01-191823.png 1183w, https:\/\/www2.energia.coop\/brasil\/wp-content\/uploads\/2022\/02\/Captura-de-tela-2022-02-01-191823-300x151.png 300w, https:\/\/www2.energia.coop\/brasil\/wp-content\/uploads\/2022\/02\/Captura-de-tela-2022-02-01-191823-1024x515.png 1024w, https:\/\/www2.energia.coop\/brasil\/wp-content\/uploads\/2022\/02\/Captura-de-tela-2022-02-01-191823-768x386.png 768w\" sizes=\"auto, (max-width: 1183px) 100vw, 1183px\" \/><\/span><\/p>\n<p style=\"text-align: center;\"><span data-contrast=\"none\">(Imagem: Usina da Coopervales em constru\u00e7\u00e3o | Fonte: Coopervales)<\/span><span data-ccp-props=\"{&quot;201341983&quot;:0,&quot;335551550&quot;:2,&quot;335551620&quot;:2,&quot;335559740&quot;:276}\">\u00a0<\/span><\/p>\n<p><span data-ccp-props=\"{&quot;201341983&quot;:0,&quot;335551550&quot;:6,&quot;335551620&quot;:6,&quot;335559740&quot;:276}\">\u00a0<\/span><\/p>\n<p><span data-contrast=\"none\">No <\/span><a href=\"https:\/\/www2.energia.coop\/brasil\/wp-content\/uploads\/2021\/11\/let-communities-lead-report_2021.pdf\"><span data-contrast=\"none\"><span style=\"text-decoration: underline; color: #008080;\">relat\u00f3rio completo<\/span><\/span><\/a><span data-contrast=\"none\"> (em ingl\u00eas) tamb\u00e9m s\u00e3o explorados os desafios enfrentados pelas cooperativas de energia brasileiras, assim como as hist\u00f3rias de iniciativas inspiradoras de outros pa\u00edses.<\/span><span data-ccp-props=\"{&quot;201341983&quot;:0,&quot;335551550&quot;:6,&quot;335551620&quot;:6,&quot;335559740&quot;:276}\">\u00a0<\/span><\/p>\n<p><span data-ccp-props=\"{&quot;201341983&quot;:0,&quot;335551550&quot;:6,&quot;335551620&quot;:6,&quot;335559740&quot;:276}\">\u00a0<\/span><\/p>\n<h4><b><span data-contrast=\"none\">O que \u00e9 a iniciativa Let Communities Lead?<\/span><\/b><span data-ccp-props=\"{&quot;201341983&quot;:0,&quot;335551550&quot;:6,&quot;335551620&quot;:6,&quot;335559740&quot;:276}\">\u00a0<\/span><\/h4>\n<p><span data-contrast=\"none\">A Let Communities Lead \u00e9 uma iniciativa destinada a promover conhecimento e informar a a\u00e7\u00e3o no dom\u00ednio da energia limpa liderada por comunidades para projetos de desenvolvimento sustent\u00e1vel. \u00c9 formada por profissionais de v\u00e1rias partes do mundo e pesquisadores da Arizona State University (EUA) e do Karlsruhe Institute of Technology (Alemanha).<\/span><span data-ccp-props=\"{&quot;201341983&quot;:0,&quot;335551550&quot;:6,&quot;335551620&quot;:6,&quot;335559740&quot;:276}\">\u00a0<\/span><\/p>\n<p>&nbsp;<\/p>\n<p><span data-contrast=\"none\">Autora: La\u00eds Cassanta Vidotto (Instituto IDEAL)\u00a0<\/span><span data-ccp-props=\"{&quot;201341983&quot;:0,&quot;335551550&quot;:6,&quot;335551620&quot;:6,&quot;335559740&quot;:276}\">\u00a0<\/span><\/p>\n<p><span data-contrast=\"none\">Revis\u00e3o T\u00e9cnica: Kathlen Schneider (Instituto IDEAL) e Camila Japp (DGRV) <\/span><span data-ccp-props=\"{&quot;201341983&quot;:0,&quot;335551550&quot;:6,&quot;335551620&quot;:6,&quot;335559740&quot;:276}\">\u00a0<\/span><\/p>\n<p><i><span data-contrast=\"none\">Publicado em <\/span><\/i><i><span data-contrast=\"none\">04<\/span><\/i><i><span data-contrast=\"none\">\/02\/2022<\/span><\/i><span data-ccp-props=\"{&quot;201341983&quot;:0,&quot;335551550&quot;:6,&quot;335551620&quot;:6,&quot;335559740&quot;:276}\">\u00a0<\/span><\/p>\n<hr \/>\n<h3><span data-ccp-props=\"{&quot;201341983&quot;:0,&quot;335551550&quot;:6,&quot;335551620&quot;:6,&quot;335559740&quot;:276}\">\u00a0<\/span><b><span data-contrast=\"none\">Saiba mais<\/span><\/b><span data-ccp-props=\"{&quot;201341983&quot;:0,&quot;335551550&quot;:6,&quot;335551620&quot;:6,&quot;335559740&quot;:276}\">\u00a0<\/span><\/h3>\n<p><span data-contrast=\"none\">Relat\u00f3rio completo: <\/span><span style=\"text-decoration: underline; color: #008080;\"><a style=\"color: #008080; text-decoration: underline;\" href=\"https:\/\/www2.energia.coop\/brasil\/wp-content\/uploads\/2021\/11\/let-communities-lead-report_2021.pdf\">Let Communities Lead Report<\/a><\/span><span data-ccp-props=\"{&quot;201341983&quot;:0,&quot;335551550&quot;:6,&quot;335551620&quot;:6,&quot;335559740&quot;:276}\">\u00a0<\/span><\/p>\n<p><span data-contrast=\"none\">Let Communities Lead: <\/span><span style=\"text-decoration: underline; color: #008080;\"><a style=\"color: #008080;\" href=\"https:\/\/letcommunitieslead.wordpress.com\/\">Website<\/a>\u00a0<\/span><\/p>\n","protected":false},"excerpt":{"rendered":"<p>Iniciativas de energia comunit\u00e1ria est\u00e3o fazendo a diferen\u00e7a em v\u00e1rios pa\u00edses do mundo! Confira um pouco da trajet\u00f3ria de algumas iniciativas brasileiras que est\u00e3o em destaque no relat\u00f3rio internacional Let Communities Lead, publicado no final de 2021.<\/p>\n","protected":false},"author":2,"featured_media":1573,"comment_status":"open","ping_status":"open","sticky":false,"template":"","format":"standard","meta":{"_acf_changed":false,"footnotes":""},"categories":[44],"tags":[55],"class_list":["post-1554","post","type-post","status-publish","format-standard","has-post-thumbnail","hentry","category-blog","tag-energia-cooperativa"],"acf":[],"yoast_head":"<!-- This site is optimized with the Yoast SEO plugin v27.4 - https:\/\/yoast.com\/product\/yoast-seo-wordpress\/ -->\n<title>As comunidades na lideran\u00e7a da transi\u00e7\u00e3o energ\u00e9tica - Energia Cooperativa<\/title>\n<meta name=\"robots\" content=\"index, follow, max-snippet:-1, max-image-preview:large, max-video-preview:-1\" \/>\n<link rel=\"canonical\" href=\"https:\/\/www2.energia.coop\/brasil\/blog\/as-comunidades-na-lideranca-da-transicao-energetica\/\" \/>\n<meta property=\"og:locale\" content=\"pt_BR\" \/>\n<meta property=\"og:type\" content=\"article\" \/>\n<meta property=\"og:title\" content=\"As comunidades na lideran\u00e7a da transi\u00e7\u00e3o energ\u00e9tica - Energia Cooperativa\" \/>\n<meta property=\"og:description\" content=\"Iniciativas de energia comunit\u00e1ria est\u00e3o fazendo a diferen\u00e7a em v\u00e1rios pa\u00edses do mundo! Confira um pouco da trajet\u00f3ria de algumas iniciativas brasileiras que est\u00e3o em destaque no relat\u00f3rio internacional Let Communities Lead, publicado no final de 2021.\" \/>\n<meta property=\"og:url\" content=\"https:\/\/www2.energia.coop\/brasil\/blog\/as-comunidades-na-lideranca-da-transicao-energetica\/\" \/>\n<meta property=\"og:site_name\" content=\"Energia Cooperativa\" \/>\n<meta property=\"article:published_time\" content=\"2022-02-04T12:23:07+00:00\" \/>\n<meta property=\"article:modified_time\" content=\"2022-06-24T17:39:37+00:00\" \/>\n<meta property=\"og:image\" content=\"https:\/\/www2.energia.coop\/brasil\/wp-content\/uploads\/2022\/02\/Revolusolar-Oficina-Criancas-babilonia-favela-1-2-1-e1643980480285.jpg\" \/>\n\t<meta property=\"og:image:width\" content=\"1492\" \/>\n\t<meta property=\"og:image:height\" content=\"787\" \/>\n\t<meta property=\"og:image:type\" content=\"image\/jpeg\" \/>\n<meta name=\"author\" content=\"energia\" \/>\n<meta name=\"twitter:card\" content=\"summary_large_image\" \/>\n<meta name=\"twitter:label1\" content=\"Escrito por\" \/>\n\t<meta name=\"twitter:data1\" content=\"energia\" \/>\n\t<meta name=\"twitter:label2\" content=\"Est. tempo de leitura\" \/>\n\t<meta name=\"twitter:data2\" content=\"8 minutos\" \/>\n<script type=\"application\/ld+json\" class=\"yoast-schema-graph\">{\"@context\":\"https:\\\/\\\/schema.org\",\"@graph\":[{\"@type\":\"Article\",\"@id\":\"https:\\\/\\\/www2.energia.coop\\\/brasil\\\/blog\\\/as-comunidades-na-lideranca-da-transicao-energetica\\\/#article\",\"isPartOf\":{\"@id\":\"https:\\\/\\\/www2.energia.coop\\\/brasil\\\/blog\\\/as-comunidades-na-lideranca-da-transicao-energetica\\\/\"},\"author\":{\"name\":\"energia\",\"@id\":\"https:\\\/\\\/www2.energia.coop\\\/brasil\\\/#\\\/schema\\\/person\\\/697a7871a4ef9404cd3df0f0d84f2ccd\"},\"headline\":\"As comunidades na lideran\u00e7a da transi\u00e7\u00e3o energ\u00e9tica\",\"datePublished\":\"2022-02-04T12:23:07+00:00\",\"dateModified\":\"2022-06-24T17:39:37+00:00\",\"mainEntityOfPage\":{\"@id\":\"https:\\\/\\\/www2.energia.coop\\\/brasil\\\/blog\\\/as-comunidades-na-lideranca-da-transicao-energetica\\\/\"},\"wordCount\":1344,\"commentCount\":0,\"image\":{\"@id\":\"https:\\\/\\\/www2.energia.coop\\\/brasil\\\/blog\\\/as-comunidades-na-lideranca-da-transicao-energetica\\\/#primaryimage\"},\"thumbnailUrl\":\"https:\\\/\\\/www2.energia.coop\\\/brasil\\\/wp-content\\\/uploads\\\/2022\\\/02\\\/Revolusolar-Oficina-Criancas-babilonia-favela-1-2-1-e1643980480285.jpg\",\"keywords\":[\"Energia Cooperativa\"],\"articleSection\":[\"Blog\"],\"inLanguage\":\"pt-BR\",\"potentialAction\":[{\"@type\":\"CommentAction\",\"name\":\"Comment\",\"target\":[\"https:\\\/\\\/www2.energia.coop\\\/brasil\\\/blog\\\/as-comunidades-na-lideranca-da-transicao-energetica\\\/#respond\"]}]},{\"@type\":\"WebPage\",\"@id\":\"https:\\\/\\\/www2.energia.coop\\\/brasil\\\/blog\\\/as-comunidades-na-lideranca-da-transicao-energetica\\\/\",\"url\":\"https:\\\/\\\/www2.energia.coop\\\/brasil\\\/blog\\\/as-comunidades-na-lideranca-da-transicao-energetica\\\/\",\"name\":\"As comunidades na lideran\u00e7a da transi\u00e7\u00e3o energ\u00e9tica - Energia Cooperativa\",\"isPartOf\":{\"@id\":\"https:\\\/\\\/www2.energia.coop\\\/brasil\\\/#website\"},\"primaryImageOfPage\":{\"@id\":\"https:\\\/\\\/www2.energia.coop\\\/brasil\\\/blog\\\/as-comunidades-na-lideranca-da-transicao-energetica\\\/#primaryimage\"},\"image\":{\"@id\":\"https:\\\/\\\/www2.energia.coop\\\/brasil\\\/blog\\\/as-comunidades-na-lideranca-da-transicao-energetica\\\/#primaryimage\"},\"thumbnailUrl\":\"https:\\\/\\\/www2.energia.coop\\\/brasil\\\/wp-content\\\/uploads\\\/2022\\\/02\\\/Revolusolar-Oficina-Criancas-babilonia-favela-1-2-1-e1643980480285.jpg\",\"datePublished\":\"2022-02-04T12:23:07+00:00\",\"dateModified\":\"2022-06-24T17:39:37+00:00\",\"author\":{\"@id\":\"https:\\\/\\\/www2.energia.coop\\\/brasil\\\/#\\\/schema\\\/person\\\/697a7871a4ef9404cd3df0f0d84f2ccd\"},\"inLanguage\":\"pt-BR\",\"potentialAction\":[{\"@type\":\"ReadAction\",\"target\":[\"https:\\\/\\\/www2.energia.coop\\\/brasil\\\/blog\\\/as-comunidades-na-lideranca-da-transicao-energetica\\\/\"]}]},{\"@type\":\"ImageObject\",\"inLanguage\":\"pt-BR\",\"@id\":\"https:\\\/\\\/www2.energia.coop\\\/brasil\\\/blog\\\/as-comunidades-na-lideranca-da-transicao-energetica\\\/#primaryimage\",\"url\":\"https:\\\/\\\/www2.energia.coop\\\/brasil\\\/wp-content\\\/uploads\\\/2022\\\/02\\\/Revolusolar-Oficina-Criancas-babilonia-favela-1-2-1-e1643980480285.jpg\",\"contentUrl\":\"https:\\\/\\\/www2.energia.coop\\\/brasil\\\/wp-content\\\/uploads\\\/2022\\\/02\\\/Revolusolar-Oficina-Criancas-babilonia-favela-1-2-1-e1643980480285.jpg\",\"width\":1492,\"height\":787},{\"@type\":\"WebSite\",\"@id\":\"https:\\\/\\\/www2.energia.coop\\\/brasil\\\/#website\",\"url\":\"https:\\\/\\\/www2.energia.coop\\\/brasil\\\/\",\"name\":\"Energia Cooperativa\",\"description\":\"\",\"potentialAction\":[{\"@type\":\"SearchAction\",\"target\":{\"@type\":\"EntryPoint\",\"urlTemplate\":\"https:\\\/\\\/www2.energia.coop\\\/brasil\\\/?s={search_term_string}\"},\"query-input\":{\"@type\":\"PropertyValueSpecification\",\"valueRequired\":true,\"valueName\":\"search_term_string\"}}],\"inLanguage\":\"pt-BR\"},{\"@type\":\"Person\",\"@id\":\"https:\\\/\\\/www2.energia.coop\\\/brasil\\\/#\\\/schema\\\/person\\\/697a7871a4ef9404cd3df0f0d84f2ccd\",\"name\":\"energia\",\"image\":{\"@type\":\"ImageObject\",\"inLanguage\":\"pt-BR\",\"@id\":\"https:\\\/\\\/secure.gravatar.com\\\/avatar\\\/1f8d6461d2fb019dc81242feecb0c723ed1144bb91b43857997f664435ea5c52?s=96&d=mm&r=g\",\"url\":\"https:\\\/\\\/secure.gravatar.com\\\/avatar\\\/1f8d6461d2fb019dc81242feecb0c723ed1144bb91b43857997f664435ea5c52?s=96&d=mm&r=g\",\"contentUrl\":\"https:\\\/\\\/secure.gravatar.com\\\/avatar\\\/1f8d6461d2fb019dc81242feecb0c723ed1144bb91b43857997f664435ea5c52?s=96&d=mm&r=g\",\"caption\":\"energia\"},\"url\":\"https:\\\/\\\/www2.energia.coop\\\/brasil\\\/author\\\/energia\\\/\"}]}<\/script>\n<!-- \/ Yoast SEO plugin. -->","yoast_head_json":{"title":"As comunidades na lideran\u00e7a da transi\u00e7\u00e3o energ\u00e9tica - Energia Cooperativa","robots":{"index":"index","follow":"follow","max-snippet":"max-snippet:-1","max-image-preview":"max-image-preview:large","max-video-preview":"max-video-preview:-1"},"canonical":"https:\/\/www2.energia.coop\/brasil\/blog\/as-comunidades-na-lideranca-da-transicao-energetica\/","og_locale":"pt_BR","og_type":"article","og_title":"As comunidades na lideran\u00e7a da transi\u00e7\u00e3o energ\u00e9tica - Energia Cooperativa","og_description":"Iniciativas de energia comunit\u00e1ria est\u00e3o fazendo a diferen\u00e7a em v\u00e1rios pa\u00edses do mundo! Confira um pouco da trajet\u00f3ria de algumas iniciativas brasileiras que est\u00e3o em destaque no relat\u00f3rio internacional Let Communities Lead, publicado no final de 2021.","og_url":"https:\/\/www2.energia.coop\/brasil\/blog\/as-comunidades-na-lideranca-da-transicao-energetica\/","og_site_name":"Energia Cooperativa","article_published_time":"2022-02-04T12:23:07+00:00","article_modified_time":"2022-06-24T17:39:37+00:00","og_image":[{"width":1492,"height":787,"url":"https:\/\/www2.energia.coop\/brasil\/wp-content\/uploads\/2022\/02\/Revolusolar-Oficina-Criancas-babilonia-favela-1-2-1-e1643980480285.jpg","type":"image\/jpeg"}],"author":"energia","twitter_card":"summary_large_image","twitter_misc":{"Escrito por":"energia","Est. tempo de leitura":"8 minutos"},"schema":{"@context":"https:\/\/schema.org","@graph":[{"@type":"Article","@id":"https:\/\/www2.energia.coop\/brasil\/blog\/as-comunidades-na-lideranca-da-transicao-energetica\/#article","isPartOf":{"@id":"https:\/\/www2.energia.coop\/brasil\/blog\/as-comunidades-na-lideranca-da-transicao-energetica\/"},"author":{"name":"energia","@id":"https:\/\/www2.energia.coop\/brasil\/#\/schema\/person\/697a7871a4ef9404cd3df0f0d84f2ccd"},"headline":"As comunidades na lideran\u00e7a da transi\u00e7\u00e3o energ\u00e9tica","datePublished":"2022-02-04T12:23:07+00:00","dateModified":"2022-06-24T17:39:37+00:00","mainEntityOfPage":{"@id":"https:\/\/www2.energia.coop\/brasil\/blog\/as-comunidades-na-lideranca-da-transicao-energetica\/"},"wordCount":1344,"commentCount":0,"image":{"@id":"https:\/\/www2.energia.coop\/brasil\/blog\/as-comunidades-na-lideranca-da-transicao-energetica\/#primaryimage"},"thumbnailUrl":"https:\/\/www2.energia.coop\/brasil\/wp-content\/uploads\/2022\/02\/Revolusolar-Oficina-Criancas-babilonia-favela-1-2-1-e1643980480285.jpg","keywords":["Energia Cooperativa"],"articleSection":["Blog"],"inLanguage":"pt-BR","potentialAction":[{"@type":"CommentAction","name":"Comment","target":["https:\/\/www2.energia.coop\/brasil\/blog\/as-comunidades-na-lideranca-da-transicao-energetica\/#respond"]}]},{"@type":"WebPage","@id":"https:\/\/www2.energia.coop\/brasil\/blog\/as-comunidades-na-lideranca-da-transicao-energetica\/","url":"https:\/\/www2.energia.coop\/brasil\/blog\/as-comunidades-na-lideranca-da-transicao-energetica\/","name":"As comunidades na lideran\u00e7a da transi\u00e7\u00e3o energ\u00e9tica - Energia Cooperativa","isPartOf":{"@id":"https:\/\/www2.energia.coop\/brasil\/#website"},"primaryImageOfPage":{"@id":"https:\/\/www2.energia.coop\/brasil\/blog\/as-comunidades-na-lideranca-da-transicao-energetica\/#primaryimage"},"image":{"@id":"https:\/\/www2.energia.coop\/brasil\/blog\/as-comunidades-na-lideranca-da-transicao-energetica\/#primaryimage"},"thumbnailUrl":"https:\/\/www2.energia.coop\/brasil\/wp-content\/uploads\/2022\/02\/Revolusolar-Oficina-Criancas-babilonia-favela-1-2-1-e1643980480285.jpg","datePublished":"2022-02-04T12:23:07+00:00","dateModified":"2022-06-24T17:39:37+00:00","author":{"@id":"https:\/\/www2.energia.coop\/brasil\/#\/schema\/person\/697a7871a4ef9404cd3df0f0d84f2ccd"},"inLanguage":"pt-BR","potentialAction":[{"@type":"ReadAction","target":["https:\/\/www2.energia.coop\/brasil\/blog\/as-comunidades-na-lideranca-da-transicao-energetica\/"]}]},{"@type":"ImageObject","inLanguage":"pt-BR","@id":"https:\/\/www2.energia.coop\/brasil\/blog\/as-comunidades-na-lideranca-da-transicao-energetica\/#primaryimage","url":"https:\/\/www2.energia.coop\/brasil\/wp-content\/uploads\/2022\/02\/Revolusolar-Oficina-Criancas-babilonia-favela-1-2-1-e1643980480285.jpg","contentUrl":"https:\/\/www2.energia.coop\/brasil\/wp-content\/uploads\/2022\/02\/Revolusolar-Oficina-Criancas-babilonia-favela-1-2-1-e1643980480285.jpg","width":1492,"height":787},{"@type":"WebSite","@id":"https:\/\/www2.energia.coop\/brasil\/#website","url":"https:\/\/www2.energia.coop\/brasil\/","name":"Energia Cooperativa","description":"","potentialAction":[{"@type":"SearchAction","target":{"@type":"EntryPoint","urlTemplate":"https:\/\/www2.energia.coop\/brasil\/?s={search_term_string}"},"query-input":{"@type":"PropertyValueSpecification","valueRequired":true,"valueName":"search_term_string"}}],"inLanguage":"pt-BR"},{"@type":"Person","@id":"https:\/\/www2.energia.coop\/brasil\/#\/schema\/person\/697a7871a4ef9404cd3df0f0d84f2ccd","name":"energia","image":{"@type":"ImageObject","inLanguage":"pt-BR","@id":"https:\/\/secure.gravatar.com\/avatar\/1f8d6461d2fb019dc81242feecb0c723ed1144bb91b43857997f664435ea5c52?s=96&d=mm&r=g","url":"https:\/\/secure.gravatar.com\/avatar\/1f8d6461d2fb019dc81242feecb0c723ed1144bb91b43857997f664435ea5c52?s=96&d=mm&r=g","contentUrl":"https:\/\/secure.gravatar.com\/avatar\/1f8d6461d2fb019dc81242feecb0c723ed1144bb91b43857997f664435ea5c52?s=96&d=mm&r=g","caption":"energia"},"url":"https:\/\/www2.energia.coop\/brasil\/author\/energia\/"}]}},"_links":{"self":[{"href":"https:\/\/www2.energia.coop\/brasil\/wp-json\/wp\/v2\/posts\/1554","targetHints":{"allow":["GET"]}}],"collection":[{"href":"https:\/\/www2.energia.coop\/brasil\/wp-json\/wp\/v2\/posts"}],"about":[{"href":"https:\/\/www2.energia.coop\/brasil\/wp-json\/wp\/v2\/types\/post"}],"author":[{"embeddable":true,"href":"https:\/\/www2.energia.coop\/brasil\/wp-json\/wp\/v2\/users\/2"}],"replies":[{"embeddable":true,"href":"https:\/\/www2.energia.coop\/brasil\/wp-json\/wp\/v2\/comments?post=1554"}],"version-history":[{"count":0,"href":"https:\/\/www2.energia.coop\/brasil\/wp-json\/wp\/v2\/posts\/1554\/revisions"}],"wp:featuredmedia":[{"embeddable":true,"href":"https:\/\/www2.energia.coop\/brasil\/wp-json\/wp\/v2\/media\/1573"}],"wp:attachment":[{"href":"https:\/\/www2.energia.coop\/brasil\/wp-json\/wp\/v2\/media?parent=1554"}],"wp:term":[{"taxonomy":"category","embeddable":true,"href":"https:\/\/www2.energia.coop\/brasil\/wp-json\/wp\/v2\/categories?post=1554"},{"taxonomy":"post_tag","embeddable":true,"href":"https:\/\/www2.energia.coop\/brasil\/wp-json\/wp\/v2\/tags?post=1554"}],"curies":[{"name":"wp","href":"https:\/\/api.w.org\/{rel}","templated":true}]}}