

{"id":1314,"date":"2021-11-18T11:54:20","date_gmt":"2021-11-18T14:54:20","guid":{"rendered":"https:\/\/www2.energia.coop\/brasil\/biblioteca\/mobe-coop\/"},"modified":"2023-05-25T15:18:41","modified_gmt":"2023-05-25T18:18:41","slug":"percilia-e-lucio","status":"publish","type":"post","link":"https:\/\/www2.energia.coop\/brasil\/mapa-de-iniciativas\/cooperativa\/percilia-e-lucio\/","title":{"rendered":"Cooperativa Perc\u00edlia e L\u00facio"},"content":{"rendered":"<p>Esta \u00e9 a primeira cooperativa de energia solar em favelas do Brasil, um projeto piloto da Revolusolar. Este projeto rendeu diversas premia\u00e7\u00f5es nacionais e internacionais para a organiza\u00e7\u00e3o, como o pr\u00eamio global da ONU Young Champions of the Earth.<\/p>\n<p>A Revolusolar \u00e9 uma associa\u00e7\u00e3o sem fins lucrativos, fundada em 2015, com sede na favela da Babil\u00f4nia, no Rio de Janeiro, com uma miss\u00e3o: promover o desenvolvimento sustent\u00e1vel de comunidades de baixa renda atrav\u00e9s da energia solar. Adotamos como norte a Agenda 2030 e os Objetivos de Desenvolvimento Sustent\u00e1vel da ONU. Nosso modelo de atua\u00e7\u00e3o, que chamamos de Ciclo Solar, combina instala\u00e7\u00f5es solares com efici\u00eancia energ\u00e9tica, forma\u00e7\u00e3o profissional e educa\u00e7\u00e3o ambiental. As instala\u00e7\u00f5es s\u00e3o realizadas e mantidas pelos eletricistas e instaladores solares formados na comunidade. Essa capacita\u00e7\u00e3o, aliada \u00e0 educa\u00e7\u00e3o ambiental infantojuvenil, promove o envolvimento da popula\u00e7\u00e3o local em todas as fases do projeto. Procuramos assim integrar o trip\u00e9 da sustentabilidade (econ\u00f4mico, social e ambiental).<\/p>\n<p>Atuamos, desde 2015, nas favelas da Babil\u00f4nia e Chap\u00e9u Mangueira (B&amp;CM), onde j\u00e1 instalamos 38 kWp (energia solar para 2 com\u00e9rcios, 1 escola e 34 fam\u00edlias), formamos 50 moradores como eletricistas e instaladores solares, incluindo a primeira mulher instaladora solar de uma favela, e temos 60 crian\u00e7as e adolescentes no programa de educa\u00e7\u00e3o ambiental.<\/p>\n<p>Nossa estrat\u00e9gia para a\u00e7\u00f5es futuras inclui a replica\u00e7\u00e3o do Ciclo Solar em novas comunidades. Em cada comunidade, a proposta \u00e9 avan\u00e7ar em duas etapas. Na primeira, instalamos pain\u00e9is solares em uma institui\u00e7\u00e3o social local de refer\u00eancia e promovemos as primeiras turmas de capacita\u00e7\u00e3o profissional e de educa\u00e7\u00e3o ambiental infantojuvenil. Este est\u00e1gio inicial tangibiliza e socializa os benef\u00edcios da energia solar para a comunidade, e oferece oportunidades de aprendizado e engajamento por parte da popula\u00e7\u00e3o local. Na etapa seguinte, expandimos as instala\u00e7\u00f5es solares para as resid\u00eancias e com\u00e9rcio locais, por meio da modalidade de gera\u00e7\u00e3o local junto \u00e0 carga (instala\u00e7\u00f5es individuais) ou da gera\u00e7\u00e3o compartilhada (cooperativas), dependendo das condi\u00e7\u00f5es sociais, econ\u00f4micas e territoriais da comunidade. Nesta segunda etapa, tamb\u00e9m consolidamos os moradores capacitados localmente como respons\u00e1veis pela manuten\u00e7\u00e3o do projeto.<\/p>\n<p>Atuamos tamb\u00e9m com projetos de pesquisa e advocacy, de maneira a gerar e disseminar conhecimento sobre a democratiza\u00e7\u00e3o da transi\u00e7\u00e3o energ\u00e9tica e representar os interesses da popula\u00e7\u00e3o de baixa renda no setor energ\u00e9tico.<\/p>\n<h4>Saiba mais em:<\/h4>\n<p>&nbsp;<\/p>\n","protected":false},"excerpt":{"rendered":"<p>Esta \u00e9 a primeira cooperativa de energia solar em favelas do Brasil, um projeto piloto da Revolusolar. Este projeto rendeu diversas premia\u00e7\u00f5es nacionais e internacionais para a organiza\u00e7\u00e3o, como o pr\u00eamio global da ONU Young Champions of the Earth. A Revolusolar \u00e9 uma associa\u00e7\u00e3o sem fins lucrativos, fundada em 2015, com sede na favela da [&hellip;]<\/p>\n","protected":false},"author":2,"featured_media":1320,"comment_status":"open","ping_status":"open","sticky":false,"template":"","format":"standard","meta":{"_acf_changed":false,"footnotes":""},"categories":[10],"tags":[],"class_list":["post-1314","post","type-post","status-publish","format-standard","has-post-thumbnail","hentry","category-cooperativa"],"acf":[],"yoast_head":"<!-- This site is optimized with the Yoast SEO plugin v27.4 - https:\/\/yoast.com\/product\/yoast-seo-wordpress\/ -->\n<title>Cooperativa Perc\u00edlia e L\u00facio - Energia Cooperativa<\/title>\n<meta name=\"robots\" content=\"index, follow, max-snippet:-1, max-image-preview:large, max-video-preview:-1\" \/>\n<link rel=\"canonical\" href=\"https:\/\/www2.energia.coop\/brasil\/mapa-de-iniciativas\/cooperativa\/percilia-e-lucio\/\" \/>\n<meta property=\"og:locale\" content=\"pt_BR\" \/>\n<meta property=\"og:type\" content=\"article\" \/>\n<meta property=\"og:title\" content=\"Cooperativa Perc\u00edlia e L\u00facio - Energia Cooperativa\" \/>\n<meta property=\"og:description\" content=\"Esta \u00e9 a primeira cooperativa de energia solar em favelas do Brasil, um projeto piloto da Revolusolar. Este projeto rendeu diversas premia\u00e7\u00f5es nacionais e internacionais para a organiza\u00e7\u00e3o, como o pr\u00eamio global da ONU Young Champions of the Earth. A Revolusolar \u00e9 uma associa\u00e7\u00e3o sem fins lucrativos, fundada em 2015, com sede na favela da [&hellip;]\" \/>\n<meta property=\"og:url\" content=\"https:\/\/www2.energia.coop\/brasil\/mapa-de-iniciativas\/cooperativa\/percilia-e-lucio\/\" \/>\n<meta property=\"og:site_name\" content=\"Energia Cooperativa\" \/>\n<meta property=\"article:published_time\" content=\"2021-11-18T14:54:20+00:00\" \/>\n<meta property=\"article:modified_time\" content=\"2023-05-25T18:18:41+00:00\" \/>\n<meta property=\"og:image\" content=\"https:\/\/www2.energia.coop\/brasil\/wp-content\/uploads\/2021\/11\/instalacao-cooperativa-Eduardo-Avila2-scaled.jpg\" \/>\n\t<meta property=\"og:image:width\" content=\"2560\" \/>\n\t<meta property=\"og:image:height\" content=\"2496\" \/>\n\t<meta property=\"og:image:type\" content=\"image\/jpeg\" \/>\n<meta name=\"author\" content=\"energia\" \/>\n<meta name=\"twitter:card\" content=\"summary_large_image\" \/>\n<meta name=\"twitter:label1\" content=\"Escrito por\" \/>\n\t<meta name=\"twitter:data1\" content=\"energia\" \/>\n\t<meta name=\"twitter:label2\" content=\"Est. tempo de leitura\" \/>\n\t<meta name=\"twitter:data2\" content=\"3 minutos\" \/>\n<script type=\"application\/ld+json\" class=\"yoast-schema-graph\">{\"@context\":\"https:\\\/\\\/schema.org\",\"@graph\":[{\"@type\":\"Article\",\"@id\":\"https:\\\/\\\/www2.energia.coop\\\/brasil\\\/mapa-de-iniciativas\\\/cooperativa\\\/percilia-e-lucio\\\/#article\",\"isPartOf\":{\"@id\":\"https:\\\/\\\/www2.energia.coop\\\/brasil\\\/mapa-de-iniciativas\\\/cooperativa\\\/percilia-e-lucio\\\/\"},\"author\":{\"name\":\"energia\",\"@id\":\"https:\\\/\\\/www2.energia.coop\\\/brasil\\\/#\\\/schema\\\/person\\\/697a7871a4ef9404cd3df0f0d84f2ccd\"},\"headline\":\"Cooperativa Perc\u00edlia e L\u00facio\",\"datePublished\":\"2021-11-18T14:54:20+00:00\",\"dateModified\":\"2023-05-25T18:18:41+00:00\",\"mainEntityOfPage\":{\"@id\":\"https:\\\/\\\/www2.energia.coop\\\/brasil\\\/mapa-de-iniciativas\\\/cooperativa\\\/percilia-e-lucio\\\/\"},\"wordCount\":424,\"commentCount\":0,\"image\":{\"@id\":\"https:\\\/\\\/www2.energia.coop\\\/brasil\\\/mapa-de-iniciativas\\\/cooperativa\\\/percilia-e-lucio\\\/#primaryimage\"},\"thumbnailUrl\":\"https:\\\/\\\/www2.energia.coop\\\/brasil\\\/wp-content\\\/uploads\\\/2021\\\/11\\\/instalacao-cooperativa-Eduardo-Avila2-scaled.jpg\",\"articleSection\":[\"Cooperativa\"],\"inLanguage\":\"pt-BR\",\"potentialAction\":[{\"@type\":\"CommentAction\",\"name\":\"Comment\",\"target\":[\"https:\\\/\\\/www2.energia.coop\\\/brasil\\\/mapa-de-iniciativas\\\/cooperativa\\\/percilia-e-lucio\\\/#respond\"]}]},{\"@type\":\"WebPage\",\"@id\":\"https:\\\/\\\/www2.energia.coop\\\/brasil\\\/mapa-de-iniciativas\\\/cooperativa\\\/percilia-e-lucio\\\/\",\"url\":\"https:\\\/\\\/www2.energia.coop\\\/brasil\\\/mapa-de-iniciativas\\\/cooperativa\\\/percilia-e-lucio\\\/\",\"name\":\"Cooperativa Perc\u00edlia e L\u00facio - Energia Cooperativa\",\"isPartOf\":{\"@id\":\"https:\\\/\\\/www2.energia.coop\\\/brasil\\\/#website\"},\"primaryImageOfPage\":{\"@id\":\"https:\\\/\\\/www2.energia.coop\\\/brasil\\\/mapa-de-iniciativas\\\/cooperativa\\\/percilia-e-lucio\\\/#primaryimage\"},\"image\":{\"@id\":\"https:\\\/\\\/www2.energia.coop\\\/brasil\\\/mapa-de-iniciativas\\\/cooperativa\\\/percilia-e-lucio\\\/#primaryimage\"},\"thumbnailUrl\":\"https:\\\/\\\/www2.energia.coop\\\/brasil\\\/wp-content\\\/uploads\\\/2021\\\/11\\\/instalacao-cooperativa-Eduardo-Avila2-scaled.jpg\",\"datePublished\":\"2021-11-18T14:54:20+00:00\",\"dateModified\":\"2023-05-25T18:18:41+00:00\",\"author\":{\"@id\":\"https:\\\/\\\/www2.energia.coop\\\/brasil\\\/#\\\/schema\\\/person\\\/697a7871a4ef9404cd3df0f0d84f2ccd\"},\"inLanguage\":\"pt-BR\",\"potentialAction\":[{\"@type\":\"ReadAction\",\"target\":[\"https:\\\/\\\/www2.energia.coop\\\/brasil\\\/mapa-de-iniciativas\\\/cooperativa\\\/percilia-e-lucio\\\/\"]}]},{\"@type\":\"ImageObject\",\"inLanguage\":\"pt-BR\",\"@id\":\"https:\\\/\\\/www2.energia.coop\\\/brasil\\\/mapa-de-iniciativas\\\/cooperativa\\\/percilia-e-lucio\\\/#primaryimage\",\"url\":\"https:\\\/\\\/www2.energia.coop\\\/brasil\\\/wp-content\\\/uploads\\\/2021\\\/11\\\/instalacao-cooperativa-Eduardo-Avila2-scaled.jpg\",\"contentUrl\":\"https:\\\/\\\/www2.energia.coop\\\/brasil\\\/wp-content\\\/uploads\\\/2021\\\/11\\\/instalacao-cooperativa-Eduardo-Avila2-scaled.jpg\",\"width\":2560,\"height\":2496},{\"@type\":\"WebSite\",\"@id\":\"https:\\\/\\\/www2.energia.coop\\\/brasil\\\/#website\",\"url\":\"https:\\\/\\\/www2.energia.coop\\\/brasil\\\/\",\"name\":\"Energia Cooperativa\",\"description\":\"\",\"potentialAction\":[{\"@type\":\"SearchAction\",\"target\":{\"@type\":\"EntryPoint\",\"urlTemplate\":\"https:\\\/\\\/www2.energia.coop\\\/brasil\\\/?s={search_term_string}\"},\"query-input\":{\"@type\":\"PropertyValueSpecification\",\"valueRequired\":true,\"valueName\":\"search_term_string\"}}],\"inLanguage\":\"pt-BR\"},{\"@type\":\"Person\",\"@id\":\"https:\\\/\\\/www2.energia.coop\\\/brasil\\\/#\\\/schema\\\/person\\\/697a7871a4ef9404cd3df0f0d84f2ccd\",\"name\":\"energia\",\"image\":{\"@type\":\"ImageObject\",\"inLanguage\":\"pt-BR\",\"@id\":\"https:\\\/\\\/secure.gravatar.com\\\/avatar\\\/1f8d6461d2fb019dc81242feecb0c723ed1144bb91b43857997f664435ea5c52?s=96&d=mm&r=g\",\"url\":\"https:\\\/\\\/secure.gravatar.com\\\/avatar\\\/1f8d6461d2fb019dc81242feecb0c723ed1144bb91b43857997f664435ea5c52?s=96&d=mm&r=g\",\"contentUrl\":\"https:\\\/\\\/secure.gravatar.com\\\/avatar\\\/1f8d6461d2fb019dc81242feecb0c723ed1144bb91b43857997f664435ea5c52?s=96&d=mm&r=g\",\"caption\":\"energia\"},\"url\":\"https:\\\/\\\/www2.energia.coop\\\/brasil\\\/author\\\/energia\\\/\"}]}<\/script>\n<!-- \/ Yoast SEO plugin. -->","yoast_head_json":{"title":"Cooperativa Perc\u00edlia e L\u00facio - Energia Cooperativa","robots":{"index":"index","follow":"follow","max-snippet":"max-snippet:-1","max-image-preview":"max-image-preview:large","max-video-preview":"max-video-preview:-1"},"canonical":"https:\/\/www2.energia.coop\/brasil\/mapa-de-iniciativas\/cooperativa\/percilia-e-lucio\/","og_locale":"pt_BR","og_type":"article","og_title":"Cooperativa Perc\u00edlia e L\u00facio - Energia Cooperativa","og_description":"Esta \u00e9 a primeira cooperativa de energia solar em favelas do Brasil, um projeto piloto da Revolusolar. Este projeto rendeu diversas premia\u00e7\u00f5es nacionais e internacionais para a organiza\u00e7\u00e3o, como o pr\u00eamio global da ONU Young Champions of the Earth. A Revolusolar \u00e9 uma associa\u00e7\u00e3o sem fins lucrativos, fundada em 2015, com sede na favela da [&hellip;]","og_url":"https:\/\/www2.energia.coop\/brasil\/mapa-de-iniciativas\/cooperativa\/percilia-e-lucio\/","og_site_name":"Energia Cooperativa","article_published_time":"2021-11-18T14:54:20+00:00","article_modified_time":"2023-05-25T18:18:41+00:00","og_image":[{"width":2560,"height":2496,"url":"https:\/\/www2.energia.coop\/brasil\/wp-content\/uploads\/2021\/11\/instalacao-cooperativa-Eduardo-Avila2-scaled.jpg","type":"image\/jpeg"}],"author":"energia","twitter_card":"summary_large_image","twitter_misc":{"Escrito por":"energia","Est. tempo de leitura":"3 minutos"},"schema":{"@context":"https:\/\/schema.org","@graph":[{"@type":"Article","@id":"https:\/\/www2.energia.coop\/brasil\/mapa-de-iniciativas\/cooperativa\/percilia-e-lucio\/#article","isPartOf":{"@id":"https:\/\/www2.energia.coop\/brasil\/mapa-de-iniciativas\/cooperativa\/percilia-e-lucio\/"},"author":{"name":"energia","@id":"https:\/\/www2.energia.coop\/brasil\/#\/schema\/person\/697a7871a4ef9404cd3df0f0d84f2ccd"},"headline":"Cooperativa Perc\u00edlia e L\u00facio","datePublished":"2021-11-18T14:54:20+00:00","dateModified":"2023-05-25T18:18:41+00:00","mainEntityOfPage":{"@id":"https:\/\/www2.energia.coop\/brasil\/mapa-de-iniciativas\/cooperativa\/percilia-e-lucio\/"},"wordCount":424,"commentCount":0,"image":{"@id":"https:\/\/www2.energia.coop\/brasil\/mapa-de-iniciativas\/cooperativa\/percilia-e-lucio\/#primaryimage"},"thumbnailUrl":"https:\/\/www2.energia.coop\/brasil\/wp-content\/uploads\/2021\/11\/instalacao-cooperativa-Eduardo-Avila2-scaled.jpg","articleSection":["Cooperativa"],"inLanguage":"pt-BR","potentialAction":[{"@type":"CommentAction","name":"Comment","target":["https:\/\/www2.energia.coop\/brasil\/mapa-de-iniciativas\/cooperativa\/percilia-e-lucio\/#respond"]}]},{"@type":"WebPage","@id":"https:\/\/www2.energia.coop\/brasil\/mapa-de-iniciativas\/cooperativa\/percilia-e-lucio\/","url":"https:\/\/www2.energia.coop\/brasil\/mapa-de-iniciativas\/cooperativa\/percilia-e-lucio\/","name":"Cooperativa Perc\u00edlia e L\u00facio - Energia Cooperativa","isPartOf":{"@id":"https:\/\/www2.energia.coop\/brasil\/#website"},"primaryImageOfPage":{"@id":"https:\/\/www2.energia.coop\/brasil\/mapa-de-iniciativas\/cooperativa\/percilia-e-lucio\/#primaryimage"},"image":{"@id":"https:\/\/www2.energia.coop\/brasil\/mapa-de-iniciativas\/cooperativa\/percilia-e-lucio\/#primaryimage"},"thumbnailUrl":"https:\/\/www2.energia.coop\/brasil\/wp-content\/uploads\/2021\/11\/instalacao-cooperativa-Eduardo-Avila2-scaled.jpg","datePublished":"2021-11-18T14:54:20+00:00","dateModified":"2023-05-25T18:18:41+00:00","author":{"@id":"https:\/\/www2.energia.coop\/brasil\/#\/schema\/person\/697a7871a4ef9404cd3df0f0d84f2ccd"},"inLanguage":"pt-BR","potentialAction":[{"@type":"ReadAction","target":["https:\/\/www2.energia.coop\/brasil\/mapa-de-iniciativas\/cooperativa\/percilia-e-lucio\/"]}]},{"@type":"ImageObject","inLanguage":"pt-BR","@id":"https:\/\/www2.energia.coop\/brasil\/mapa-de-iniciativas\/cooperativa\/percilia-e-lucio\/#primaryimage","url":"https:\/\/www2.energia.coop\/brasil\/wp-content\/uploads\/2021\/11\/instalacao-cooperativa-Eduardo-Avila2-scaled.jpg","contentUrl":"https:\/\/www2.energia.coop\/brasil\/wp-content\/uploads\/2021\/11\/instalacao-cooperativa-Eduardo-Avila2-scaled.jpg","width":2560,"height":2496},{"@type":"WebSite","@id":"https:\/\/www2.energia.coop\/brasil\/#website","url":"https:\/\/www2.energia.coop\/brasil\/","name":"Energia Cooperativa","description":"","potentialAction":[{"@type":"SearchAction","target":{"@type":"EntryPoint","urlTemplate":"https:\/\/www2.energia.coop\/brasil\/?s={search_term_string}"},"query-input":{"@type":"PropertyValueSpecification","valueRequired":true,"valueName":"search_term_string"}}],"inLanguage":"pt-BR"},{"@type":"Person","@id":"https:\/\/www2.energia.coop\/brasil\/#\/schema\/person\/697a7871a4ef9404cd3df0f0d84f2ccd","name":"energia","image":{"@type":"ImageObject","inLanguage":"pt-BR","@id":"https:\/\/secure.gravatar.com\/avatar\/1f8d6461d2fb019dc81242feecb0c723ed1144bb91b43857997f664435ea5c52?s=96&d=mm&r=g","url":"https:\/\/secure.gravatar.com\/avatar\/1f8d6461d2fb019dc81242feecb0c723ed1144bb91b43857997f664435ea5c52?s=96&d=mm&r=g","contentUrl":"https:\/\/secure.gravatar.com\/avatar\/1f8d6461d2fb019dc81242feecb0c723ed1144bb91b43857997f664435ea5c52?s=96&d=mm&r=g","caption":"energia"},"url":"https:\/\/www2.energia.coop\/brasil\/author\/energia\/"}]}},"_links":{"self":[{"href":"https:\/\/www2.energia.coop\/brasil\/wp-json\/wp\/v2\/posts\/1314","targetHints":{"allow":["GET"]}}],"collection":[{"href":"https:\/\/www2.energia.coop\/brasil\/wp-json\/wp\/v2\/posts"}],"about":[{"href":"https:\/\/www2.energia.coop\/brasil\/wp-json\/wp\/v2\/types\/post"}],"author":[{"embeddable":true,"href":"https:\/\/www2.energia.coop\/brasil\/wp-json\/wp\/v2\/users\/2"}],"replies":[{"embeddable":true,"href":"https:\/\/www2.energia.coop\/brasil\/wp-json\/wp\/v2\/comments?post=1314"}],"version-history":[{"count":0,"href":"https:\/\/www2.energia.coop\/brasil\/wp-json\/wp\/v2\/posts\/1314\/revisions"}],"wp:featuredmedia":[{"embeddable":true,"href":"https:\/\/www2.energia.coop\/brasil\/wp-json\/wp\/v2\/media\/1320"}],"wp:attachment":[{"href":"https:\/\/www2.energia.coop\/brasil\/wp-json\/wp\/v2\/media?parent=1314"}],"wp:term":[{"taxonomy":"category","embeddable":true,"href":"https:\/\/www2.energia.coop\/brasil\/wp-json\/wp\/v2\/categories?post=1314"},{"taxonomy":"post_tag","embeddable":true,"href":"https:\/\/www2.energia.coop\/brasil\/wp-json\/wp\/v2\/tags?post=1314"}],"curies":[{"name":"wp","href":"https:\/\/api.w.org\/{rel}","templated":true}]}}