

{"id":1300,"date":"2021-11-11T15:16:39","date_gmt":"2021-11-11T18:16:39","guid":{"rendered":"https:\/\/www2.energia.coop\/brasil\/biblioteca\/sistema-ocb-disponibiliza-anuario-do-cooperativismo-brasileiro-2\/"},"modified":"2022-01-17T15:34:20","modified_gmt":"2022-01-17T18:34:20","slug":"energia-coop-completa-1-ano","status":"publish","type":"post","link":"https:\/\/www2.energia.coop\/brasil\/blog\/energia-coop-completa-1-ano\/","title":{"rendered":"Energia.coop completa 1 ano!"},"content":{"rendered":"<p><span class=\"TextRun SCXW127424778 BCX0\" lang=\"PT-BR\" xml:lang=\"PT-BR\" data-contrast=\"auto\"><span class=\"NormalTextRun SCXW127424778 BCX0\" data-ccp-parastyle=\"Normal0\" data-ccp-parastyle-defn=\"{&quot;ObjectId&quot;:&quot;6b0a7d9a-9c0d-4fff-a25c-247d32c54812|3&quot;,&quot;ClassId&quot;:1073872969,&quot;Properties&quot;:[134233614,&quot;true&quot;,134234082,&quot;true&quot;,201340122,&quot;2&quot;,201341983,&quot;0&quot;,335559739,&quot;160&quot;,335559740,&quot;259&quot;,469775450,&quot;Normal0&quot;,469778129,&quot;Normal0&quot;,469778325,&quot;[\\&quot;annotation text\\&quot;,\\&quot;Subtitle\\&quot;]&quot;]}\">Em outubro a plataforma\u00a0<\/span><\/span><a class=\"Hyperlink SCXW127424778 BCX0\" href=\"https:\/\/www2.energia.coop\/brasil\/\" target=\"_blank\" rel=\"noreferrer noopener\"><span class=\"FieldRange SCXW127424778 BCX0\"><span class=\"TextRun Underlined SCXW127424778 BCX0\" lang=\"PT-BR\" xml:lang=\"PT-BR\" data-contrast=\"none\"><span class=\"NormalTextRun CommentStart SCXW127424778 BCX0\" data-ccp-charstyle=\"Hyperlink\"><span style=\"text-decoration: underline;\"><span style=\"color: #008080; text-decoration: underline;\">Energia.coop<\/span><\/span><\/span><\/span><\/span><\/a><span class=\"TextRun SCXW127424778 BCX0\" lang=\"PT-BR\" xml:lang=\"PT-BR\" data-contrast=\"auto\"><span class=\"NormalTextRun SCXW127424778 BCX0\" data-ccp-parastyle=\"Normal0\">\u00a0<\/span><span class=\"NormalTextRun SCXW127424778 BCX0\" data-ccp-parastyle=\"Normal0\">celebrou um ano de atividades! O\u00a0<\/span><\/span><span style=\"text-decoration: underline; color: #008080;\"><a class=\"Hyperlink SCXW127424778 BCX0\" style=\"color: #008080;\" href=\"https:\/\/www.youtube.com\/watch?v=Xk5ETWxUgrc&amp;t=3011s&amp;ab_channel=FotovoltaicaUFSC\" target=\"_blank\" rel=\"noreferrer noopener\"><span class=\"TextRun Underlined SCXW127424778 BCX0\" lang=\"PT-BR\" xml:lang=\"PT-BR\" data-contrast=\"none\"><span class=\"NormalTextRun SCXW127424778 BCX0\" data-ccp-parastyle=\"Normal0\">evento de lan\u00e7amento<\/span><\/span><\/a><\/span><span class=\"TextRun SCXW127424778 BCX0\" lang=\"PT-BR\" xml:lang=\"PT-BR\" data-contrast=\"auto\"><span class=\"NormalTextRun SCXW127424778 BCX0\" data-ccp-parastyle=\"Normal0\">\u00a0ocorreu em 20 de outubro de 2020<\/span><span class=\"NormalTextRun SCXW127424778 BCX0\" data-ccp-parastyle=\"Normal0\">\u00a0e contou com a participa\u00e7\u00e3o das organiza\u00e7\u00f5es idealizadoras e de tr\u00eas iniciativas\u00a0<\/span><span class=\"NormalTextRun SCXW127424778 BCX0\" data-ccp-parastyle=\"Normal0\">brasileiras<\/span><span class=\"NormalTextRun SCXW127424778 BCX0\" data-ccp-parastyle=\"Normal0\">\u00a0<\/span><span class=\"NormalTextRun SCXW127424778 BCX0\" data-ccp-parastyle=\"Normal0\">de\u00a0<\/span><span class=\"NormalTextRun SCXW127424778 BCX0\" data-ccp-parastyle=\"Normal0\">e<\/span><span class=\"NormalTextRun SCXW127424778 BCX0\" data-ccp-parastyle=\"Normal0\">nergia\u00a0<\/span><span class=\"NormalTextRun SCXW127424778 BCX0\" data-ccp-parastyle=\"Normal0\">c<\/span><span class=\"NormalTextRun SCXW127424778 BCX0\" data-ccp-parastyle=\"Normal0\">ooperativa<\/span><span class=\"NormalTextRun SCXW127424778 BCX0\" data-ccp-parastyle=\"Normal0\">: a\u00a0<\/span><span class=\"NormalTextRun SpellingErrorV2 SCXW127424778 BCX0\" data-ccp-parastyle=\"Normal0\">Coopervales<\/span><span class=\"NormalTextRun SCXW127424778 BCX0\" data-ccp-parastyle=\"Normal0\">, o\u00a0<\/span><\/span><span style=\"text-decoration: underline; color: #008080;\"><a class=\"Hyperlink SCXW127424778 BCX0\" style=\"color: #008080;\" href=\"https:\/\/medium.com\/hist%C3%B3rias-socioambientais\/xingu-solar-ec722fcd310a\" target=\"_blank\" rel=\"noreferrer noopener\"><span class=\"TextRun Underlined SCXW127424778 BCX0\" lang=\"PT-BR\" xml:lang=\"PT-BR\" data-contrast=\"none\"><span class=\"NormalTextRun SCXW127424778 BCX0\" data-ccp-parastyle=\"Normal0\"><span style=\"color: #008080; text-decoration: underline;\">Xingu Solar<\/span><\/span><\/span><\/a><\/span><span class=\"TextRun SCXW127424778 BCX0\" lang=\"PT-BR\" xml:lang=\"PT-BR\" data-contrast=\"auto\"><span class=\"NormalTextRun SCXW127424778 BCX0\" data-ccp-parastyle=\"Normal0\">\u00a0e a\u00a0<\/span><\/span><span style=\"text-decoration: underline; color: #008080;\"><a class=\"Hyperlink SCXW127424778 BCX0\" style=\"color: #008080;\" href=\"https:\/\/enercred.com.br\/\" target=\"_blank\" rel=\"noreferrer noopener\"><span class=\"TextRun Underlined SCXW127424778 BCX0\" lang=\"PT-BR\" xml:lang=\"PT-BR\" data-contrast=\"none\"><span class=\"NormalTextRun SCXW127424778 BCX0\" data-ccp-parastyle=\"Normal0\">Enercred<\/span><\/span><\/a><\/span><span class=\"TextRun SCXW127424778 BCX0\" lang=\"PT-BR\" xml:lang=\"PT-BR\" data-contrast=\"auto\"><span class=\"NormalTextRun SCXW127424778 BCX0\" data-ccp-parastyle=\"Normal0\">.\u00a0<\/span><span class=\"NormalTextRun CommentStart SCXW127424778 BCX0\" data-ccp-parastyle=\"Normal0\">Desde ent\u00e3o\u00a0<\/span><span class=\"NormalTextRun SCXW127424778 BCX0\" data-ccp-parastyle=\"Normal0\">a plataforma vem oferecendo<\/span><span class=\"NormalTextRun SCXW127424778 BCX0\" data-ccp-parastyle=\"Normal0\">\u00a0conte\u00fados de qualidade e credibilidade sobre Energia Cooperativa, cumprindo\u00a0<\/span><\/span><span class=\"TextRun Highlight SCXW127424778 BCX0\" lang=\"PT-BR\" xml:lang=\"PT-BR\" data-contrast=\"none\"><span class=\"NormalTextRun SCXW127424778 BCX0\" data-ccp-parastyle=\"Normal0\">seu<\/span><span class=\"NormalTextRun SCXW127424778 BCX0\" data-ccp-parastyle=\"Normal0\">\u00a0objetivo de ser um ponto central de informa\u00e7\u00f5es sobre\u00a0<\/span><\/span><span class=\"TextRun Highlight SCXW127424778 BCX0\" lang=\"PT-BR\" xml:lang=\"PT-BR\" data-contrast=\"auto\"><span class=\"NormalTextRun SCXW127424778 BCX0\" data-ccp-parastyle=\"Normal0\">o assunto<\/span><\/span><span class=\"TextRun Highlight SCXW127424778 BCX0\" lang=\"PT-BR\" xml:lang=\"PT-BR\" data-contrast=\"none\"><span class=\"NormalTextRun SCXW127424778 BCX0\" data-ccp-parastyle=\"Normal0\">\u00a0no Brasil.<\/span><\/span><span class=\"TextRun SCXW127424778 BCX0\" lang=\"PT-BR\" xml:lang=\"PT-BR\" data-contrast=\"none\"><span class=\"NormalTextRun SCXW127424778 BCX0\" data-ccp-parastyle=\"Normal0\">\u00a0<\/span><\/span><span class=\"EOP SCXW127424778 BCX0\" data-ccp-props=\"{&quot;201341983&quot;:0,&quot;335551550&quot;:6,&quot;335551620&quot;:6,&quot;335559739&quot;:160,&quot;335559740&quot;:360,&quot;469777462&quot;:[2835],&quot;469777927&quot;:[0],&quot;469777928&quot;:[1]}\">\u00a0<\/span><\/p>\n<p><span class=\"TextRun SCXW16542098 BCX0\" lang=\"PT-BR\" xml:lang=\"PT-BR\" data-contrast=\"auto\"><span class=\"NormalTextRun SCXW16542098 BCX0\" data-ccp-parastyle=\"Normal0\" data-ccp-parastyle-defn=\"{&quot;ObjectId&quot;:&quot;6b0a7d9a-9c0d-4fff-a25c-247d32c54812|3&quot;,&quot;ClassId&quot;:1073872969,&quot;Properties&quot;:[134233614,&quot;true&quot;,134234082,&quot;true&quot;,201340122,&quot;2&quot;,201341983,&quot;0&quot;,335559739,&quot;160&quot;,335559740,&quot;259&quot;,469775450,&quot;Normal0&quot;,469778129,&quot;Normal0&quot;,469778325,&quot;[\\&quot;annotation text\\&quot;,\\&quot;Subtitle\\&quot;]&quot;]}\">Na Energia.<\/span><span class=\"NormalTextRun SCXW16542098 BCX0\" data-ccp-parastyle=\"Normal0\">coop<\/span><span class=\"NormalTextRun SCXW16542098 BCX0\" data-ccp-parastyle=\"Normal0\">\u00a0voc\u00ea encontra conte\u00fado informativo sobre as fontes de energias renov\u00e1veis,\u00a0<\/span><span class=\"NormalTextRun SCXW16542098 BCX0\" data-ccp-parastyle=\"Normal0\">o movimento cooperativo e cooperativas de energia. Voc\u00ea ainda pode navegar pelo\u00a0<\/span><\/span><span style=\"text-decoration: underline; color: #008080;\"><a style=\"color: #008080;\" href=\"https:\/\/www2.energia.coop\/brasil\/mapa-de-iniciativas\/\"><span class=\"TextRun Underlined SCXW16542098 BCX0\" lang=\"PT-BR\" xml:lang=\"PT-BR\" data-contrast=\"none\"><span class=\"NormalTextRun SCXW16542098 BCX0\" data-ccp-parastyle=\"Normal0\">mapa de iniciativas<\/span><\/span><\/a><\/span><span class=\"TextRun SCXW16542098 BCX0\" lang=\"PT-BR\" xml:lang=\"PT-BR\" data-contrast=\"auto\"><span class=\"NormalTextRun SCXW16542098 BCX0\" data-ccp-parastyle=\"Normal0\">, que apresenta algumas<\/span><span class=\"NormalTextRun CommentStart SCXW16542098 BCX0\" data-ccp-parastyle=\"Normal0\">\u00a0<\/span><span class=\"NormalTextRun SCXW16542098 BCX0\" data-ccp-parastyle=\"Normal0\">iniciativas<\/span><span class=\"NormalTextRun SCXW16542098 BCX0\" data-ccp-parastyle=\"Normal0\">\u00a0<\/span><span class=\"NormalTextRun SCXW16542098 BCX0\" data-ccp-parastyle=\"Normal0\">existentes no Brasil<\/span><span class=\"NormalTextRun SCXW16542098 BCX0\" data-ccp-parastyle=\"Normal0\">,<\/span><span class=\"NormalTextRun SCXW16542098 BCX0\" data-ccp-parastyle=\"Normal0\">\u00a0e\u00a0<\/span><span class=\"NormalTextRun SCXW16542098 BCX0\" data-ccp-parastyle=\"Normal0\">no<\/span><span class=\"NormalTextRun SCXW16542098 BCX0\" data-ccp-parastyle=\"Normal0\">\u00a0conte\u00fado<\/span><span class=\"NormalTextRun SCXW16542098 BCX0\" data-ccp-parastyle=\"Normal0\">\u00a0da\u00a0<\/span><\/span><span style=\"text-decoration: underline;\"><span style=\"color: #008080;\"><a style=\"color: #008080;\" href=\"https:\/\/www2.energia.coop\/brasil\/biblioteca\/\"><span class=\"TextRun Underlined SCXW16542098 BCX0\" lang=\"PT-BR\" xml:lang=\"PT-BR\" data-contrast=\"none\"><span class=\"NormalTextRun SCXW16542098 BCX0\" data-ccp-parastyle=\"Normal0\">biblioteca<\/span><\/span><\/a><\/span><\/span><span class=\"TextRun SCXW16542098 BCX0\" lang=\"PT-BR\" xml:lang=\"PT-BR\" data-contrast=\"auto\"><span class=\"NormalTextRun SCXW16542098 BCX0\" data-ccp-parastyle=\"Normal0\">, que est\u00e1 repleta de publica\u00e7\u00f5es, not\u00edcias<\/span><span class=\"NormalTextRun SCXW16542098 BCX0\" data-ccp-parastyle=\"Normal0\">, v\u00eddeos<\/span><span class=\"NormalTextRun SCXW16542098 BCX0\" data-ccp-parastyle=\"Normal0\">\u00a0e outr<\/span><span class=\"NormalTextRun SCXW16542098 BCX0\" data-ccp-parastyle=\"Normal0\">a<\/span><span class=\"NormalTextRun SCXW16542098 BCX0\" data-ccp-parastyle=\"Normal0\">s\u00a0<\/span><span class=\"NormalTextRun SCXW16542098 BCX0\" data-ccp-parastyle=\"Normal0\">informa\u00e7\u00f5es\u00a0<\/span><span class=\"NormalTextRun SCXW16542098 BCX0\" data-ccp-parastyle=\"Normal0\">relevantes sobre essa tem\u00e1tica<\/span><span class=\"NormalTextRun SCXW16542098 BCX0\" data-ccp-parastyle=\"Normal0\">. Para ficar ligado nas not\u00edcias do setor voc\u00ea tamb\u00e9m pode se\u00a0<\/span><\/span><span style=\"text-decoration: underline; color: #008080;\"><a style=\"color: #008080;\" href=\"https:\/\/bit.ly\/NewsletterEnergiaCoop\"><span class=\"FieldRange SCXW16542098 BCX0\"><span class=\"TextRun SCXW16542098 BCX0\" lang=\"PT-BR\" xml:lang=\"PT-BR\" data-contrast=\"auto\"><span class=\"NormalTextRun SCXW16542098 BCX0\" data-ccp-parastyle=\"Normal0\">inscrever\u00a0<\/span><\/span><span class=\"TextRun Underlined SCXW16542098 BCX0\" lang=\"PT-BR\" xml:lang=\"PT-BR\" data-contrast=\"none\"><span class=\"NormalTextRun SCXW16542098 BCX0\" data-ccp-charstyle=\"Hyperlink\">na newsletter<\/span><\/span><\/span><\/a><\/span><span class=\"TextRun SCXW16542098 BCX0\" lang=\"PT-BR\" xml:lang=\"PT-BR\" data-contrast=\"auto\"><span class=\"NormalTextRun SCXW16542098 BCX0\" data-ccp-parastyle=\"Normal0\">\u00a0mensal<\/span><span class=\"NormalTextRun SCXW16542098 BCX0\" data-ccp-parastyle=\"Normal0\">\u00a0da plataforma<\/span><span class=\"NormalTextRun CommentStart SCXW16542098 BCX0\" data-ccp-parastyle=\"Normal0\">.\u00a0<\/span><span class=\"NormalTextRun SCXW16542098 BCX0\" data-ccp-parastyle=\"Normal0\">Nesse primeiro ano de opera\u00e7\u00e3o, mais de 4200 pessoas acessaram a Energia.coop!<\/span><\/span><span class=\"EOP SCXW16542098 BCX0\" data-ccp-props=\"{&quot;201341983&quot;:0,&quot;335551550&quot;:6,&quot;335551620&quot;:6,&quot;335559739&quot;:160,&quot;335559740&quot;:360,&quot;469777462&quot;:[2835],&quot;469777927&quot;:[0],&quot;469777928&quot;:[1]}\">\u00a0<\/span><\/p>\n<p style=\"padding-left: 80px;\"><img loading=\"lazy\" decoding=\"async\" class=\"size-full wp-image-1302 aligncenter\" src=\"https:\/\/www2.energia.coop\/brasil\/wp-content\/uploads\/2021\/11\/pesquisa-dgrv-dados-coops-4-e1636654781685.png\" alt=\"\" width=\"753\" height=\"318\" srcset=\"https:\/\/www2.energia.coop\/brasil\/wp-content\/uploads\/2021\/11\/pesquisa-dgrv-dados-coops-4-e1636654781685.png 753w, https:\/\/www2.energia.coop\/brasil\/wp-content\/uploads\/2021\/11\/pesquisa-dgrv-dados-coops-4-e1636654781685-300x127.png 300w\" sizes=\"auto, (max-width: 753px) 100vw, 753px\" \/><\/p>\n<p><span class=\"TextRun SCXW187413256 BCX0\" lang=\"PT-BR\" xml:lang=\"PT-BR\" data-contrast=\"auto\"><span class=\"NormalTextRun SCXW187413256 BCX0\" data-ccp-parastyle=\"Normal0\" data-ccp-parastyle-defn=\"{&quot;ObjectId&quot;:&quot;6b0a7d9a-9c0d-4fff-a25c-247d32c54812|3&quot;,&quot;ClassId&quot;:1073872969,&quot;Properties&quot;:[134233614,&quot;true&quot;,134234082,&quot;true&quot;,201340122,&quot;2&quot;,201341983,&quot;0&quot;,335559739,&quot;160&quot;,335559740,&quot;259&quot;,469775450,&quot;Normal0&quot;,469778129,&quot;Normal0&quot;,469778325,&quot;[\\&quot;annotation text\\&quot;,\\&quot;Subtitle\\&quot;]&quot;]}\">Obrigada a todos e todas que fazem parte dessa hist\u00f3ria e que participam de forma ativa na transi\u00e7\u00e3o energ\u00e9tica brasileira!<\/span><\/span><span class=\"EOP SCXW187413256 BCX0\" data-ccp-props=\"{&quot;201341983&quot;:0,&quot;335551550&quot;:6,&quot;335551620&quot;:6,&quot;335559739&quot;:160,&quot;335559740&quot;:360,&quot;469777462&quot;:[2835],&quot;469777927&quot;:[0],&quot;469777928&quot;:[1]}\">\u00a0<\/span><\/p>\n<p>&nbsp;<\/p>\n<h4><strong><span class=\"TextRun SCXW172650582 BCX0\" lang=\"PT-BR\" xml:lang=\"PT-BR\" data-contrast=\"auto\"><span class=\"NormalTextRun SCXW172650582 BCX0\" data-ccp-parastyle=\"Normal0\" data-ccp-parastyle-defn=\"{&quot;ObjectId&quot;:&quot;6b0a7d9a-9c0d-4fff-a25c-247d32c54812|3&quot;,&quot;ClassId&quot;:1073872969,&quot;Properties&quot;:[134233614,&quot;true&quot;,134234082,&quot;true&quot;,201340122,&quot;2&quot;,201341983,&quot;0&quot;,335559739,&quot;160&quot;,335559740,&quot;259&quot;,469775450,&quot;Normal0&quot;,469778129,&quot;Normal0&quot;,469778325,&quot;[\\&quot;annotation text\\&quot;,\\&quot;Subtitle\\&quot;]&quot;]}\">Grupo de Trabalho das Cooperativas de Energia<\/span><\/span><\/strong><\/h4>\n<p><span data-contrast=\"auto\">E tem mais! Voc\u00ea sabia que as Cooperativas de Energia est\u00e3o organizadas em um grupo de trabalho?<\/span><span data-ccp-props=\"{&quot;201341983&quot;:0,&quot;335551550&quot;:6,&quot;335551620&quot;:6,&quot;335559739&quot;:160,&quot;335559740&quot;:360,&quot;469777462&quot;:[2835],&quot;469777927&quot;:[0],&quot;469777928&quot;:[1]}\">\u00a0<\/span><\/p>\n<p><span data-contrast=\"auto\">O\u00a0Grupo de\u00a0Trabalho das Cooperativas de Energia (GT de GD) surgiu com o prop\u00f3sito de\u00a0trocar experi\u00eancias,\u00a0representar e defender os interesses das Cooperativas de Energia e seus cooperados, em especial em Gera\u00e7\u00e3o Distribu\u00edda (GD) Compartilhada. Os encontros acontecem com o suporte de consultores e convidados que facilitam as discuss\u00f5es e momentos de troca e compartilham conte\u00fado com a rede. A participa\u00e7\u00e3o de membros de iniciativas cooperativas \u00e9 gratuita e volunt\u00e1ria.<\/span><span data-ccp-props=\"{&quot;201341983&quot;:0,&quot;335551550&quot;:6,&quot;335551620&quot;:6,&quot;335559739&quot;:160,&quot;335559740&quot;:360,&quot;469777462&quot;:[2835],&quot;469777927&quot;:[0],&quot;469777928&quot;:[1]}\">\u00a0<\/span><\/p>\n<p><span data-contrast=\"auto\">Atualmente s\u00e3o\u00a0<\/span><span data-contrast=\"auto\">23<\/span><span data-contrast=\"auto\">\u00a0iniciativas inscritas no GT e os encontros s\u00e3o bimestrais.\u00a0O GT possui ainda\u00a03 subgrupos de trabalho: cr\u00e9dito, ICMS e comunica\u00e7\u00e3o, que se aprofundam nessas tem\u00e1ticas relevantes e se organizam de acordo com as tarefas definidas.\u00a0<\/span><span data-ccp-props=\"{&quot;201341983&quot;:0,&quot;335551550&quot;:6,&quot;335551620&quot;:6,&quot;335559739&quot;:160,&quot;335559740&quot;:360,&quot;469777462&quot;:[2835],&quot;469777927&quot;:[0],&quot;469777928&quot;:[1]}\">\u00a0<\/span><\/p>\n<p><span data-contrast=\"auto\">Visite a\u00a0Energia.coop e conhe\u00e7a mais sobre o GT de GD clicando\u00a0<\/span><span style=\"text-decoration: underline; color: #008080;\"><a style=\"color: #008080; text-decoration: underline;\" href=\"https:\/\/www2.energia.coop\/brasil\/grupo-de-trabalho\/\">aqui<\/a><\/span><span data-contrast=\"auto\">.<\/span><span data-ccp-props=\"{&quot;201341983&quot;:0,&quot;335551550&quot;:6,&quot;335551620&quot;:6,&quot;335559739&quot;:160,&quot;335559740&quot;:360,&quot;469777462&quot;:[2835],&quot;469777927&quot;:[0],&quot;469777928&quot;:[1]}\">\u00a0<\/span><\/p>\n<p>&nbsp;<\/p>\n<hr \/>\n<h3>Saiba mais<\/h3>\n<p><span data-contrast=\"auto\">Confira os resultados da pesquisa da DGRV\u00a0realizada\u00a0em parceria com o\u00a0Instituto Ideal sobre o crescimento do setor de energia cooperativa no Brasil na\u00a0<\/span><span style=\"text-decoration: underline; color: #008080;\"><a style=\"color: #008080; text-decoration: underline;\" href=\"https:\/\/www2.energia.coop\/brasil\/biblioteca\/noticias-externas\/pesquisa-cooperativas-gd-compartilhada-dgrv\/\">not\u00edcia publicada<\/a><\/span><span data-contrast=\"auto\">\u00a0este ano! Al\u00e9m das not\u00edcias,\u00a0a\u00a0plataforma disponibiliza um vasto\u00a0conte\u00fado\u00a0para saber mais sobre Energia Cooperativa.\u00a0<\/span><span data-ccp-props=\"{&quot;201341983&quot;:0,&quot;335551550&quot;:6,&quot;335551620&quot;:6,&quot;335559739&quot;:160,&quot;335559740&quot;:360,&quot;469777462&quot;:[2835],&quot;469777927&quot;:[0],&quot;469777928&quot;:[1]}\">\u00a0<\/span><\/p>\n<p><span data-contrast=\"auto\">Vamos juntos\u00a0fazer parte desta\u00a0importante transforma\u00e7\u00e3o!<\/span><span data-ccp-props=\"{&quot;201341983&quot;:0,&quot;335551550&quot;:6,&quot;335551620&quot;:6,&quot;335559739&quot;:160,&quot;335559740&quot;:360,&quot;469777462&quot;:[2835],&quot;469777927&quot;:[0],&quot;469777928&quot;:[1]}\">\u00a0<\/span><\/p>\n","protected":false},"excerpt":{"rendered":"<p>Em outubro a plataforma Energia.coop celebrou um ano de atividades, gerando conte\u00fado de qualidade e credibilidade sobre o assunto! Saiba mais sobre a plataforma e o Grupo de Trabalho das cooperativas de energia.<\/p>\n","protected":false},"author":2,"featured_media":1488,"comment_status":"open","ping_status":"open","sticky":false,"template":"","format":"standard","meta":{"_acf_changed":false,"footnotes":""},"categories":[44],"tags":[55],"class_list":["post-1300","post","type-post","status-publish","format-standard","has-post-thumbnail","hentry","category-blog","tag-energia-cooperativa"],"acf":[],"yoast_head":"<!-- This site is optimized with the Yoast SEO plugin v27.4 - https:\/\/yoast.com\/product\/yoast-seo-wordpress\/ -->\n<title>Energia.coop completa 1 ano! - Energia Cooperativa<\/title>\n<meta name=\"robots\" content=\"index, follow, max-snippet:-1, max-image-preview:large, max-video-preview:-1\" \/>\n<link rel=\"canonical\" href=\"https:\/\/www2.energia.coop\/brasil\/blog\/energia-coop-completa-1-ano\/\" \/>\n<meta property=\"og:locale\" content=\"pt_BR\" \/>\n<meta property=\"og:type\" content=\"article\" \/>\n<meta property=\"og:title\" content=\"Energia.coop completa 1 ano! - Energia Cooperativa\" \/>\n<meta property=\"og:description\" content=\"Em outubro a plataforma Energia.coop celebrou um ano de atividades, gerando conte\u00fado de qualidade e credibilidade sobre o assunto! Saiba mais sobre a plataforma e o Grupo de Trabalho das cooperativas de energia.\" \/>\n<meta property=\"og:url\" content=\"https:\/\/www2.energia.coop\/brasil\/blog\/energia-coop-completa-1-ano\/\" \/>\n<meta property=\"og:site_name\" content=\"Energia Cooperativa\" \/>\n<meta property=\"article:published_time\" content=\"2021-11-11T18:16:39+00:00\" \/>\n<meta property=\"article:modified_time\" content=\"2022-01-17T18:34:20+00:00\" \/>\n<meta property=\"og:image\" content=\"https:\/\/www2.energia.coop\/brasil\/wp-content\/uploads\/2021\/11\/ilustracoes_bk-1.png\" \/>\n\t<meta property=\"og:image:width\" content=\"1067\" \/>\n\t<meta property=\"og:image:height\" content=\"800\" \/>\n\t<meta property=\"og:image:type\" content=\"image\/png\" \/>\n<meta name=\"author\" content=\"energia\" \/>\n<meta name=\"twitter:card\" content=\"summary_large_image\" \/>\n<meta name=\"twitter:label1\" content=\"Escrito por\" \/>\n\t<meta name=\"twitter:data1\" content=\"energia\" \/>\n\t<meta name=\"twitter:label2\" content=\"Est. tempo de leitura\" \/>\n\t<meta name=\"twitter:data2\" content=\"2 minutos\" \/>\n<script type=\"application\/ld+json\" class=\"yoast-schema-graph\">{\"@context\":\"https:\\\/\\\/schema.org\",\"@graph\":[{\"@type\":\"Article\",\"@id\":\"https:\\\/\\\/www2.energia.coop\\\/brasil\\\/blog\\\/energia-coop-completa-1-ano\\\/#article\",\"isPartOf\":{\"@id\":\"https:\\\/\\\/www2.energia.coop\\\/brasil\\\/blog\\\/energia-coop-completa-1-ano\\\/\"},\"author\":{\"name\":\"energia\",\"@id\":\"https:\\\/\\\/www2.energia.coop\\\/brasil\\\/#\\\/schema\\\/person\\\/697a7871a4ef9404cd3df0f0d84f2ccd\"},\"headline\":\"Energia.coop completa 1 ano!\",\"datePublished\":\"2021-11-11T18:16:39+00:00\",\"dateModified\":\"2022-01-17T18:34:20+00:00\",\"mainEntityOfPage\":{\"@id\":\"https:\\\/\\\/www2.energia.coop\\\/brasil\\\/blog\\\/energia-coop-completa-1-ano\\\/\"},\"wordCount\":426,\"commentCount\":0,\"image\":{\"@id\":\"https:\\\/\\\/www2.energia.coop\\\/brasil\\\/blog\\\/energia-coop-completa-1-ano\\\/#primaryimage\"},\"thumbnailUrl\":\"https:\\\/\\\/www2.energia.coop\\\/brasil\\\/wp-content\\\/uploads\\\/2021\\\/11\\\/ilustracoes_bk-1.png\",\"keywords\":[\"Energia Cooperativa\"],\"articleSection\":[\"Blog\"],\"inLanguage\":\"pt-BR\",\"potentialAction\":[{\"@type\":\"CommentAction\",\"name\":\"Comment\",\"target\":[\"https:\\\/\\\/www2.energia.coop\\\/brasil\\\/blog\\\/energia-coop-completa-1-ano\\\/#respond\"]}]},{\"@type\":\"WebPage\",\"@id\":\"https:\\\/\\\/www2.energia.coop\\\/brasil\\\/blog\\\/energia-coop-completa-1-ano\\\/\",\"url\":\"https:\\\/\\\/www2.energia.coop\\\/brasil\\\/blog\\\/energia-coop-completa-1-ano\\\/\",\"name\":\"Energia.coop completa 1 ano! - Energia Cooperativa\",\"isPartOf\":{\"@id\":\"https:\\\/\\\/www2.energia.coop\\\/brasil\\\/#website\"},\"primaryImageOfPage\":{\"@id\":\"https:\\\/\\\/www2.energia.coop\\\/brasil\\\/blog\\\/energia-coop-completa-1-ano\\\/#primaryimage\"},\"image\":{\"@id\":\"https:\\\/\\\/www2.energia.coop\\\/brasil\\\/blog\\\/energia-coop-completa-1-ano\\\/#primaryimage\"},\"thumbnailUrl\":\"https:\\\/\\\/www2.energia.coop\\\/brasil\\\/wp-content\\\/uploads\\\/2021\\\/11\\\/ilustracoes_bk-1.png\",\"datePublished\":\"2021-11-11T18:16:39+00:00\",\"dateModified\":\"2022-01-17T18:34:20+00:00\",\"author\":{\"@id\":\"https:\\\/\\\/www2.energia.coop\\\/brasil\\\/#\\\/schema\\\/person\\\/697a7871a4ef9404cd3df0f0d84f2ccd\"},\"inLanguage\":\"pt-BR\",\"potentialAction\":[{\"@type\":\"ReadAction\",\"target\":[\"https:\\\/\\\/www2.energia.coop\\\/brasil\\\/blog\\\/energia-coop-completa-1-ano\\\/\"]}]},{\"@type\":\"ImageObject\",\"inLanguage\":\"pt-BR\",\"@id\":\"https:\\\/\\\/www2.energia.coop\\\/brasil\\\/blog\\\/energia-coop-completa-1-ano\\\/#primaryimage\",\"url\":\"https:\\\/\\\/www2.energia.coop\\\/brasil\\\/wp-content\\\/uploads\\\/2021\\\/11\\\/ilustracoes_bk-1.png\",\"contentUrl\":\"https:\\\/\\\/www2.energia.coop\\\/brasil\\\/wp-content\\\/uploads\\\/2021\\\/11\\\/ilustracoes_bk-1.png\",\"width\":1067,\"height\":800},{\"@type\":\"WebSite\",\"@id\":\"https:\\\/\\\/www2.energia.coop\\\/brasil\\\/#website\",\"url\":\"https:\\\/\\\/www2.energia.coop\\\/brasil\\\/\",\"name\":\"Energia Cooperativa\",\"description\":\"\",\"potentialAction\":[{\"@type\":\"SearchAction\",\"target\":{\"@type\":\"EntryPoint\",\"urlTemplate\":\"https:\\\/\\\/www2.energia.coop\\\/brasil\\\/?s={search_term_string}\"},\"query-input\":{\"@type\":\"PropertyValueSpecification\",\"valueRequired\":true,\"valueName\":\"search_term_string\"}}],\"inLanguage\":\"pt-BR\"},{\"@type\":\"Person\",\"@id\":\"https:\\\/\\\/www2.energia.coop\\\/brasil\\\/#\\\/schema\\\/person\\\/697a7871a4ef9404cd3df0f0d84f2ccd\",\"name\":\"energia\",\"image\":{\"@type\":\"ImageObject\",\"inLanguage\":\"pt-BR\",\"@id\":\"https:\\\/\\\/secure.gravatar.com\\\/avatar\\\/1f8d6461d2fb019dc81242feecb0c723ed1144bb91b43857997f664435ea5c52?s=96&d=mm&r=g\",\"url\":\"https:\\\/\\\/secure.gravatar.com\\\/avatar\\\/1f8d6461d2fb019dc81242feecb0c723ed1144bb91b43857997f664435ea5c52?s=96&d=mm&r=g\",\"contentUrl\":\"https:\\\/\\\/secure.gravatar.com\\\/avatar\\\/1f8d6461d2fb019dc81242feecb0c723ed1144bb91b43857997f664435ea5c52?s=96&d=mm&r=g\",\"caption\":\"energia\"},\"url\":\"https:\\\/\\\/www2.energia.coop\\\/brasil\\\/author\\\/energia\\\/\"}]}<\/script>\n<!-- \/ Yoast SEO plugin. -->","yoast_head_json":{"title":"Energia.coop completa 1 ano! - Energia Cooperativa","robots":{"index":"index","follow":"follow","max-snippet":"max-snippet:-1","max-image-preview":"max-image-preview:large","max-video-preview":"max-video-preview:-1"},"canonical":"https:\/\/www2.energia.coop\/brasil\/blog\/energia-coop-completa-1-ano\/","og_locale":"pt_BR","og_type":"article","og_title":"Energia.coop completa 1 ano! - Energia Cooperativa","og_description":"Em outubro a plataforma Energia.coop celebrou um ano de atividades, gerando conte\u00fado de qualidade e credibilidade sobre o assunto! Saiba mais sobre a plataforma e o Grupo de Trabalho das cooperativas de energia.","og_url":"https:\/\/www2.energia.coop\/brasil\/blog\/energia-coop-completa-1-ano\/","og_site_name":"Energia Cooperativa","article_published_time":"2021-11-11T18:16:39+00:00","article_modified_time":"2022-01-17T18:34:20+00:00","og_image":[{"width":1067,"height":800,"url":"https:\/\/www2.energia.coop\/brasil\/wp-content\/uploads\/2021\/11\/ilustracoes_bk-1.png","type":"image\/png"}],"author":"energia","twitter_card":"summary_large_image","twitter_misc":{"Escrito por":"energia","Est. tempo de leitura":"2 minutos"},"schema":{"@context":"https:\/\/schema.org","@graph":[{"@type":"Article","@id":"https:\/\/www2.energia.coop\/brasil\/blog\/energia-coop-completa-1-ano\/#article","isPartOf":{"@id":"https:\/\/www2.energia.coop\/brasil\/blog\/energia-coop-completa-1-ano\/"},"author":{"name":"energia","@id":"https:\/\/www2.energia.coop\/brasil\/#\/schema\/person\/697a7871a4ef9404cd3df0f0d84f2ccd"},"headline":"Energia.coop completa 1 ano!","datePublished":"2021-11-11T18:16:39+00:00","dateModified":"2022-01-17T18:34:20+00:00","mainEntityOfPage":{"@id":"https:\/\/www2.energia.coop\/brasil\/blog\/energia-coop-completa-1-ano\/"},"wordCount":426,"commentCount":0,"image":{"@id":"https:\/\/www2.energia.coop\/brasil\/blog\/energia-coop-completa-1-ano\/#primaryimage"},"thumbnailUrl":"https:\/\/www2.energia.coop\/brasil\/wp-content\/uploads\/2021\/11\/ilustracoes_bk-1.png","keywords":["Energia Cooperativa"],"articleSection":["Blog"],"inLanguage":"pt-BR","potentialAction":[{"@type":"CommentAction","name":"Comment","target":["https:\/\/www2.energia.coop\/brasil\/blog\/energia-coop-completa-1-ano\/#respond"]}]},{"@type":"WebPage","@id":"https:\/\/www2.energia.coop\/brasil\/blog\/energia-coop-completa-1-ano\/","url":"https:\/\/www2.energia.coop\/brasil\/blog\/energia-coop-completa-1-ano\/","name":"Energia.coop completa 1 ano! - Energia Cooperativa","isPartOf":{"@id":"https:\/\/www2.energia.coop\/brasil\/#website"},"primaryImageOfPage":{"@id":"https:\/\/www2.energia.coop\/brasil\/blog\/energia-coop-completa-1-ano\/#primaryimage"},"image":{"@id":"https:\/\/www2.energia.coop\/brasil\/blog\/energia-coop-completa-1-ano\/#primaryimage"},"thumbnailUrl":"https:\/\/www2.energia.coop\/brasil\/wp-content\/uploads\/2021\/11\/ilustracoes_bk-1.png","datePublished":"2021-11-11T18:16:39+00:00","dateModified":"2022-01-17T18:34:20+00:00","author":{"@id":"https:\/\/www2.energia.coop\/brasil\/#\/schema\/person\/697a7871a4ef9404cd3df0f0d84f2ccd"},"inLanguage":"pt-BR","potentialAction":[{"@type":"ReadAction","target":["https:\/\/www2.energia.coop\/brasil\/blog\/energia-coop-completa-1-ano\/"]}]},{"@type":"ImageObject","inLanguage":"pt-BR","@id":"https:\/\/www2.energia.coop\/brasil\/blog\/energia-coop-completa-1-ano\/#primaryimage","url":"https:\/\/www2.energia.coop\/brasil\/wp-content\/uploads\/2021\/11\/ilustracoes_bk-1.png","contentUrl":"https:\/\/www2.energia.coop\/brasil\/wp-content\/uploads\/2021\/11\/ilustracoes_bk-1.png","width":1067,"height":800},{"@type":"WebSite","@id":"https:\/\/www2.energia.coop\/brasil\/#website","url":"https:\/\/www2.energia.coop\/brasil\/","name":"Energia Cooperativa","description":"","potentialAction":[{"@type":"SearchAction","target":{"@type":"EntryPoint","urlTemplate":"https:\/\/www2.energia.coop\/brasil\/?s={search_term_string}"},"query-input":{"@type":"PropertyValueSpecification","valueRequired":true,"valueName":"search_term_string"}}],"inLanguage":"pt-BR"},{"@type":"Person","@id":"https:\/\/www2.energia.coop\/brasil\/#\/schema\/person\/697a7871a4ef9404cd3df0f0d84f2ccd","name":"energia","image":{"@type":"ImageObject","inLanguage":"pt-BR","@id":"https:\/\/secure.gravatar.com\/avatar\/1f8d6461d2fb019dc81242feecb0c723ed1144bb91b43857997f664435ea5c52?s=96&d=mm&r=g","url":"https:\/\/secure.gravatar.com\/avatar\/1f8d6461d2fb019dc81242feecb0c723ed1144bb91b43857997f664435ea5c52?s=96&d=mm&r=g","contentUrl":"https:\/\/secure.gravatar.com\/avatar\/1f8d6461d2fb019dc81242feecb0c723ed1144bb91b43857997f664435ea5c52?s=96&d=mm&r=g","caption":"energia"},"url":"https:\/\/www2.energia.coop\/brasil\/author\/energia\/"}]}},"_links":{"self":[{"href":"https:\/\/www2.energia.coop\/brasil\/wp-json\/wp\/v2\/posts\/1300","targetHints":{"allow":["GET"]}}],"collection":[{"href":"https:\/\/www2.energia.coop\/brasil\/wp-json\/wp\/v2\/posts"}],"about":[{"href":"https:\/\/www2.energia.coop\/brasil\/wp-json\/wp\/v2\/types\/post"}],"author":[{"embeddable":true,"href":"https:\/\/www2.energia.coop\/brasil\/wp-json\/wp\/v2\/users\/2"}],"replies":[{"embeddable":true,"href":"https:\/\/www2.energia.coop\/brasil\/wp-json\/wp\/v2\/comments?post=1300"}],"version-history":[{"count":0,"href":"https:\/\/www2.energia.coop\/brasil\/wp-json\/wp\/v2\/posts\/1300\/revisions"}],"wp:featuredmedia":[{"embeddable":true,"href":"https:\/\/www2.energia.coop\/brasil\/wp-json\/wp\/v2\/media\/1488"}],"wp:attachment":[{"href":"https:\/\/www2.energia.coop\/brasil\/wp-json\/wp\/v2\/media?parent=1300"}],"wp:term":[{"taxonomy":"category","embeddable":true,"href":"https:\/\/www2.energia.coop\/brasil\/wp-json\/wp\/v2\/categories?post=1300"},{"taxonomy":"post_tag","embeddable":true,"href":"https:\/\/www2.energia.coop\/brasil\/wp-json\/wp\/v2\/tags?post=1300"}],"curies":[{"name":"wp","href":"https:\/\/api.w.org\/{rel}","templated":true}]}}