

{"id":118,"date":"2020-08-28T19:15:08","date_gmt":"2020-08-28T22:15:08","guid":{"rendered":"https:\/\/www2.energia.coop\/brasil\/biblioteca\/pergunta-frequente-01-6\/"},"modified":"2024-07-04T14:55:10","modified_gmt":"2024-07-04T17:55:10","slug":"pergunta-frequente-01-6","status":"publish","type":"post","link":"https:\/\/www2.energia.coop\/brasil\/perguntas-frequentes\/pergunta-frequente-01-6\/","title":{"rendered":"Sempre que um novo cooperado ou cooperada entrar na cooperativa, \u00e9 preciso fazer o registro na junta comercial?"},"content":{"rendered":"<p>N\u00e3o. Por\u00e9m \u00e9 necess\u00e1rio que o nome do novo(a) cooperado(a) conste na ata da assembleia geral que informe a sua inclus\u00e3o e para que sua unidade consumidora receba cr\u00e9ditos a cooperativa deve comunicar o agente de distribui\u00e7\u00e3o de energia el\u00e9trica.<\/p>\n","protected":false},"excerpt":{"rendered":"<p>N\u00e3o. Por\u00e9m \u00e9 necess\u00e1rio que o nome do novo(a) cooperado(a) conste na ata da assembleia geral que informe a sua inclus\u00e3o e para que sua unidade consumidora receba cr\u00e9ditos a cooperativa deve comunicar o agente de distribui\u00e7\u00e3o de energia el\u00e9trica.<\/p>\n","protected":false},"author":2,"featured_media":0,"comment_status":"open","ping_status":"open","sticky":false,"template":"","format":"standard","meta":{"_acf_changed":false,"footnotes":""},"categories":[3],"tags":[],"class_list":["post-118","post","type-post","status-publish","format-standard","hentry","category-perguntas-frequentes"],"acf":[],"yoast_head":"<!-- This site is optimized with the Yoast SEO plugin v27.4 - https:\/\/yoast.com\/product\/yoast-seo-wordpress\/ -->\n<title>Sempre que um novo cooperado ou cooperada entrar na cooperativa, \u00e9 preciso fazer o registro na junta comercial? - Energia Cooperativa<\/title>\n<meta name=\"description\" content=\"N\u00e3o. Por\u00e9m \u00e9 necess\u00e1rio que o nome do novo(a) cooperado(a) conste na ata da assembleia geral que informe a sua inclus\u00e3o e para que sua unidade consumidora receba cr\u00e9ditos a cooperativa deve comunicar o agente de distribui\u00e7\u00e3o de energia el\u00e9trica.\" \/>\n<meta name=\"robots\" content=\"index, follow, max-snippet:-1, max-image-preview:large, max-video-preview:-1\" \/>\n<link rel=\"canonical\" href=\"https:\/\/www2.energia.coop\/brasil\/perguntas-frequentes\/pergunta-frequente-01-6\/\" \/>\n<meta property=\"og:locale\" content=\"pt_BR\" \/>\n<meta property=\"og:type\" content=\"article\" \/>\n<meta property=\"og:title\" content=\"Sempre que um novo cooperado ou cooperada entrar na cooperativa, \u00e9 preciso fazer o registro na junta comercial? - Energia Cooperativa\" \/>\n<meta property=\"og:description\" content=\"N\u00e3o. Por\u00e9m \u00e9 necess\u00e1rio que o nome do novo(a) cooperado(a) conste na ata da assembleia geral que informe a sua inclus\u00e3o e para que sua unidade consumidora receba cr\u00e9ditos a cooperativa deve comunicar o agente de distribui\u00e7\u00e3o de energia el\u00e9trica.\" \/>\n<meta property=\"og:url\" content=\"https:\/\/www2.energia.coop\/brasil\/perguntas-frequentes\/pergunta-frequente-01-6\/\" \/>\n<meta property=\"og:site_name\" content=\"Energia Cooperativa\" \/>\n<meta property=\"article:published_time\" content=\"2020-08-28T22:15:08+00:00\" \/>\n<meta property=\"article:modified_time\" content=\"2024-07-04T17:55:10+00:00\" \/>\n<meta name=\"author\" content=\"energia\" \/>\n<meta name=\"twitter:card\" content=\"summary_large_image\" \/>\n<meta name=\"twitter:label1\" content=\"Escrito por\" \/>\n\t<meta name=\"twitter:data1\" content=\"energia\" \/>\n\t<meta name=\"twitter:label2\" content=\"Est. tempo de leitura\" \/>\n\t<meta name=\"twitter:data2\" content=\"1 minuto\" \/>\n<script type=\"application\/ld+json\" class=\"yoast-schema-graph\">{\"@context\":\"https:\\\/\\\/schema.org\",\"@graph\":[{\"@type\":\"Article\",\"@id\":\"https:\\\/\\\/www2.energia.coop\\\/brasil\\\/perguntas-frequentes\\\/pergunta-frequente-01-6\\\/#article\",\"isPartOf\":{\"@id\":\"https:\\\/\\\/www2.energia.coop\\\/brasil\\\/perguntas-frequentes\\\/pergunta-frequente-01-6\\\/\"},\"author\":{\"name\":\"energia\",\"@id\":\"https:\\\/\\\/www2.energia.coop\\\/brasil\\\/#\\\/schema\\\/person\\\/697a7871a4ef9404cd3df0f0d84f2ccd\"},\"headline\":\"Sempre que um novo cooperado ou cooperada entrar na cooperativa, \u00e9 preciso fazer o registro na junta comercial?\",\"datePublished\":\"2020-08-28T22:15:08+00:00\",\"dateModified\":\"2024-07-04T17:55:10+00:00\",\"mainEntityOfPage\":{\"@id\":\"https:\\\/\\\/www2.energia.coop\\\/brasil\\\/perguntas-frequentes\\\/pergunta-frequente-01-6\\\/\"},\"wordCount\":65,\"commentCount\":0,\"articleSection\":[\"Perguntas Frequentes\"],\"inLanguage\":\"pt-BR\",\"potentialAction\":[{\"@type\":\"CommentAction\",\"name\":\"Comment\",\"target\":[\"https:\\\/\\\/www2.energia.coop\\\/brasil\\\/perguntas-frequentes\\\/pergunta-frequente-01-6\\\/#respond\"]}]},{\"@type\":\"WebPage\",\"@id\":\"https:\\\/\\\/www2.energia.coop\\\/brasil\\\/perguntas-frequentes\\\/pergunta-frequente-01-6\\\/\",\"url\":\"https:\\\/\\\/www2.energia.coop\\\/brasil\\\/perguntas-frequentes\\\/pergunta-frequente-01-6\\\/\",\"name\":\"Sempre que um novo cooperado ou cooperada entrar na cooperativa, \u00e9 preciso fazer o registro na junta comercial? - Energia Cooperativa\",\"isPartOf\":{\"@id\":\"https:\\\/\\\/www2.energia.coop\\\/brasil\\\/#website\"},\"datePublished\":\"2020-08-28T22:15:08+00:00\",\"dateModified\":\"2024-07-04T17:55:10+00:00\",\"author\":{\"@id\":\"https:\\\/\\\/www2.energia.coop\\\/brasil\\\/#\\\/schema\\\/person\\\/697a7871a4ef9404cd3df0f0d84f2ccd\"},\"description\":\"N\u00e3o. Por\u00e9m \u00e9 necess\u00e1rio que o nome do novo(a) cooperado(a) conste na ata da assembleia geral que informe a sua inclus\u00e3o e para que sua unidade consumidora receba cr\u00e9ditos a cooperativa deve comunicar o agente de distribui\u00e7\u00e3o de energia el\u00e9trica.\",\"inLanguage\":\"pt-BR\",\"potentialAction\":[{\"@type\":\"ReadAction\",\"target\":[\"https:\\\/\\\/www2.energia.coop\\\/brasil\\\/perguntas-frequentes\\\/pergunta-frequente-01-6\\\/\"]}]},{\"@type\":\"WebSite\",\"@id\":\"https:\\\/\\\/www2.energia.coop\\\/brasil\\\/#website\",\"url\":\"https:\\\/\\\/www2.energia.coop\\\/brasil\\\/\",\"name\":\"Energia Cooperativa\",\"description\":\"\",\"potentialAction\":[{\"@type\":\"SearchAction\",\"target\":{\"@type\":\"EntryPoint\",\"urlTemplate\":\"https:\\\/\\\/www2.energia.coop\\\/brasil\\\/?s={search_term_string}\"},\"query-input\":{\"@type\":\"PropertyValueSpecification\",\"valueRequired\":true,\"valueName\":\"search_term_string\"}}],\"inLanguage\":\"pt-BR\"},{\"@type\":\"Person\",\"@id\":\"https:\\\/\\\/www2.energia.coop\\\/brasil\\\/#\\\/schema\\\/person\\\/697a7871a4ef9404cd3df0f0d84f2ccd\",\"name\":\"energia\",\"image\":{\"@type\":\"ImageObject\",\"inLanguage\":\"pt-BR\",\"@id\":\"https:\\\/\\\/secure.gravatar.com\\\/avatar\\\/1f8d6461d2fb019dc81242feecb0c723ed1144bb91b43857997f664435ea5c52?s=96&d=mm&r=g\",\"url\":\"https:\\\/\\\/secure.gravatar.com\\\/avatar\\\/1f8d6461d2fb019dc81242feecb0c723ed1144bb91b43857997f664435ea5c52?s=96&d=mm&r=g\",\"contentUrl\":\"https:\\\/\\\/secure.gravatar.com\\\/avatar\\\/1f8d6461d2fb019dc81242feecb0c723ed1144bb91b43857997f664435ea5c52?s=96&d=mm&r=g\",\"caption\":\"energia\"},\"url\":\"https:\\\/\\\/www2.energia.coop\\\/brasil\\\/author\\\/energia\\\/\"}]}<\/script>\n<!-- \/ Yoast SEO plugin. -->","yoast_head_json":{"title":"Sempre que um novo cooperado ou cooperada entrar na cooperativa, \u00e9 preciso fazer o registro na junta comercial? - Energia Cooperativa","description":"N\u00e3o. Por\u00e9m \u00e9 necess\u00e1rio que o nome do novo(a) cooperado(a) conste na ata da assembleia geral que informe a sua inclus\u00e3o e para que sua unidade consumidora receba cr\u00e9ditos a cooperativa deve comunicar o agente de distribui\u00e7\u00e3o de energia el\u00e9trica.","robots":{"index":"index","follow":"follow","max-snippet":"max-snippet:-1","max-image-preview":"max-image-preview:large","max-video-preview":"max-video-preview:-1"},"canonical":"https:\/\/www2.energia.coop\/brasil\/perguntas-frequentes\/pergunta-frequente-01-6\/","og_locale":"pt_BR","og_type":"article","og_title":"Sempre que um novo cooperado ou cooperada entrar na cooperativa, \u00e9 preciso fazer o registro na junta comercial? - Energia Cooperativa","og_description":"N\u00e3o. Por\u00e9m \u00e9 necess\u00e1rio que o nome do novo(a) cooperado(a) conste na ata da assembleia geral que informe a sua inclus\u00e3o e para que sua unidade consumidora receba cr\u00e9ditos a cooperativa deve comunicar o agente de distribui\u00e7\u00e3o de energia el\u00e9trica.","og_url":"https:\/\/www2.energia.coop\/brasil\/perguntas-frequentes\/pergunta-frequente-01-6\/","og_site_name":"Energia Cooperativa","article_published_time":"2020-08-28T22:15:08+00:00","article_modified_time":"2024-07-04T17:55:10+00:00","author":"energia","twitter_card":"summary_large_image","twitter_misc":{"Escrito por":"energia","Est. tempo de leitura":"1 minuto"},"schema":{"@context":"https:\/\/schema.org","@graph":[{"@type":"Article","@id":"https:\/\/www2.energia.coop\/brasil\/perguntas-frequentes\/pergunta-frequente-01-6\/#article","isPartOf":{"@id":"https:\/\/www2.energia.coop\/brasil\/perguntas-frequentes\/pergunta-frequente-01-6\/"},"author":{"name":"energia","@id":"https:\/\/www2.energia.coop\/brasil\/#\/schema\/person\/697a7871a4ef9404cd3df0f0d84f2ccd"},"headline":"Sempre que um novo cooperado ou cooperada entrar na cooperativa, \u00e9 preciso fazer o registro na junta comercial?","datePublished":"2020-08-28T22:15:08+00:00","dateModified":"2024-07-04T17:55:10+00:00","mainEntityOfPage":{"@id":"https:\/\/www2.energia.coop\/brasil\/perguntas-frequentes\/pergunta-frequente-01-6\/"},"wordCount":65,"commentCount":0,"articleSection":["Perguntas Frequentes"],"inLanguage":"pt-BR","potentialAction":[{"@type":"CommentAction","name":"Comment","target":["https:\/\/www2.energia.coop\/brasil\/perguntas-frequentes\/pergunta-frequente-01-6\/#respond"]}]},{"@type":"WebPage","@id":"https:\/\/www2.energia.coop\/brasil\/perguntas-frequentes\/pergunta-frequente-01-6\/","url":"https:\/\/www2.energia.coop\/brasil\/perguntas-frequentes\/pergunta-frequente-01-6\/","name":"Sempre que um novo cooperado ou cooperada entrar na cooperativa, \u00e9 preciso fazer o registro na junta comercial? - Energia Cooperativa","isPartOf":{"@id":"https:\/\/www2.energia.coop\/brasil\/#website"},"datePublished":"2020-08-28T22:15:08+00:00","dateModified":"2024-07-04T17:55:10+00:00","author":{"@id":"https:\/\/www2.energia.coop\/brasil\/#\/schema\/person\/697a7871a4ef9404cd3df0f0d84f2ccd"},"description":"N\u00e3o. Por\u00e9m \u00e9 necess\u00e1rio que o nome do novo(a) cooperado(a) conste na ata da assembleia geral que informe a sua inclus\u00e3o e para que sua unidade consumidora receba cr\u00e9ditos a cooperativa deve comunicar o agente de distribui\u00e7\u00e3o de energia el\u00e9trica.","inLanguage":"pt-BR","potentialAction":[{"@type":"ReadAction","target":["https:\/\/www2.energia.coop\/brasil\/perguntas-frequentes\/pergunta-frequente-01-6\/"]}]},{"@type":"WebSite","@id":"https:\/\/www2.energia.coop\/brasil\/#website","url":"https:\/\/www2.energia.coop\/brasil\/","name":"Energia Cooperativa","description":"","potentialAction":[{"@type":"SearchAction","target":{"@type":"EntryPoint","urlTemplate":"https:\/\/www2.energia.coop\/brasil\/?s={search_term_string}"},"query-input":{"@type":"PropertyValueSpecification","valueRequired":true,"valueName":"search_term_string"}}],"inLanguage":"pt-BR"},{"@type":"Person","@id":"https:\/\/www2.energia.coop\/brasil\/#\/schema\/person\/697a7871a4ef9404cd3df0f0d84f2ccd","name":"energia","image":{"@type":"ImageObject","inLanguage":"pt-BR","@id":"https:\/\/secure.gravatar.com\/avatar\/1f8d6461d2fb019dc81242feecb0c723ed1144bb91b43857997f664435ea5c52?s=96&d=mm&r=g","url":"https:\/\/secure.gravatar.com\/avatar\/1f8d6461d2fb019dc81242feecb0c723ed1144bb91b43857997f664435ea5c52?s=96&d=mm&r=g","contentUrl":"https:\/\/secure.gravatar.com\/avatar\/1f8d6461d2fb019dc81242feecb0c723ed1144bb91b43857997f664435ea5c52?s=96&d=mm&r=g","caption":"energia"},"url":"https:\/\/www2.energia.coop\/brasil\/author\/energia\/"}]}},"_links":{"self":[{"href":"https:\/\/www2.energia.coop\/brasil\/wp-json\/wp\/v2\/posts\/118","targetHints":{"allow":["GET"]}}],"collection":[{"href":"https:\/\/www2.energia.coop\/brasil\/wp-json\/wp\/v2\/posts"}],"about":[{"href":"https:\/\/www2.energia.coop\/brasil\/wp-json\/wp\/v2\/types\/post"}],"author":[{"embeddable":true,"href":"https:\/\/www2.energia.coop\/brasil\/wp-json\/wp\/v2\/users\/2"}],"replies":[{"embeddable":true,"href":"https:\/\/www2.energia.coop\/brasil\/wp-json\/wp\/v2\/comments?post=118"}],"version-history":[{"count":0,"href":"https:\/\/www2.energia.coop\/brasil\/wp-json\/wp\/v2\/posts\/118\/revisions"}],"wp:attachment":[{"href":"https:\/\/www2.energia.coop\/brasil\/wp-json\/wp\/v2\/media?parent=118"}],"wp:term":[{"taxonomy":"category","embeddable":true,"href":"https:\/\/www2.energia.coop\/brasil\/wp-json\/wp\/v2\/categories?post=118"},{"taxonomy":"post_tag","embeddable":true,"href":"https:\/\/www2.energia.coop\/brasil\/wp-json\/wp\/v2\/tags?post=118"}],"curies":[{"name":"wp","href":"https:\/\/api.w.org\/{rel}","templated":true}]}}